{"id":46795,"date":"2024-11-20T11:41:11","date_gmt":"2024-11-20T11:41:11","guid":{"rendered":"https:\/\/dekkbi.com\/?p=46795"},"modified":"2024-11-20T12:38:29","modified_gmt":"2024-11-20T12:38:29","slug":"littoral-de-dakar-letat-retire-les-10-000-m2-attribues-a-un-homme-daffaires-israelien-sous-macky","status":"publish","type":"post","link":"https:\/\/dekkbi.com\/?p=46795","title":{"rendered":"Littoral de Dakar: L&rsquo;Etat retire les 10.000 m2 attribu\u00e9s \u00e0 un homme d&rsquo;affaires Isra\u00e9lien sous Macky"},"content":{"rendered":"\n<p>IGFM &#8211; (Dakar) Le terrain de 10.000 m\u00e8tres carr\u00e9s offerts, jadis par le r\u00e9gime de Macky Sall, \u00e0 l&rsquo;homme d&rsquo;affaires Isra\u00e9lien Ron Yeffet, a \u00e9t\u00e9 repris par le nouveau r\u00e9gime.<\/p>\n\n\n\n<p>Le nouveau r\u00e9gime est en train de proc\u00e9der \u00e0 la r\u00e9vocation des 10 000 m\u00e8tres carr\u00e9s attribu\u00e9s par l\u2019ancien r\u00e9gime \u00e0 Rone Yeffet. &nbsp;Selon Lib\u00e9ration, l\u2019homme d\u2019affaires avait pr\u00e9vu d&rsquo;y \u00e9riger des appartements de luxe, avec vue sur mer, qui allaient \u00eatre vendus a prix d&rsquo;or.<br><br>Mais, c&rsquo;\u00e9tait sans compter avec le changement de r\u00e9gime intervenu le 24 mars dernier. En effet, d\u00e8s les premi\u00e8res v\u00e9rifications sur certaines grosses attributions fonci\u00e8res, les nouvelles autorit\u00e9s ont arr\u00eat\u00e9 le chantier. Le bail dont avait b\u00e9n\u00e9fici\u00e9 Ron Yeffet est en cours de r\u00e9vocation.<br><br>Selon toujours Le Journal, l&rsquo;Etat a aussi lanc\u00e9 une offensive pour r\u00e9cup\u00e9rer plusieurs de ses biens c\u00e9d\u00e9s sous forme de baux emphyt\u00e9otiques. Parmi ces derniers, un immeuble situ\u00e9 au num\u00e9ro 37 de l&rsquo;Avenue Pasteur \u00e0 Dakar, la villa n\u00b0 6 du quartier St\u00e8le Mermoz \u00e0 Dakar, l&rsquo;immeuble situ\u00e9 au quartier Fann R\u00e9sidence etc.<\/p>\n","protected":false},"excerpt":{"rendered":"<p>IGFM &#8211; (Dakar) Le terrain de 10.000 m\u00e8tres carr\u00e9s offerts, jadis par le r\u00e9gime de Macky Sall, \u00e0 l&rsquo;homme d&rsquo;affaires<\/p>\n","protected":false},"author":1,"featured_media":46832,"comment_status":"open","ping_status":"open","sticky":false,"template":"","format":"standard","meta":{"footnotes":""},"categories":[6],"tags":[],"class_list":["post-46795","post","type-post","status-publish","format-standard","has-post-thumbnail","hentry","category-politics"],"_links":{"self":[{"href":"https:\/\/dekkbi.com\/index.php?rest_route=\/wp\/v2\/posts\/46795","targetHints":{"allow":["GET"]}}],"collection":[{"href":"https:\/\/dekkbi.com\/index.php?rest_route=\/wp\/v2\/posts"}],"about":[{"href":"https:\/\/dekkbi.com\/index.php?rest_route=\/wp\/v2\/types\/post"}],"author":[{"embeddable":true,"href":"https:\/\/dekkbi.com\/index.php?rest_route=\/wp\/v2\/users\/1"}],"replies":[{"embeddable":true,"href":"https:\/\/dekkbi.com\/index.php?rest_route=%2Fwp%2Fv2%2Fcomments&post=46795"}],"version-history":[{"count":4,"href":"https:\/\/dekkbi.com\/index.php?rest_route=\/wp\/v2\/posts\/46795\/revisions"}],"predecessor-version":[{"id":46802,"href":"https:\/\/dekkbi.com\/index.php?rest_route=\/wp\/v2\/posts\/46795\/revisions\/46802"}],"wp:featuredmedia":[{"embeddable":true,"href":"https:\/\/dekkbi.com\/index.php?rest_route=\/wp\/v2\/media\/46832"}],"wp:attachment":[{"href":"https:\/\/dekkbi.com\/index.php?rest_route=%2Fwp%2Fv2%2Fmedia&parent=46795"}],"wp:term":[{"taxonomy":"category","embeddable":true,"href":"https:\/\/dekkbi.com\/index.php?rest_route=%2Fwp%2Fv2%2Fcategories&post=46795"},{"taxonomy":"post_tag","embeddable":true,"href":"https:\/\/dekkbi.com\/index.php?rest_route=%2Fwp%2Fv2%2Ftags&post=46795"}],"curies":[{"name":"wp","href":"https:\/\/api.w.org\/{rel}","templated":true}]}}