{"id":46774,"date":"2024-11-20T10:46:07","date_gmt":"2024-11-20T10:46:07","guid":{"rendered":"https:\/\/dekkbi.com\/?p=46774"},"modified":"2024-11-20T10:46:07","modified_gmt":"2024-11-20T10:46:07","slug":"declaration-de-patrimoine-sonko-et-ses-ministres-en-regle","status":"publish","type":"post","link":"https:\/\/dekkbi.com\/?p=46774","title":{"rendered":"D\u00e9claration de patrimoine : Sonko et ses ministres en r\u00e8gle"},"content":{"rendered":"\n<p><strong>Le Premier ministre et tous les membres de son gouvernement ont fait leurs d\u00e9clarations de patrimoine. L\u2019annonce a \u00e9t\u00e9 faite par l\u2019Office nationale de lutte contre la fraude et la corruption (OFNAC), lors d\u2019une rencontre d\u2019\u00e9changes avec des journalistes qu\u2019elle a organis\u00e9 avec Amnesty international, hier mardi.&nbsp;<\/strong><\/p>\n\n\n\n<p><em>\u00abLe Premier ministre, Ousmane Sonko, et tous les ministres de r\u00e9gime ont leurs d\u00e9clarations de patrimoine\u00bb,<\/em>&nbsp;a dit la chef de Division r\u00e9ception et traitement des d\u00e9clarations de patrimoines \u00e0 l\u2019Office nationale de lutte contre la fraude et la corruption (OFNAC), Aminatou Diop, sans \u00e9voquer le contenu de ces d\u00e9clarations, conform\u00e9ment aux exigences de sa structure. Elle a pris part hier, mardi 19 novembre \u00e0 un s\u00e9minaire de formation des journalistes sur la pr\u00e9vention et la lutte contre la corruption organis\u00e9e par Amnesty international et l\u2019OFNAC. Mieux, s\u2019agissant du Premier ministre, Ousmane Sonko, elle informe&nbsp;<em>\u00abqu\u2019il a fait sa d\u00e9claration en entrant \u00e0 la mairie de Ziguinchor et quand il quittait son poste. Devenu Premier ministre, il s\u2019est aussi soumis \u00e0 la loi\u00bb<\/em>.<\/p>\n\n\n\n<p>Lors de cette rencontre avec les journalistes, il est ressorti des discussions avec les responsables de l\u2019OFNAC que la grande corruption concerne les hautes autorit\u00e9s de la R\u00e9publique et il n\u2019existe pas assez souvent de preuves pour l\u2019attester. Ce qui limite la r\u00e9pression. Pis, ces personnes qui ont eu \u00e0 exercer de hautes responsabilit\u00e9s, ne peuvent \u00eatre jug\u00e9es que par la Haute cour de justice. Le pool judiciaire financier, nouvellement, cr\u00e9er ne peut pas se valoir de cette pr\u00e9rogative. Le panel a aussi rappel\u00e9 la difficult\u00e9 de localiser les avoirs criminels. Ils ne font l\u2019objet d\u2019aucune tra\u00e7abilit\u00e9.<\/p>\n\n\n\n<p>Pour le pr\u00e9sident d\u2019Amnesty international S\u00e9n\u00e9gal, Pape Di\u00e9ne Diop,&nbsp;<em>\u00abla corruption a un effet d\u00e9vastateur sur les institutions publiques et sur la capacit\u00e9 des \u00c9tats \u00e0 respecter, prot\u00e9ger et r\u00e9aliser les droits humains, en particulier ceux des personnes et groupes en situation de vuln\u00e9rabilit\u00e9 et de marginalisation\u00bb<\/em>. Pis ajoute-t-il,&nbsp;<em>\u00abla corruption et les flux financiers illicites qui y sont associ\u00e9s, constituent un d\u00e9fi majeur pour de nombreuses soci\u00e9t\u00e9s, car ils d\u00e9tournent les recettes publiques et compromettent les budgets publics qui devraient assurer les soins de sant\u00e9, le logement, l\u2019\u00e9ducation et d\u2019autres services essentiels\u00bb.<\/em><\/p>\n\n\n\n<p>Il trouve, en outre,&nbsp;<em>\u00abqu\u2019ils compromettent la capacit\u00e9 des \u00c9tats \u00e0 respecter leurs obligations fondamentales minimum et leurs obligations juridiques pr\u00e9existantes de tirer le meilleur profit de toutes les ressources disponibles pour respecter, prot\u00e9ger et mettre en \u0153uvre les droits \u00e9conomiques, sociaux et culturels. La corruption fragilise en outre le fonctionnement et la l\u00e9gitimit\u00e9 des institutions et des processus, l\u2019\u00e9tat de droit et, en d\u00e9finitive, l\u2019\u00c9tat lui-m\u00eame\u00bb<\/em>.<\/p>\n\n\n\n<p><strong>Fatou NDIAYE<\/strong><br>SUDQUOTIDIEN<\/p>\n","protected":false},"excerpt":{"rendered":"<p>Le Premier ministre et tous les membres de son gouvernement ont fait leurs d\u00e9clarations de patrimoine. L\u2019annonce a \u00e9t\u00e9 faite<\/p>\n","protected":false},"author":1,"featured_media":42022,"comment_status":"open","ping_status":"open","sticky":false,"template":"","format":"standard","meta":{"footnotes":""},"categories":[6],"tags":[],"class_list":["post-46774","post","type-post","status-publish","format-standard","has-post-thumbnail","hentry","category-politics"],"_links":{"self":[{"href":"https:\/\/dekkbi.com\/index.php?rest_route=\/wp\/v2\/posts\/46774","targetHints":{"allow":["GET"]}}],"collection":[{"href":"https:\/\/dekkbi.com\/index.php?rest_route=\/wp\/v2\/posts"}],"about":[{"href":"https:\/\/dekkbi.com\/index.php?rest_route=\/wp\/v2\/types\/post"}],"author":[{"embeddable":true,"href":"https:\/\/dekkbi.com\/index.php?rest_route=\/wp\/v2\/users\/1"}],"replies":[{"embeddable":true,"href":"https:\/\/dekkbi.com\/index.php?rest_route=%2Fwp%2Fv2%2Fcomments&post=46774"}],"version-history":[{"count":1,"href":"https:\/\/dekkbi.com\/index.php?rest_route=\/wp\/v2\/posts\/46774\/revisions"}],"predecessor-version":[{"id":46775,"href":"https:\/\/dekkbi.com\/index.php?rest_route=\/wp\/v2\/posts\/46774\/revisions\/46775"}],"wp:featuredmedia":[{"embeddable":true,"href":"https:\/\/dekkbi.com\/index.php?rest_route=\/wp\/v2\/media\/42022"}],"wp:attachment":[{"href":"https:\/\/dekkbi.com\/index.php?rest_route=%2Fwp%2Fv2%2Fmedia&parent=46774"}],"wp:term":[{"taxonomy":"category","embeddable":true,"href":"https:\/\/dekkbi.com\/index.php?rest_route=%2Fwp%2Fv2%2Fcategories&post=46774"},{"taxonomy":"post_tag","embeddable":true,"href":"https:\/\/dekkbi.com\/index.php?rest_route=%2Fwp%2Fv2%2Ftags&post=46774"}],"curies":[{"name":"wp","href":"https:\/\/api.w.org\/{rel}","templated":true}]}}