{"id":46741,"date":"2024-11-19T11:30:15","date_gmt":"2024-11-19T11:30:15","guid":{"rendered":"https:\/\/dekkbi.com\/?p=46741"},"modified":"2024-11-19T11:32:02","modified_gmt":"2024-11-19T11:32:02","slug":"coupe-davis-pour-nadal-lheure-des-ultimes-envolees-ou-du-dernier-carre","status":"publish","type":"post","link":"https:\/\/dekkbi.com\/?p=46741","title":{"rendered":"Coupe Davis: pour Nadal, l&rsquo;heure des ultimes envol\u00e9es"},"content":{"rendered":"\n<p>Par Damien GAUDISSART  &#8211; \u00a9 2024 AFP . Point final ou demi-finale? Sur le banc ou sur le court? Rafael Nadal, dont la carri\u00e8re professionnelle pourrait prendre fin mardi \u00e0 Malaga apr\u00e8s 23 ann\u00e9es pass\u00e9es sur le circuit, s&rsquo;appr\u00eate \u00e0 vivre une journ\u00e9e aussi incertaine qu&rsquo;\u00e9mouvante.<\/p>\n\n\n\n<p>Depuis qu&rsquo;il a annonc\u00e9 en octobre qu&rsquo;il rangerait les raquettes \u00e0 l&rsquo;issue de la phase finale de la Coupe Davis, qui commence mardi par un quart de finale entre l&rsquo;Espagne et les Pays-Bas, le vainqueur de 22 tournois du Grand Chelem est au centre d&rsquo;intenses sp\u00e9culations.<\/p>\n\n\n\n<p>D&rsquo;abord sur son \u00e9tat de forme, apr\u00e8s avoir tr\u00e8s peu jou\u00e9 cette saison.<\/p>\n\n\n\n<p>\u00ab\u00a0J&rsquo;ai essay\u00e9 de travailler aussi dur que possible ce dernier mois et demi\u00a0\u00bb, a-t-il fait valoir lundi.<\/p>\n\n\n\n<p>\u00ab\u00a0Bien s\u00fbr, quand tu ne joues pas beaucoup de matchs, c&rsquo;est un peu plus difficile de garder un niveau constant\u00a0\u00bb, a ajout\u00e9 celui qui n&rsquo;a plus disput\u00e9 de partie officielle depuis les Jeux olympiques de Paris cet \u00e9t\u00e9.<\/p>\n\n\n\n<p>Mais \u00ab\u00a0je pense que je m&rsquo;am\u00e9liore chaque jour\u00a0\u00bb, a conclu le gaucher de Manacor, dont la carri\u00e8re a \u00e9t\u00e9 \u00e9maill\u00e9e d&rsquo;innombrables blessures.<\/p>\n\n\n\n<p>Au point d&rsquo;\u00eatre align\u00e9 mardi contre les Pays-Bas ? \u00ab\u00a0Vous le saurez demain (mardi, NDLR)\u00a0\u00bb, a esquiv\u00e9 lundi le capitaine espagnol David Ferrer.<\/p>\n\n\n\n<p>Pour Nadal, la priorit\u00e9 est que l&rsquo;Espagne soit \u00ab\u00a0comp\u00e9titive\u00a0\u00bb pour pouvoir briguer un 7e Saladier d&rsquo;argent, que convoitent \u00e9galement l&rsquo;Italie du N.1 mondial Jannik Sinner ou les Etats-Unis de Taylor Fritz (4e), Tommy Paul (12e) et Ben Shelton (21e).<\/p>\n\n\n\n<p>Sur les six sacres des Ib\u00e8res, le Majorquin de 38 ans a particip\u00e9 \u00e0 cinq campagnes victorieuses (2004, 2008, 2009, 2011, 2019) mais n&rsquo;ayant pas jou\u00e9 la finale en 2008, il ne compte \u00e0 son palmar\u00e8s que quatre Saladiers d&rsquo;argent.<\/p>\n\n\n\n<p>En simple, il ne compte qu&rsquo;une seule d\u00e9faite en Coupe Davis, contre le Tch\u00e8que Jiri Novak en 2004, pour 29 victoires.<\/p>\n\n\n\n<p>Avec un tel bilan, des matchs qui se joueront \u00e0 guichets ferm\u00e9s et la pr\u00e9sence \u00e9voqu\u00e9e de Roger Federer, Novak Djokovic ou Andy Murray, faire jouer Nadal ne para\u00eet pas relever d&rsquo;un favoritisme forcen\u00e9.<\/p>\n\n\n\n<p>Des portes de l&rsquo;a\u00e9roport au stade d&rsquo;athl\u00e9tisme municipal qui fait face au site de la phase finale en passant par les stations de m\u00e9tro, Malaga tout enti\u00e8re a d\u00e9j\u00e0 commenc\u00e9 \u00e0 rendre hommage au h\u00e9ros national, \u00e0 grand renfort de \u00ab\u00a0Gracias Rafa\u00a0\u00bb (Merci Rafa).<\/p>\n\n\n\n<h2 class=\"wp-block-heading\">\u00ab\u00a0Un bel +adios+\u00a0\u00bb<\/h2>\n\n\n\n<p>Directeur de la Coupe Davis, Feliciano Lopez a promis de pr\u00e9parer \u00ab\u00a0quelque chose de tr\u00e8s sp\u00e9cial\u00a0\u00bb pour le roi de la terre battue, quatorze fois vainqueur de Roland-Garros.<\/p>\n\n\n\n<p>\u00ab\u00a0Nous devons c\u00e9l\u00e9brer sa carri\u00e8re et son h\u00e9ritage\u00a0\u00bb, a-t-il insist\u00e9.<\/p>\n\n\n\n<p>Nadal a d\u00e9j\u00e0 re\u00e7u mardi l&rsquo;hommage public de son ami et ancien rival Roger Federer.<\/p>\n\n\n\n<p>\u00ab\u00a0Tu m&rsquo;as fait travailler plus dur que je ne l&rsquo;aurais jamais imagin\u00e9 (&#8230;) Tu m&rsquo;as forc\u00e9 \u00e0 r\u00e9inventer mon jeu (&#8230;) Quelle carri\u00e8re incroyable tu as eue\u00a0\u00bb, l&rsquo;a f\u00e9licit\u00e9 l&rsquo;ex-N.1 mondial suisse sur les r\u00e9seaux sociaux.<\/p>\n\n\n\n<p>\u00ab\u00a0Tu as rendu l&rsquo;Espagne fi\u00e8re&#8230; tu as rendu fier le monde du tennis tout entier\u00a0\u00bb, l&rsquo;a-t-il encore compliment\u00e9, deux ans apr\u00e8s avoir \u00e9t\u00e9 le premier joueur du Big 3 (Federer, Nadal et Djokovic) \u00e0 ranger ses raquettes.<\/p>\n\n\n\n<p>M\u00eame s&rsquo;ils ont perdu six de leur huit confrontations contre l&rsquo;Espagne, les N\u00e9erlandais esp\u00e8rent n\u00e9anmoins offrir \u00e0 Nadal \u00ab\u00a0un bel +adios+\u00a0\u00bb, a plaisant\u00e9 leur capitaine Paul Haarhuis.<\/p>\n\n\n\n<p>Malgr\u00e9 l&rsquo;effervescence autour du Majorquin, \u00ab\u00a0on doit se concentrer sur nous-m\u00eames\u00a0\u00bb, a-t-il insist\u00e9. \u00ab\u00a0C&rsquo;est la Coupe Davis, tout peut arriver. Si on joue bien, on a le sentiment qu&rsquo;on peut battre n&rsquo;importe qui\u00a0\u00bb, a-t-il ajout\u00e9.<\/p>\n\n\n\n<p>En plus de Tallon Griekspoor (40e) et Botic van de Zandschulp (80e) en simple, le capitaine n\u00e9erlandais peut compter sur le sp\u00e9cialiste du double Wesley Koolhof, pr\u00e9sent la semaine derni\u00e8re au Masters ATP de Turin et r\u00e9cent vainqueur du Masters 1000 de Paris avec le Croate Nikola Mektic.<\/p>\n\n\n\n<p>En face, l&rsquo;Espagne dispose aussi du N.3 mondial Carlos Alcaraz, de Pedro Martinez (41e) et de Roberto Bautista Agut (46e). David Ferrer a aussi convoqu\u00e9 l&rsquo;ex-N.1 mondial en double Marcel Granollers.<\/p>\n\n\n\n<p>\u00ab\u00a0Je ne veux pas placer d&rsquo;attentes particuli\u00e8res\u00a0\u00bb dans la journ\u00e9e de mardi, a d\u00e9clar\u00e9 lundi Alcaraz. \u00ab\u00a0Mais c&rsquo;est s\u00fbr que pour moi, pour l&rsquo;\u00e9quipe et pour tout le monde en Espagne, \u00e7a va \u00eatre une journ\u00e9e \u00e9mouvante\u00a0\u00bb. <\/p>\n\n\n\n<p><\/p>\n","protected":false},"excerpt":{"rendered":"<p>Par Damien GAUDISSART &#8211; \u00a9 2024 AFP . Point final ou demi-finale? Sur le banc ou sur le court? Rafael<\/p>\n","protected":false},"author":1,"featured_media":46742,"comment_status":"open","ping_status":"open","sticky":false,"template":"","format":"standard","meta":{"footnotes":""},"categories":[9],"tags":[],"class_list":["post-46741","post","type-post","status-publish","format-standard","has-post-thumbnail","hentry","category-sports"],"_links":{"self":[{"href":"https:\/\/dekkbi.com\/index.php?rest_route=\/wp\/v2\/posts\/46741","targetHints":{"allow":["GET"]}}],"collection":[{"href":"https:\/\/dekkbi.com\/index.php?rest_route=\/wp\/v2\/posts"}],"about":[{"href":"https:\/\/dekkbi.com\/index.php?rest_route=\/wp\/v2\/types\/post"}],"author":[{"embeddable":true,"href":"https:\/\/dekkbi.com\/index.php?rest_route=\/wp\/v2\/users\/1"}],"replies":[{"embeddable":true,"href":"https:\/\/dekkbi.com\/index.php?rest_route=%2Fwp%2Fv2%2Fcomments&post=46741"}],"version-history":[{"count":4,"href":"https:\/\/dekkbi.com\/index.php?rest_route=\/wp\/v2\/posts\/46741\/revisions"}],"predecessor-version":[{"id":46746,"href":"https:\/\/dekkbi.com\/index.php?rest_route=\/wp\/v2\/posts\/46741\/revisions\/46746"}],"wp:featuredmedia":[{"embeddable":true,"href":"https:\/\/dekkbi.com\/index.php?rest_route=\/wp\/v2\/media\/46742"}],"wp:attachment":[{"href":"https:\/\/dekkbi.com\/index.php?rest_route=%2Fwp%2Fv2%2Fmedia&parent=46741"}],"wp:term":[{"taxonomy":"category","embeddable":true,"href":"https:\/\/dekkbi.com\/index.php?rest_route=%2Fwp%2Fv2%2Fcategories&post=46741"},{"taxonomy":"post_tag","embeddable":true,"href":"https:\/\/dekkbi.com\/index.php?rest_route=%2Fwp%2Fv2%2Ftags&post=46741"}],"curies":[{"name":"wp","href":"https:\/\/api.w.org\/{rel}","templated":true}]}}