{"id":4669,"date":"2022-12-12T11:13:07","date_gmt":"2022-12-12T11:13:07","guid":{"rendered":"https:\/\/dekkbi.com\/?p=4669"},"modified":"2022-12-12T11:13:09","modified_gmt":"2022-12-12T11:13:09","slug":"soupcons-de-corruption-au-parlement-europeen-le-choc-et-des-questions","status":"publish","type":"post","link":"https:\/\/dekkbi.com\/?p=4669","title":{"rendered":"Soup\u00e7ons de corruption au Parlement europ\u00e9en: le choc et des questions"},"content":{"rendered":"\n<p>Apr\u00e8s\u00a0la r\u00e9v\u00e9lation d&rsquo;une affaire de corruption de grande ampleur entre des eurod\u00e9put\u00e9s et le Qatar, qui a notamment conduit \u00e0 l&rsquo;inculpation de la vice-pr\u00e9sidente du Parlement, Eva Kaili, les interrogations se multiplient. \u00c0 Strasbourg, la session parlementaire qui s&rsquo;ouvre ce lundi risque d&rsquo;\u00eatre mouvement\u00e9e.<\/p>\n\n\n\n<p>SOURCE RFI<\/p>\n\n\n\n<p>Apr\u00e8s le choc,les questions se bousculent au lendemain de\u00a0l&rsquo;inculpation et de l&rsquo;arrestation dimanche, \u00e0 Bruxelles, de\u00a0<strong>la vice-pr\u00e9sidente du Parlement, la Grecque Eva Kaili<\/strong>\u00a0pour des faits pr\u00e9sum\u00e9s de \u00ab\u00a0corruption\u00a0\u00bb.\u00a0Qui \u00e9tait au courant ? Comment la proc\u00e9dure judiciaire va-t-elle se d\u00e9rouler ?\u00a0<\/p>\n\n\n\n<p>\u00ab<em>&nbsp;Une enqu\u00eate est en cours et nous la suivons&nbsp;<\/em>\u00bb, a pr\u00e9cis\u00e9, prudent, le chef de la diplomatie europ\u00e9enne Josep Borrell,&nbsp;jugeant&nbsp;\u00ab&nbsp;<em>tr\u00e8s pr\u00e9occupantes<\/em>&nbsp;\u00bb&nbsp;les informations sur cette affaire alors que l&rsquo;onde de choc continue&nbsp;de s&rsquo;\u00e9tendre.<\/p>\n\n\n\n<h2 class=\"wp-block-heading\">\u00ab<em>&nbsp;Un incident incroyable qui doit \u00eatre \u00e9lucid\u00e9<\/em>&nbsp;\u00bb<\/h2>\n\n\n\n<p>\u00ab<em>&nbsp;Il s&rsquo;agit vraiment d&rsquo;un incident incroyable qui doit maintenant \u00eatre \u00e9lucid\u00e9 sans \u00e9quivoque et avec toute la rigueur de la loi, car il en va aussi et surtout de la cr\u00e9dibilit\u00e9 de l&rsquo;Europe&nbsp;<\/em>\u00bb, a de son c\u00f4t\u00e9 estim\u00e9 la ministre allemande des Affaires \u00e9trang\u00e8res, Annalena Baerbock. \u00ab&nbsp;<em>C&rsquo;est un scandale sur lequel nous devons faire \u00e9clater la v\u00e9rit\u00e9 afin que nous puissions nous assurer que cela ne se reproduise pas<\/em>&nbsp;\u00bb, a pour sa part insist\u00e9 le chef de la diplomatie irlandaise Simon Coveney.&nbsp;<\/p>\n\n\n\n<p>L&rsquo;affaire porte sur de gros versements qu&rsquo;aurait effectu\u00e9s le Qatar pour influencer des d\u00e9cisions au sein de cette grande institution de l&rsquo;Union europ\u00e9enne. Trois autres personnes ont \u00e9t\u00e9 \u00e9galement \u00e9crou\u00e9es par la justice belge, deux jours apr\u00e8s leur interpellation.&nbsp;Selon la presse belge, l&rsquo;ancien eurod\u00e9put\u00e9 italien Pier-Antonio Panzeri, d\u00e9sormais \u00e0 la t\u00eate de l&rsquo;ONG Fight Impunity, a lui aussi \u00e9t\u00e9 \u00e9crou\u00e9 dimanche.<\/p>\n\n\n\n<p>Ce lundi, l&rsquo;Autorit\u00e9 grecque de lutte contre le blanchiment d&rsquo;argent a annonc\u00e9&nbsp; geler tous les avoirs d&rsquo;Eva Kaili.&nbsp;<\/p>\n\n\n\n<p><\/p>\n\n\n\n<p>L&rsquo;eurod\u00e9put\u00e9 allemand Verts Daniel Freund&nbsp;se dit tr\u00e8s surpris par l&rsquo;ampleur de l&rsquo;affaire, du jamais vu au Parlement europ\u00e9en selon lui. \u00ab<em>&nbsp;On sait que depuis des ann\u00e9es, il y a diff\u00e9rents \u00c9tats qui ont essay\u00e9 d\u2019influencer, entre autres avec de la corruption, les positions&nbsp;de l\u2019Union europ\u00e9enne mais aussi du Parlement europ\u00e9en&nbsp;: on a vu tout ce qu\u2019a fait l\u2019Azerba\u00efdjan, on a vu la Russie, d\u2019autres \u00c9tats. Mais l\u2019ampleur ici&nbsp;est quand&nbsp;m\u00eame surprenante,<\/em>&nbsp;pointe-t-il.&nbsp;<em>Maintenant, on attend de voir ce que les enqu\u00eates vont r\u00e9v\u00e9ler.&nbsp;<\/em>\u00bb&nbsp;Et il craint que cette affaire&nbsp;touche aussi&nbsp;d&rsquo;autres d\u00e9put\u00e9s.&nbsp;<\/p>\n\n\n\n<p><\/p>\n\n\n\n<p>Eva Kaili n&rsquo;a pas pu b\u00e9n\u00e9ficier de son immunit\u00e9 parlementaire car l&rsquo;infraction qui lui est reproch\u00e9e a \u00e9t\u00e9 constat\u00e9e \u00ab&nbsp;<em>en flagrant d\u00e9lit<\/em>&nbsp;\u00bb&nbsp;: des \u00ab<em>&nbsp;sacs de billets<\/em>&nbsp;\u00bb ont \u00e9t\u00e9 retrouv\u00e9s dans l&rsquo;appartement de l&rsquo;\u00e9lue socialiste au cours d&rsquo;une perquisition.<\/p>\n\n\n\n<h2 class=\"wp-block-heading\">\u00ab&nbsp;<em>Des r\u00e9formes et un renforcement des r\u00e8gles \u00e9thiques<\/em>&nbsp;\u00bb<\/h2>\n\n\n\n<p>Et maintenant, que va-t-il se passer&nbsp;au Parlement ? Une session parlementaire s&rsquo;ouvre ce lundi \u00e0 Strasbourg, et elle promet d&rsquo;\u00eatre agit\u00e9e.&nbsp;\u00ab&nbsp;<em>L\u2019ensemble des membres du Parlement europ\u00e9en vont essayer de comprendre quels types de d\u00e9cisions ont pu \u00eatre influenc\u00e9es par cet argent arrivant du Qatar,<\/em>&nbsp;estime Juliette Lelieur, professeure de droit p\u00e9nal \u00e0 Strasbourg et sp\u00e9cialiste des questions de corruption.<em>&nbsp;Ils vont passer en revue toutes les d\u00e9cisions qui pourraient avoir un lien avec le Qatar, et qu\u2019ils ont prises dans le pass\u00e9, et essayer de se demander&nbsp;: \u00e0 quel moment l\u2019influence a pu avoir lieu&nbsp;?<\/em>&nbsp;\u00bb<\/p>\n\n\n\n<p>\u00ab&nbsp;<em>Ce que l\u2019on peut attendre, c\u2019est qu\u2019il y ait une vraie prise en main politique de ce scandale, et que sans attendre, il y ait des prises de position fortes des institutions europ\u00e9ennes,<\/em>&nbsp;esp\u00e8re Elsa Foucraut, consultante sp\u00e9cialiste de la lutte contre la corruption et enseignante \u00e0 Sciences Po.&nbsp;<em>Et puis, surtout, que des perspectives de r\u00e9formes, de renforcement des r\u00e8gles \u00e9thiques soient annonc\u00e9es assez rapidement. On a tendance en g\u00e9n\u00e9ral \u00e0 dire qu\u2019il y a deux types de scandales&nbsp;: des scandales apprenants et non-apprenants. Et donc, tout ce que l\u2019on peut esp\u00e9rer, c\u2019est que pour ce scandale de corruption, l\u2019enqu\u00eate puisse aller au bout de mani\u00e8re ind\u00e9pendante, et puis que ce soit un scandale apprenant, c\u2019est-\u00e0-dire un scandale qui va contribuer \u00e0 renforcer les r\u00e8gles institutionnelles.&nbsp;<\/em>\u00bb<\/p>\n\n\n\n<p>L&rsquo;eurod\u00e9put\u00e9 Daniel Freund esp\u00e8re en tout cas que cette affaire poussera le Parlement europ\u00e9en \u00e0 renforcer les r\u00e8gles anticorruption et \u00e0 surveiller plus \u00e9troitement les activit\u00e9s de lobbying des \u00c9tats tiers.<strong>&nbsp;<\/strong>\u00ab&nbsp;<em>Premi\u00e8rement, il faut faire entrer les \u00c9tats tiers dans le registre des lobbyistes,<\/em>&nbsp;avance-t-il.<em>&nbsp;Deuxi\u00e8mement, les r\u00e9unions avec ces \u00c9tats devraient \u00eatre publi\u00e9es, si c\u2019est avec les d\u00e9put\u00e9s ou avec les commissaires. Et apr\u00e8s, je pense&nbsp;que les r\u00e8gles existantes devraient quand m\u00eame \u00eatre surveill\u00e9es ind\u00e9pendamment. J\u2019ai obtenu une grande majorit\u00e9 au Parlement europ\u00e9en l\u2019ann\u00e9e pass\u00e9e pour une proposition pour une telle&nbsp;autorit\u00e9 ind\u00e9pendante.&nbsp;Maintenant, il faut vraiment la cr\u00e9er. On attend depuis plus d\u2019un an la Commission europ\u00e9enne sur cette question. Et quatri\u00e8mement, je pense aussi qu\u2019on devrait quand m\u00eame r\u00e9fl\u00e9chir&nbsp;: est-ce que c\u2019est normal que les d\u00e9put\u00e9s se fassent inviter \u00e0 des voyages de luxe pay\u00e9s par des gouvernements qui ne sont pas toujours tr\u00e8s amicaux envers l\u2019Union europ\u00e9enne, des dictatures qui paient en fait des voyages de luxe pour les d\u00e9put\u00e9s&nbsp;? Moi, je pense qu\u2019on devrait arr\u00eater \u00e7a.&nbsp;<\/em>\u00bb<\/p>\n","protected":false},"excerpt":{"rendered":"<p>Apr\u00e8s\u00a0la r\u00e9v\u00e9lation d&rsquo;une affaire de corruption de grande ampleur entre des eurod\u00e9put\u00e9s et le Qatar, qui a notamment conduit \u00e0<\/p>\n","protected":false},"author":1,"featured_media":3730,"comment_status":"open","ping_status":"open","sticky":false,"template":"","format":"standard","meta":{"footnotes":""},"categories":[6],"tags":[],"class_list":["post-4669","post","type-post","status-publish","format-standard","has-post-thumbnail","hentry","category-politics"],"_links":{"self":[{"href":"https:\/\/dekkbi.com\/index.php?rest_route=\/wp\/v2\/posts\/4669","targetHints":{"allow":["GET"]}}],"collection":[{"href":"https:\/\/dekkbi.com\/index.php?rest_route=\/wp\/v2\/posts"}],"about":[{"href":"https:\/\/dekkbi.com\/index.php?rest_route=\/wp\/v2\/types\/post"}],"author":[{"embeddable":true,"href":"https:\/\/dekkbi.com\/index.php?rest_route=\/wp\/v2\/users\/1"}],"replies":[{"embeddable":true,"href":"https:\/\/dekkbi.com\/index.php?rest_route=%2Fwp%2Fv2%2Fcomments&post=4669"}],"version-history":[{"count":1,"href":"https:\/\/dekkbi.com\/index.php?rest_route=\/wp\/v2\/posts\/4669\/revisions"}],"predecessor-version":[{"id":4670,"href":"https:\/\/dekkbi.com\/index.php?rest_route=\/wp\/v2\/posts\/4669\/revisions\/4670"}],"wp:featuredmedia":[{"embeddable":true,"href":"https:\/\/dekkbi.com\/index.php?rest_route=\/wp\/v2\/media\/3730"}],"wp:attachment":[{"href":"https:\/\/dekkbi.com\/index.php?rest_route=%2Fwp%2Fv2%2Fmedia&parent=4669"}],"wp:term":[{"taxonomy":"category","embeddable":true,"href":"https:\/\/dekkbi.com\/index.php?rest_route=%2Fwp%2Fv2%2Fcategories&post=4669"},{"taxonomy":"post_tag","embeddable":true,"href":"https:\/\/dekkbi.com\/index.php?rest_route=%2Fwp%2Fv2%2Ftags&post=4669"}],"curies":[{"name":"wp","href":"https:\/\/api.w.org\/{rel}","templated":true}]}}