{"id":46674,"date":"2024-11-19T09:53:09","date_gmt":"2024-11-19T09:53:09","guid":{"rendered":"https:\/\/dekkbi.com\/?p=46674"},"modified":"2024-11-19T09:53:09","modified_gmt":"2024-11-19T09:53:09","slug":"legislatives-anticipees-du-17-novembre-lineluctable-recomposition","status":"publish","type":"post","link":"https:\/\/dekkbi.com\/?p=46674","title":{"rendered":"L\u00e9gislatives anticip\u00e9es du 17 novembre : l\u2019in\u00e9luctable recomposition"},"content":{"rendered":"\n<p><strong>Les Commissions d\u00e9partementales de recensement des votes pr\u00e9sentes au sein des six Cours d\u2019appel que compte notre pays livreront ce mardi, au plus tard \u00e0 minuit, les r\u00e9sultats provisoires des l\u00e9gislatives anticip\u00e9es de dimanche dernier. Si ces r\u00e9sultats confirment les lourdes tendances d\u2019hier, qui donnent &nbsp;la liste du parti au pouvoir, Pastef, largement vainqueur, l\u2019espace politique s\u00e9n\u00e9galais est parti pour connaitre une nouvelle reconfiguration.<\/strong><\/p>\n\n\n\n<p>Tous les regards sont tourn\u00e9s vers les diff\u00e9rentes commissions d\u00e9partementales de recensement des votes. Elles sont h\u00e9berg\u00e9es dans les six Cours d\u2019appel que compte notre pays. &nbsp;Il revient \u00e0 ces commissions d\u00e9partementales de recensement la pr\u00e9rogative, conform\u00e9ment aux dispositions de l\u2019article 88 du Code \u00e9lectoral, de proc\u00e9der \u00e0 la publication des r\u00e9sultats provisoires de chaque d\u00e9partement. Cela est pr\u00e9vu aujourd\u2019hui, &nbsp;mardi &nbsp;18 novembre \u00e0 minuit au plus tard. En attendant ces chiffres officiels mais encore provisoires, l\u2019enseignement que l\u2019on pourrait tirer des diff\u00e9rentes tendances qui donnent \u00e0 la liste du parti au pouvoir, Pastef largement vainqueur, est que ces premi\u00e8res l\u00e9gislatives anticip\u00e9es de l\u2019histoire politique du S\u00e9n\u00e9gal sont parties pour jeter les bases d\u2019une nouvelle configuration de l\u2019espace politique s\u00e9n\u00e9galais.<\/p>\n\n\n\n<p>En effet, les r\u00e9sultats provisoires sortis des urnes ont permis de sp\u00e9cifier le poids \u00e9lectoral r\u00e9el de certains acteurs politiques, de leurs partis ou de leurs coalitions de partis, notamment ceux de la nouvelle opposition. R\u00e9unis autours des coalitions, tous les principaux leaders de l\u2019opposition ont subi la razzia de la liste du parti au pouvoir dirig\u00e9e par l\u2019actuel Premier ministre, Ousmane Sonko. Que ce soit la coalition dirig\u00e9e par l\u2019ancien pr\u00e9sident de la R\u00e9publique, celle de l\u2019ancien Premier ministre, Amadou Ba, dans le gouvernement du Pr\u00e9sident Macky Sall, la liste S\u00e9n\u00e9gal Kesse de Thierno Alassane Sall ou encore celle de &nbsp;l\u2019actuel maire de Dakar, Barthelemy Dias qui a fait coalition avec le leader du mouvement \u00ab&nbsp;Geum sa Bopp&nbsp;\u00bb, Bougane Gueye Dany, toutes ont \u00e9t\u00e9 battues par Pastef et son chef de file, Ousmane Sonko. M\u00eame l\u2019avertissement qu\u2019avait lanc\u00e9 l\u2019ancien chef de l\u2019Etat, Macky Sall qui avait justifi\u00e9 sa participation par son souci de cr\u00e9er une \u00ab&nbsp;mobilisation visant \u00e0 enrayer les dangers qui s\u2019accumulent sur le pays&nbsp;\u00bb n\u2019a pas r\u00e9sist\u00e9 \u00e0 la rafle de Pastef.&nbsp; Cependant, le Fouta a fait de la r\u00e9sistance,&nbsp; o\u00f9 il a remport\u00e9 selon les premi\u00e8res tendances 3 d\u00e9partements (Matam, Kanel Ran\u00e9rou Ferlo). A ceux-l\u00e0, il faut rajouter le d\u00e9partement de Goudiry&nbsp; (r\u00e9gion de Tambacounda) et &nbsp;et l\u2019Afrique du centre, un d\u00e9partement de la Diaspora. Pastef est donn\u00e9 vainqueur dans 40 d\u00e9partements sur les 46 nationaux et 7 des 8 circonscriptions \u00e9lectorales que compte le S\u00e9n\u00e9gal \u00e0 l\u2019\u00e9tranger.<\/p>\n\n\n\n<p>Quant \u00e0 Amadou Ba consid\u00e9r\u00e9 jusqu\u2019ici, comme \u00e9tant chef de l\u2019opposition du fait sa deuxi\u00e8me place obtenue \u00e0 l\u2019issue de l\u2019\u00e9lection pr\u00e9sidentielle du 24 mars dernier (35.79%) , derri\u00e8re l\u2019actuel chef de l\u2019Etat, Bassirou Diomaye Faye (54%), il risque de voir son statut \u00eatre impact\u00e9 par cette reconfiguration de l\u2019espace politique qui se dessine. Sa coalition \u00ab&nbsp;Diam Ak Njarin&nbsp;\u00bb n\u2019a remport\u00e9 qu\u2019un seul d\u00e9partement&nbsp;: celui de Podor selon les tendances<\/p>\n\n\n\n<p>L\u2019actuel maire de Dakar, Barthelemy Dias, dont on dit qu\u2019il veut prendre Dakar comme ascenseur pour aller \u00e0 la conqu\u00eate du pays lors de la prochaine \u00e9lection pr\u00e9sidentielle, a \u00e9t\u00e9 battu dans son propre bureau de vote. Sa liste, Samm sa kaddu a \u00e9t\u00e9 battue dans tous les d\u00e9partements y compris celui de Dakar. Si les tendances actuelles sont confirm\u00e9es par les diff\u00e9rentes commissions de recensement des votes puis par &nbsp;la commission nationale, Barthelemy Dias et ses coalis\u00e9s de Samm sa kaddu ne seront cr\u00e9dit\u00e9s que de 5 d\u00e9put\u00e9s.<\/p>\n\n\n\n<p>La campagne \u00e9lectorale et les r\u00e9sultats provisoires de ces \u00e9lections l\u00e9gislatives anticip\u00e9es, ont r\u00e9v\u00e9l\u00e9 un nouveau syst\u00e8me partisan, beaucoup plus fragment\u00e9 et polaris\u00e9, qui ont r\u00e9activ\u00e9 parfois d\u2019anciens clivages ou portant sur de nouveaux enjeux. Le taux d\u2019abstention non n\u00e9gligeable est \u00e9galement une donn\u00e9e \u00e0 \u00e9tudier qui est peut-\u00eatre li\u00e9 aux nombreuses incertitudes li\u00e9es \u00e0 la recomposition du paysage politique. Le changement d\u2019\u00e9poque est cependant \u00e0 port\u00e9e de main.<\/p>\n\n\n\n<p><strong>Nando Cabral Gomis<\/strong><br>SUDQUOTIDIEN<\/p>\n","protected":false},"excerpt":{"rendered":"<p>Les Commissions d\u00e9partementales de recensement des votes pr\u00e9sentes au sein des six Cours d\u2019appel que compte notre pays livreront ce<\/p>\n","protected":false},"author":1,"featured_media":46675,"comment_status":"open","ping_status":"open","sticky":false,"template":"","format":"standard","meta":{"footnotes":""},"categories":[6],"tags":[],"class_list":["post-46674","post","type-post","status-publish","format-standard","has-post-thumbnail","hentry","category-politics"],"_links":{"self":[{"href":"https:\/\/dekkbi.com\/index.php?rest_route=\/wp\/v2\/posts\/46674","targetHints":{"allow":["GET"]}}],"collection":[{"href":"https:\/\/dekkbi.com\/index.php?rest_route=\/wp\/v2\/posts"}],"about":[{"href":"https:\/\/dekkbi.com\/index.php?rest_route=\/wp\/v2\/types\/post"}],"author":[{"embeddable":true,"href":"https:\/\/dekkbi.com\/index.php?rest_route=\/wp\/v2\/users\/1"}],"replies":[{"embeddable":true,"href":"https:\/\/dekkbi.com\/index.php?rest_route=%2Fwp%2Fv2%2Fcomments&post=46674"}],"version-history":[{"count":1,"href":"https:\/\/dekkbi.com\/index.php?rest_route=\/wp\/v2\/posts\/46674\/revisions"}],"predecessor-version":[{"id":46676,"href":"https:\/\/dekkbi.com\/index.php?rest_route=\/wp\/v2\/posts\/46674\/revisions\/46676"}],"wp:featuredmedia":[{"embeddable":true,"href":"https:\/\/dekkbi.com\/index.php?rest_route=\/wp\/v2\/media\/46675"}],"wp:attachment":[{"href":"https:\/\/dekkbi.com\/index.php?rest_route=%2Fwp%2Fv2%2Fmedia&parent=46674"}],"wp:term":[{"taxonomy":"category","embeddable":true,"href":"https:\/\/dekkbi.com\/index.php?rest_route=%2Fwp%2Fv2%2Fcategories&post=46674"},{"taxonomy":"post_tag","embeddable":true,"href":"https:\/\/dekkbi.com\/index.php?rest_route=%2Fwp%2Fv2%2Ftags&post=46674"}],"curies":[{"name":"wp","href":"https:\/\/api.w.org\/{rel}","templated":true}]}}