{"id":46636,"date":"2024-11-18T12:55:44","date_gmt":"2024-11-18T12:55:44","guid":{"rendered":"https:\/\/dekkbi.com\/?p=46636"},"modified":"2024-11-18T12:55:44","modified_gmt":"2024-11-18T12:55:44","slug":"tennis-une-tournee-dadieux-je-nai-pas-cet-ego-affirme-nadal","status":"publish","type":"post","link":"https:\/\/dekkbi.com\/?p=46636","title":{"rendered":"Tennis: Une tourn\u00e9e d&rsquo;adieux ? \u00ab\u00a0Je n&rsquo;ai pas cet ego\u00a0\u00bb, affirme Nadal"},"content":{"rendered":"\n<p>Par \u00a9 2024 AFP<\/p>\n\n\n\n<p>Rafael Nadal lors d&rsquo;une conf\u00e9rence de presse avec l&rsquo;\u00e9quipe espagnole en amont de la phase finale de la Coupe Davis \u00e0 Fuengirola pr\u00e8s de Malaga le 18 novembre 2024 en Espagne<\/p>\n\n\n\n<p>La Coupe Davis 2024 sera le dernier tournoi de la longue et prolifique carri\u00e8re de Rafael Nadal (22 titres du Grand Chelem notamment) et \u00e0 la veille du match de l&rsquo;Espagne contre les Pays-Bas, le roi de la terre battue a exclu lundi toute tourn\u00e9e d&rsquo;adieux en 2025: \u00ab\u00a0je n&rsquo;ai pas cet ego\u00a0\u00bb, a-t-il assur\u00e9.<\/p>\n\n\n\n<p>QUESTION: Pouvez-vous d\u00e9tailler les raisons qui vous ont pouss\u00e9 \u00e0 prendre votre retraite \u00e0 l&rsquo;issue de cette Coupe Davis apr\u00e8s avoir tant essay\u00e9 de revenir \u00e0 la comp\u00e9tition ?<\/p>\n\n\n\n<p>REPONSE: \u00ab\u00a0Je ne suis plus suffisamment comp\u00e9titif et je ne prends plus le plaisir quotidien n\u00e9cessaire pour redevenir comp\u00e9titif au plus haut niveau. Je pourrais tenir encore une ann\u00e9e, mais pour quoi faire ? Pour faire une tourn\u00e9e d&rsquo;adieux tournoi par tournoi ? Je n&rsquo;ai pas cet ego. C&rsquo;est une sensation qui me fait me poser des questions depuis longtemps. Et aujourd&rsquo;hui, il n&rsquo;y a plus aucun sens \u00e0 vouloir continuer en sachant parfaitement que je n&rsquo;ai plus aucune chance de redevenir comp\u00e9titif au niveau o\u00f9 je le souhaite. Parce que mon corps ne me le permet plus.\u00a0\u00bb<\/p>\n\n\n\n<p>Q: Comment vivez-vous ces derniers jours de joueur professionnel ?<\/p>\n\n\n\n<p>R: \u00ab\u00a0Normalement (&#8230;) En fin de compte, la vie continue et tous les sportifs professionnels passent par ce processus. Je ne suis qu&rsquo;un autre sportif qui va changer de vie. Mais qui va continuer \u00e0 appr\u00e9cier le sport d&rsquo;une autre mani\u00e8re, parce que c&rsquo;est une partie tr\u00e8s importante de ma vie. Je n&rsquo;ai pas fini par me lasser du tennis comme d&rsquo;autres l&rsquo;ont fait. J&rsquo;aime toujours le tennis. Si je le pouvais, je continuerais \u00e0 jouer au tennis. Mais je suis tr\u00e8s tranquille (&#8230;) Ce que j&rsquo;avais dit s&rsquo;est r\u00e9alis\u00e9, \u00e0 savoir qu&rsquo;il s&rsquo;agirait normalement de ma derni\u00e8re ann\u00e9e. J&rsquo;ai voulu me donner une chance. Je sais que j&rsquo;ai fait tout ce que je pouvais et que mon heure est venue, et je l&rsquo;accepte comme telle, sans drame. Je vais quitter le circuit professionnel avec le calme et la satisfaction personnelle d&rsquo;avoir donn\u00e9 le meilleur de moi-m\u00eame \u00e0 chaque instant.\u00a0\u00bb<\/p>\n\n\n\n<p>Q: Qu&rsquo;est-ce qui vous manquera le plus dans le fait de ne plus \u00eatre un joueur de tennis professionnel?<\/p>\n\n\n\n<p>R: \u00ab\u00a0Je ne m&rsquo;inqui\u00e8te pas \u00e0 propos du prochain chapitre de ma vie. J&rsquo;ai toujours \u00e9t\u00e9 heureux sans le tennis et j&rsquo;ai eu beaucoup de moments dans ma vie o\u00f9 je n&rsquo;ai pas pu jouer au tennis \u00e0 cause de mes blessures (&#8230;) Mais je dirais probablement le sentiment de comp\u00e9tition, d&rsquo;aller sur le terrain et de voir les fans, l&rsquo;atmosph\u00e8re quand vous jouez de grands matches. L&rsquo;adr\u00e9naline que vous ressentez avant, \u00e0 la fin et pendant le match. Ce genre de sensation, l&rsquo;adr\u00e9naline, est difficile \u00e0 trouver en dehors du sport professionnel\u00a0\u00bb.<\/p>\n\n\n\n<p>Q: Quelle serait pour vous la fin de carri\u00e8re id\u00e9ale ?<\/p>\n\n\n\n<p>R: \u00ab\u00a0Il n&rsquo;y a pas de fin de carri\u00e8re id\u00e9ale. Les fins id\u00e9ales se produisent g\u00e9n\u00e9ralement dans les films am\u00e9ricains (&#8230;) Ce que je veux, c&rsquo;est que l&rsquo;\u00e9quipe soit comp\u00e9titive et qu&rsquo;elle puisse gagner la Coupe Davis. Mon plus bel au revoir serait la joie de gagner avec tout le monde. Mais je ne sais pas si je jouerai un match ou non. J&rsquo;ai tr\u00e8s peu jou\u00e9 ces derniers temps\u00a0\u00bb.<\/p>\n\n\n\n<p>Q: Pensez-vous \u00eatre capable de g\u00e9rer, voire contenir vos \u00e9motions ?<\/p>\n\n\n\n<p>R: \u00ab\u00a0Si je suis sur le court, j&rsquo;esp\u00e8re pouvoir contr\u00f4ler mes \u00e9motions. Je ne suis pas ici pour prendre ma retraite. Je suis ici pour aider l&rsquo;\u00e9quipe \u00e0 gagner. C&rsquo;est ma derni\u00e8re semaine de comp\u00e9tition, en \u00e9quipe, et la chose la plus importante est d&rsquo;aider l&rsquo;\u00e9quipe. Les \u00e9motions viendront \u00e0 la fin. Avant et apr\u00e8s, je me concentrerai sur ce que j&rsquo;ai \u00e0 faire\u00a0\u00bb.<\/p>\n\n\n\n<p>Propos recueillis en conf\u00e9rence de presse<\/p>\n","protected":false},"excerpt":{"rendered":"<p>Par \u00a9 2024 AFP Rafael Nadal lors d&rsquo;une conf\u00e9rence de presse avec l&rsquo;\u00e9quipe espagnole en amont de la phase finale<\/p>\n","protected":false},"author":1,"featured_media":46637,"comment_status":"open","ping_status":"open","sticky":false,"template":"","format":"standard","meta":{"footnotes":""},"categories":[9],"tags":[],"class_list":["post-46636","post","type-post","status-publish","format-standard","has-post-thumbnail","hentry","category-sports"],"_links":{"self":[{"href":"https:\/\/dekkbi.com\/index.php?rest_route=\/wp\/v2\/posts\/46636","targetHints":{"allow":["GET"]}}],"collection":[{"href":"https:\/\/dekkbi.com\/index.php?rest_route=\/wp\/v2\/posts"}],"about":[{"href":"https:\/\/dekkbi.com\/index.php?rest_route=\/wp\/v2\/types\/post"}],"author":[{"embeddable":true,"href":"https:\/\/dekkbi.com\/index.php?rest_route=\/wp\/v2\/users\/1"}],"replies":[{"embeddable":true,"href":"https:\/\/dekkbi.com\/index.php?rest_route=%2Fwp%2Fv2%2Fcomments&post=46636"}],"version-history":[{"count":1,"href":"https:\/\/dekkbi.com\/index.php?rest_route=\/wp\/v2\/posts\/46636\/revisions"}],"predecessor-version":[{"id":46638,"href":"https:\/\/dekkbi.com\/index.php?rest_route=\/wp\/v2\/posts\/46636\/revisions\/46638"}],"wp:featuredmedia":[{"embeddable":true,"href":"https:\/\/dekkbi.com\/index.php?rest_route=\/wp\/v2\/media\/46637"}],"wp:attachment":[{"href":"https:\/\/dekkbi.com\/index.php?rest_route=%2Fwp%2Fv2%2Fmedia&parent=46636"}],"wp:term":[{"taxonomy":"category","embeddable":true,"href":"https:\/\/dekkbi.com\/index.php?rest_route=%2Fwp%2Fv2%2Fcategories&post=46636"},{"taxonomy":"post_tag","embeddable":true,"href":"https:\/\/dekkbi.com\/index.php?rest_route=%2Fwp%2Fv2%2Ftags&post=46636"}],"curies":[{"name":"wp","href":"https:\/\/api.w.org\/{rel}","templated":true}]}}