{"id":46623,"date":"2024-11-18T12:43:39","date_gmt":"2024-11-18T12:43:39","guid":{"rendered":"https:\/\/dekkbi.com\/?p=46623"},"modified":"2024-11-18T12:51:44","modified_gmt":"2024-11-18T12:51:44","slug":"soudan-le-conseil-de-securite-de-lonu-va-voter-sur-un-appel-a-un-cessez-le-feu","status":"publish","type":"post","link":"https:\/\/dekkbi.com\/?p=46623","title":{"rendered":"Soudan &#8211; ONU: le Conseil de s\u00e9curit\u00e9 va voter sur un appel \u00e0 un cessez-le-feu"},"content":{"rendered":"\n<p>Le Conseil de s\u00e9curit\u00e9 de l&rsquo;ONU va se prononcer lundi sur une r\u00e9solution appelant \u00e0 un arr\u00eat imm\u00e9diat des hostilit\u00e9s au Soudan, nouvelle tentative pour mettre la pression sur les deux g\u00e9n\u00e9raux rivaux alors que la guerre ne donne aucun signe de r\u00e9pit.<\/p>\n\n\n\n<p>Le projet de r\u00e9solution vue par l&rsquo;AFP, pr\u00e9par\u00e9e par le Royaume-Uni et la Sierra Leone, appelle les parties \u00ab\u00a0\u00e0 cesser imm\u00e9diatement les hostilit\u00e9s et \u00e0 s&rsquo;engager de bonne foi dans un dialogue pour permettre des \u00e9tapes vers une d\u00e9sescalade, dans le but de se mettre d&rsquo;accord de fa\u00e7on urgente sur un cessez-le-feu national\u00a0\u00bb.<\/p>\n\n\n\n<p>Le Soudan est ravag\u00e9 depuis avril 2023 par une guerre qui oppose l&rsquo;arm\u00e9e r\u00e9guli\u00e8re du g\u00e9n\u00e9ral Abdel Fattah al-Burhane, arriv\u00e9 au pouvoir par un coup d&rsquo;Etat en 2021, et les paramilitaires des Forces de soutien rapide (FSR) de son ex-adjoint, le g\u00e9n\u00e9ral Mohamed Hamdane Daglo.<\/p>\n\n\n\n<p>Le conflit a d\u00e9j\u00e0 fait des dizaines de milliers de morts et d\u00e9plac\u00e9 plus de 11 millions de personnes, dont 3,1 millions \u00e0 l&rsquo;ext\u00e9rieur du pays, selon l&rsquo;ONU.<\/p>\n\n\n\n<p>Et le pays conna\u00eet ces derni\u00e8res semaines une nouvelle flamb\u00e9e de violences, chacun des deux camps semblant \u00ab\u00a0persuad\u00e9s de pouvoir l&#8217;emporter sur le champ de bataille\u00a0\u00bb, a d\u00e9plor\u00e9 il y a quelques jours la sous-secr\u00e9taire g\u00e9n\u00e9rale de l&rsquo;ONU pour les Affaires politiques, Rosemary DiCarlo.<\/p>\n\n\n\n<p>Les civils en paient le prix fort, avec environ 26 millions de personnes confront\u00e9es \u00e0 une ins\u00e9curit\u00e9 alimentaire s\u00e9v\u00e8re, la famine qui menace, et des accusations de violences sexuelles g\u00e9n\u00e9ralis\u00e9es.<\/p>\n\n\n\n<p>Dans ce contexte, le projet de r\u00e9solution appelle les deux parties \u00e0 \u00ab\u00a0respecter les engagements\u00a0\u00bb pris en 2023 pour prot\u00e9ger les civils, \u00e0 ne pas utiliser les violences sexuelles comme \u00ab\u00a0tactique de guerre\u00a0\u00bb, et \u00e0 permettre un acc\u00e8s \u00ab\u00a0rapide, s\u00fbr et sans entrave\u00a0\u00bb \u00e0 l&rsquo;aide humanitaire.<\/p>\n\n\n\n<h2 class=\"wp-block-heading\">\u00ab\u00a0Ing\u00e9rences ext\u00e9rieures\u00a0\u00bb<\/h2>\n\n\n\n<p>Le ministre britannique des Affaires \u00e9trang\u00e8res, David Lammy, qui pr\u00e9sidera cette r\u00e9union du Conseil lundi, a assur\u00e9 qu&rsquo;il ferait \u00ab\u00a0pression pour une r\u00e9solution qui garantisse la protection des civils et le libre passage de l&rsquo;aide\u00a0\u00bb.<\/p>\n\n\n\n<p>Si plusieurs diplomates ont indiqu\u00e9 \u00e0 l&rsquo;AFP \u00eatre plut\u00f4t confiants quant \u00e0 l&rsquo;adoption du texte, un certain doute plane sur la position de la Russie, qui dispose d&rsquo;un droit de v\u00e9to.<\/p>\n\n\n\n<p>Pendant les n\u00e9gociations du texte, \u00ab\u00a0la Russie a fait beaucoup de commentaires\u00a0\u00bb, a not\u00e9 un diplomate, estimant qu&rsquo;elle se montrait de plus en plus clairement \u00ab\u00a0align\u00e9e\u00a0\u00bb avec le camp du g\u00e9n\u00e9ral Burhane.<\/p>\n\n\n\n<p>Sans nommer personne, le projet de texte appelle les Etats membres \u00e0 s&rsquo;abstenir \u00ab\u00a0d&rsquo;ing\u00e9rences ext\u00e9rieures qui alimentent le conflit\u00a0\u00bb, et r\u00e9clame le respect de l&#8217;embargo sur les armes vers le Darfour.<\/p>\n\n\n\n<p>Le Soudan accuse r\u00e9guli\u00e8rement les Emirats arabes unis de soutenir les FSR notamment en leur livrant des armes, accusation rejet\u00e9e par Abou Dhabi.<\/p>\n\n\n\n<p>Si la r\u00e9solution est adopt\u00e9e, reste \u00e0 savoir quelle influence elle pourra avoir sur les deux g\u00e9n\u00e9raux.<\/p>\n\n\n\n<p>En mars, la r\u00e9solution du Conseil appelant \u00e0 un cessez-le-feu \u00ab\u00a0imm\u00e9diat\u00a0\u00bb pendant le mois du ramadan n&rsquo;avait pas \u00e9t\u00e9 suivie d&rsquo;effet.<\/p>\n\n\n\n<p>En juillet, le Conseil avait exig\u00e9 la fin du \u00ab\u00a0si\u00e8ge\u00a0\u00bb d&rsquo;el-Facher par les FSR et la fin des combats autour de cette grande ville du Darfour o\u00f9 sont pi\u00e9g\u00e9s des centaines de milliers de civils. En vain, \u00e9galement.<\/p>\n\n\n\n<p>Malgr\u00e9 tout, le nouveau projet de r\u00e9solution demande au secr\u00e9taire g\u00e9n\u00e9ral de l&rsquo;ONU, Antonio Guterres, de r\u00e9fl\u00e9chir \u00e0 un syst\u00e8me de \u00ab\u00a0surveillance et de v\u00e9rification\u00a0\u00bb d&rsquo;un \u00e9ventuel accord de cessez-le-feu.<\/p>\n\n\n\n<p>Une recommandation qu&rsquo;Antonio Guterres avait lui-m\u00eame faite \u00e0 la communaut\u00e9 internationale dans un r\u00e9cent rapport remis au Conseil.<\/p>\n\n\n\n<p>Il a revanche jug\u00e9 qu'\u00a0\u00bb\u00e0 ce stade, les conditions n&rsquo;existent pas pour d\u00e9ployer avec succ\u00e8s une force des Nations unies pour prot\u00e9ger les civils du Soudan\u00a0\u00bb.<\/p>\n","protected":false},"excerpt":{"rendered":"<p>Le Conseil de s\u00e9curit\u00e9 de l&rsquo;ONU va se prononcer lundi sur une r\u00e9solution appelant \u00e0 un arr\u00eat imm\u00e9diat des hostilit\u00e9s<\/p>\n","protected":false},"author":1,"featured_media":13083,"comment_status":"open","ping_status":"open","sticky":false,"template":"","format":"standard","meta":{"footnotes":""},"categories":[51],"tags":[],"class_list":["post-46623","post","type-post","status-publish","format-standard","has-post-thumbnail","hentry","category-general"],"_links":{"self":[{"href":"https:\/\/dekkbi.com\/index.php?rest_route=\/wp\/v2\/posts\/46623","targetHints":{"allow":["GET"]}}],"collection":[{"href":"https:\/\/dekkbi.com\/index.php?rest_route=\/wp\/v2\/posts"}],"about":[{"href":"https:\/\/dekkbi.com\/index.php?rest_route=\/wp\/v2\/types\/post"}],"author":[{"embeddable":true,"href":"https:\/\/dekkbi.com\/index.php?rest_route=\/wp\/v2\/users\/1"}],"replies":[{"embeddable":true,"href":"https:\/\/dekkbi.com\/index.php?rest_route=%2Fwp%2Fv2%2Fcomments&post=46623"}],"version-history":[{"count":2,"href":"https:\/\/dekkbi.com\/index.php?rest_route=\/wp\/v2\/posts\/46623\/revisions"}],"predecessor-version":[{"id":46634,"href":"https:\/\/dekkbi.com\/index.php?rest_route=\/wp\/v2\/posts\/46623\/revisions\/46634"}],"wp:featuredmedia":[{"embeddable":true,"href":"https:\/\/dekkbi.com\/index.php?rest_route=\/wp\/v2\/media\/13083"}],"wp:attachment":[{"href":"https:\/\/dekkbi.com\/index.php?rest_route=%2Fwp%2Fv2%2Fmedia&parent=46623"}],"wp:term":[{"taxonomy":"category","embeddable":true,"href":"https:\/\/dekkbi.com\/index.php?rest_route=%2Fwp%2Fv2%2Fcategories&post=46623"},{"taxonomy":"post_tag","embeddable":true,"href":"https:\/\/dekkbi.com\/index.php?rest_route=%2Fwp%2Fv2%2Ftags&post=46623"}],"curies":[{"name":"wp","href":"https:\/\/api.w.org\/{rel}","templated":true}]}}