{"id":46571,"date":"2024-11-18T10:47:01","date_gmt":"2024-11-18T10:47:01","guid":{"rendered":"https:\/\/dekkbi.com\/?p=46571"},"modified":"2024-11-18T10:47:01","modified_gmt":"2024-11-18T10:47:01","slug":"madiambal-diagne-sechement-dementi-par-le-correspondant-de-france-24-pas-honte-a-votre-age-video","status":"publish","type":"post","link":"https:\/\/dekkbi.com\/?p=46571","title":{"rendered":"Madiambal Diagne s\u00e8chement d\u00e9menti par le correspondant de France 24 : \u00ab Pas honte \u00e0 votre \u00e2ge\u2026 \u00bb (Vid\u00e9o)"},"content":{"rendered":"\n<p>La campagne \u00e9lectorale pour les l\u00e9gislatives s\u00e9n\u00e9galaises du 17 novembre 2024 continue d\u2019\u00eatre marqu\u00e9e par des tensions. Ce dimanche matin, Madiambal Diagne, journaliste et candidat aux \u00e9lections sur la liste de la coalition&nbsp;<strong>Jamm Ak Jari\u00f1<\/strong>, men\u00e9e par l\u2019ancien Premier ministre Amadou Ba, a d\u00e9nonc\u00e9 sur ses r\u00e9seaux sociaux l\u2019utilisation d\u2019images suppos\u00e9ment trompeuses dans un reportage de France 24.<\/p>\n\n\n\n<p>Dans une courte d\u00e9claration accompagn\u00e9e d\u2019une vid\u00e9o de la cha\u00eene fran\u00e7aise, Madiambal Diagne a affirm\u00e9 que le reportage en question, consacr\u00e9 \u00e0 la campagne \u00e9lectorale, illustrait son sujet par des s\u00e9quences datant de la pr\u00e9sidentielle de mars dernier :&nbsp;<em>\u201cQuand France 24 illustre ses reportages des \u00e9lections l\u00e9gislatives par des images mont\u00e9es, tourn\u00e9es lors de la pr\u00e9sidentielle d\u2019il y a 8 mois !\u201d<\/em>&nbsp;a-t-il d\u00e9clar\u00e9.<\/p>\n\n\n\n<p>Cependant, cette accusation a rapidement \u00e9t\u00e9 contredite par Elimane Ndao, correspondant de France 24 \u00e0 Dakar, qui a vivement r\u00e9agi en d\u00e9non\u00e7ant les propos de Diagne. Sur les r\u00e9seaux sociaux :&nbsp;<em>\u201cPas honte \u00e0 votre \u00e2ge de propager des contre-v\u00e9rit\u00e9s ainsi. Honteux !\u201d<\/em>&nbsp;\u00e9crit Ndao.<\/p>\n\n\n\n<p>Dans sa r\u00e9ponse, Elimane Ndao n\u2019a pas explicitement confirm\u00e9 ou infirm\u00e9 si les images utilis\u00e9es provenaient effectivement de la pr\u00e9sidentielle de mars 2024 ou de la campagne l\u00e9gislative en cours. Cette absence de pr\u00e9cision entretient le flou autour des accusations port\u00e9es par Madiambal Diagne, laissant la pol\u00e9mique ouverte.<\/p>\n\n\n\n<p>Voici la vid\u00e9o en question:<\/p>\n\n\n\n<figure class=\"wp-block-embed is-type-rich is-provider-twitter wp-block-embed-twitter\"><div class=\"wp-block-embed__wrapper\">\n<blockquote class=\"twitter-tweet\" data-width=\"550\" data-dnt=\"true\"><p lang=\"fr\" dir=\"ltr\">Quand France 24 illustre ses reportages des \u00e9lections l\u00e9gislatives par des images mont\u00e9es,  tourn\u00e9es lors de la pr\u00e9sidentielle d&#39;il y a 8 mois ! <a href=\"https:\/\/t.co\/93X2GEpW7Q\">pic.twitter.com\/93X2GEpW7Q<\/a><\/p>&mdash; Diagne Madiambal (@MadiambalD) <a href=\"https:\/\/twitter.com\/MadiambalD\/status\/1858007430900101320?ref_src=twsrc%5Etfw\">November 17, 2024<\/a><\/blockquote><script async src=\"https:\/\/platform.twitter.com\/widgets.js\" charset=\"utf-8\"><\/script>\n<\/div><\/figure>\n\n\n\n<h3 class=\"wp-block-heading\"><strong>Un climat tendu dans un contexte \u00e9lectoral sensible<\/strong><\/h3>\n\n\n\n<p>Ces \u00e9changes surviennent dans un climat \u00e9lectoral particuli\u00e8rement tendu. Ces l\u00e9gislatives anticip\u00e9es ont \u00e9t\u00e9 convoqu\u00e9es par le pr\u00e9sident&nbsp;<strong>Bassirou Diomaye Faye<\/strong>, quelques mois apr\u00e8s son \u00e9lection \u00e0 la t\u00eate du pays. Avec&nbsp;<strong>41 listes en lice<\/strong>, les enjeux sont \u00e9lev\u00e9s pour le contr\u00f4le de l\u2019Assembl\u00e9e nationale. Parmi les principales forces en comp\u00e9tition figurent le parti au pouvoir,&nbsp;<strong>Pastef<\/strong>, dirig\u00e9 par Ousmane Sonko, ainsi que les grandes coalitions&nbsp;<strong>Takku Wallu S\u00e9n\u00e9gal<\/strong>,&nbsp;<strong>Sam Sa Kadd\u00f9<\/strong>, et&nbsp;<strong>Jamm Ak Jari\u00f1<\/strong>.<\/p>\n","protected":false},"excerpt":{"rendered":"<p>La campagne \u00e9lectorale pour les l\u00e9gislatives s\u00e9n\u00e9galaises du 17 novembre 2024 continue d\u2019\u00eatre marqu\u00e9e par des tensions. Ce dimanche matin,<\/p>\n","protected":false},"author":1,"featured_media":17825,"comment_status":"open","ping_status":"open","sticky":false,"template":"","format":"standard","meta":{"footnotes":""},"categories":[26],"tags":[],"class_list":["post-46571","post","type-post","status-publish","format-standard","has-post-thumbnail","hentry","category-fait-divers"],"_links":{"self":[{"href":"https:\/\/dekkbi.com\/index.php?rest_route=\/wp\/v2\/posts\/46571","targetHints":{"allow":["GET"]}}],"collection":[{"href":"https:\/\/dekkbi.com\/index.php?rest_route=\/wp\/v2\/posts"}],"about":[{"href":"https:\/\/dekkbi.com\/index.php?rest_route=\/wp\/v2\/types\/post"}],"author":[{"embeddable":true,"href":"https:\/\/dekkbi.com\/index.php?rest_route=\/wp\/v2\/users\/1"}],"replies":[{"embeddable":true,"href":"https:\/\/dekkbi.com\/index.php?rest_route=%2Fwp%2Fv2%2Fcomments&post=46571"}],"version-history":[{"count":1,"href":"https:\/\/dekkbi.com\/index.php?rest_route=\/wp\/v2\/posts\/46571\/revisions"}],"predecessor-version":[{"id":46572,"href":"https:\/\/dekkbi.com\/index.php?rest_route=\/wp\/v2\/posts\/46571\/revisions\/46572"}],"wp:featuredmedia":[{"embeddable":true,"href":"https:\/\/dekkbi.com\/index.php?rest_route=\/wp\/v2\/media\/17825"}],"wp:attachment":[{"href":"https:\/\/dekkbi.com\/index.php?rest_route=%2Fwp%2Fv2%2Fmedia&parent=46571"}],"wp:term":[{"taxonomy":"category","embeddable":true,"href":"https:\/\/dekkbi.com\/index.php?rest_route=%2Fwp%2Fv2%2Fcategories&post=46571"},{"taxonomy":"post_tag","embeddable":true,"href":"https:\/\/dekkbi.com\/index.php?rest_route=%2Fwp%2Fv2%2Ftags&post=46571"}],"curies":[{"name":"wp","href":"https:\/\/api.w.org\/{rel}","templated":true}]}}