{"id":46568,"date":"2024-11-18T10:29:33","date_gmt":"2024-11-18T10:29:33","guid":{"rendered":"https:\/\/dekkbi.com\/?p=46568"},"modified":"2024-11-18T10:29:33","modified_gmt":"2024-11-18T10:29:33","slug":"legislatives-2024-les-felicitations-pour-pastef","status":"publish","type":"post","link":"https:\/\/dekkbi.com\/?p=46568","title":{"rendered":"L\u00e9gislatives 2024: LES FELICITATIONS POUR PASTEF !"},"content":{"rendered":"\n<h2 class=\"wp-block-heading\"><\/h2>\n\n\n\n<h2 class=\"wp-block-heading\">MACKY SALL<\/h2>\n\n\n\n<p>\u00ab Je voudrais, en mon nom personnel et en celui des leaders et membres de la Coalition Takku Wallu S\u00e9n\u00e9gal, f\u00e9liciter la Coalition Pastef pour sa victoire \u00e0 l&rsquo;issue des \u00e9lections l\u00e9gislatives de ce dimanche 17 novembre 2024.<\/p>\n\n\n\n<p>Le peuple souverain s&rsquo;est clairement exprim\u00e9, confirmant une fois de plus sa maturit\u00e9 politique, son attachement aux valeurs r\u00e9publicaines et \u00e0 la d\u00e9mocratie, socles de notre coh\u00e9sion sociale et de notre vivre ensemble.<\/p>\n\n\n\n<h2 class=\"wp-block-heading\">AMADOU BA<\/h2>\n\n\n\n<p><strong>Je f\u00e9licite chaleureusement PASTEF<\/strong>&nbsp;pour cette victoire qui refl\u00e8te la volont\u00e9 du peuple. Ce moment, au-del\u00e0 des clivages, est une victoire pour notre d\u00e9mocratie et pour le S\u00e9n\u00e9gal. Il nous rappelle que l\u2019essence de la politique est de servir, d\u2019\u00e9couter et de construire ensemble.<\/p>\n\n\n\n<p>Je renouvelle mon engagement ind\u00e9fectible \u00e0 \u0153uvrer pour l\u2019unit\u00e9, la stabilit\u00e9 et le progr\u00e8s de notre cher pays. Au-del\u00e0 des comp\u00e9titions \u00e9lectorales, c\u2019est le S\u00e9n\u00e9gal qui doit toujours gagner et c\u2019est le S\u00e9n\u00e9gal qui a encore gagn\u00e9 aujourd\u2019hui.<\/p>\n\n\n\n<p><\/p>\n\n\n\n<h2 class=\"wp-block-heading\">BARTHELEMY DIAS <\/h2>\n\n\n\n<p>\u201cLe S\u00e9n\u00e9gal vient de vivre un moment d\u00e9mocratique fort. En ma qualit\u00e9 de t\u00eate de liste de la coalition Samm Sa Kaddu, je tiens \u00e0 f\u00e9liciter chaleureusement le vainqueur des \u00e9lections, Pastef, pour sa victoire\u201d, a \u00e9crit Barth\u00e9l\u00e9my Dias dans un communiqu\u00e9 partag\u00e9 sur son r\u00e9seau social Facebook.<\/p>\n\n\n\n<p><\/p>\n\n\n\n<h2 class=\"wp-block-heading\">BOUGANE GUEYE DANY<\/h2>\n\n\n\n<p>Chers compatriotes, Gueum Sa Bopp Les Jambars f\u00e9licite M. Ousmane Sonko et le Pastef. Les S\u00e9n\u00e9galais ont vot\u00e9 et confirm\u00e9 leur choix du 24 mars dernier. Je remercie mes camarades de Samm Sa Kaddu, pour l\u2019engagement et la d\u00e9termination manifest\u00e9s durant la campagne. Nous en tirons toutes les cons\u00e9quences et r\u00e9it\u00e9rons notre ancrage dans l\u2019opposition.<\/p>\n\n\n\n<p><\/p>\n\n\n\n<h2 class=\"wp-block-heading\">THIERNO BOCOUM<\/h2>\n\n\n\n<p>Thierno Bocoum f\u00e9licite la coalition Pastef pour sa victoire.\u00a0 \u00ab\u00a0Nos encouragements aux leaders, militants et sympathisants de S\u00e0mm Sa K\u00e0ddu et de toute l\u2019inter coalition\u00a0\u00bb,a-t-\u00e9crit sur ces pages.<\/p>\n\n\n\n<p><\/p>\n","protected":false},"excerpt":{"rendered":"<p>MACKY SALL \u00ab Je voudrais, en mon nom personnel et en celui des leaders et membres de la Coalition Takku<\/p>\n","protected":false},"author":1,"featured_media":46564,"comment_status":"open","ping_status":"open","sticky":false,"template":"","format":"standard","meta":{"footnotes":""},"categories":[21],"tags":[],"class_list":["post-46568","post","type-post","status-publish","format-standard","has-post-thumbnail","hentry","category-societe"],"_links":{"self":[{"href":"https:\/\/dekkbi.com\/index.php?rest_route=\/wp\/v2\/posts\/46568","targetHints":{"allow":["GET"]}}],"collection":[{"href":"https:\/\/dekkbi.com\/index.php?rest_route=\/wp\/v2\/posts"}],"about":[{"href":"https:\/\/dekkbi.com\/index.php?rest_route=\/wp\/v2\/types\/post"}],"author":[{"embeddable":true,"href":"https:\/\/dekkbi.com\/index.php?rest_route=\/wp\/v2\/users\/1"}],"replies":[{"embeddable":true,"href":"https:\/\/dekkbi.com\/index.php?rest_route=%2Fwp%2Fv2%2Fcomments&post=46568"}],"version-history":[{"count":1,"href":"https:\/\/dekkbi.com\/index.php?rest_route=\/wp\/v2\/posts\/46568\/revisions"}],"predecessor-version":[{"id":46569,"href":"https:\/\/dekkbi.com\/index.php?rest_route=\/wp\/v2\/posts\/46568\/revisions\/46569"}],"wp:featuredmedia":[{"embeddable":true,"href":"https:\/\/dekkbi.com\/index.php?rest_route=\/wp\/v2\/media\/46564"}],"wp:attachment":[{"href":"https:\/\/dekkbi.com\/index.php?rest_route=%2Fwp%2Fv2%2Fmedia&parent=46568"}],"wp:term":[{"taxonomy":"category","embeddable":true,"href":"https:\/\/dekkbi.com\/index.php?rest_route=%2Fwp%2Fv2%2Fcategories&post=46568"},{"taxonomy":"post_tag","embeddable":true,"href":"https:\/\/dekkbi.com\/index.php?rest_route=%2Fwp%2Fv2%2Ftags&post=46568"}],"curies":[{"name":"wp","href":"https:\/\/api.w.org\/{rel}","templated":true}]}}