{"id":46552,"date":"2024-11-18T09:43:32","date_gmt":"2024-11-18T09:43:32","guid":{"rendered":"https:\/\/dekkbi.com\/?p=46552"},"modified":"2024-11-18T09:43:32","modified_gmt":"2024-11-18T09:43:32","slug":"macky-sagrippe-a-son-titre-foncier-du-nord","status":"publish","type":"post","link":"https:\/\/dekkbi.com\/?p=46552","title":{"rendered":"Macky s\u2019agrippe \u00e0 son titre foncier du Nord"},"content":{"rendered":"\n<p><strong>Le Pr\u00e9sident Sall, qui a d\u00e9cid\u00e9 de se remettre dans le jeu \u00e9lectoral 8 mois apr\u00e8s son d\u00e9part de la t\u00eate de l\u2019Etat, a perdu gros avec le triomphe \u00e9vident de Pastef. Finalement, il sauve l\u2019honneur dans le Fouta et accessoirement \u00e0 Fatick.<\/strong><\/p>\n\n\n\n<p>Sur le plan national, la liste conduite par Macky Sall a \u00e9t\u00e9 battue \u00e0 plate couture. Mais, la r\u00e9gion de Matam, consid\u00e9r\u00e9e comme son titre foncier, reste dans son escarcelle. Ce n\u2019est point une surprise, m\u00eame si l\u2019on pensait que ces r\u00e9sultats allaient \u00eatre moins pr\u00e9gnants. T\u00eate de liste de Takku Wallu Senegaal, l\u2019ex-pr\u00e9sident de la R\u00e9publique a r\u00e9ussi \u00e0 gagner les trois d\u00e9partements de Matam (Kanel, Matam et Ran\u00e9rou). Selon les premi\u00e8res tendances, il est devant dans le d\u00e9partement de Podor. Ce qui fait un cumul de 7 d\u00e9put\u00e9s dans ces quatre circonscriptions. Amadou Ba a fait une petite pouss\u00e9e, mais n\u2019a pas r\u00e9ussi \u00e0 supplanter Macky Sall dans son fief \u00e9lectoral, en d\u00e9pit de la r\u00e9alit\u00e9 \u00e9lectorale avec l\u2019\u00e9rection d\u2019inter-coalitions qui n\u2019ont pas prosp\u00e9r\u00e9 dans ces zones. A Fatick, il a r\u00e9ussi \u00e0 maintenir en \u00e9veil ses \u00e9lecteurs, d\u2019apr\u00e8s les premi\u00e8res estimations.<\/p>\n\n\n\n<p><strong>Un retour manqu\u00e9<\/strong><\/p>\n\n\n\n<p>C\u2019est une maigre consolation pour le patron de l\u2019Alliance pour la R\u00e9publique (Apr), qui n\u2019a pas renonc\u00e9 \u00e0 abandonner la politique. Quelle image va-t-il voir de lui-m\u00eame apr\u00e8s cette d\u00e9b\u00e2cle\u00a0? Il n\u2019a pas battu campagne, a multipli\u00e9 les appels vid\u00e9o par WhatsApp pour essayer de mobiliser les \u00e9lecteurs apr\u00e8s avoir quitt\u00e9 le pouvoir, il y a 8 mois. En quittant le pays sans m\u00eame faire ses adieux \u00e0 ses militants et \u00e0 ses anciens alli\u00e9s, Macky Sall a sans doute trop mis\u00e9 sur ses r\u00e9alisations pour croire qu\u2019il peut continuer \u00e0 mobiliser sa base \u00e9lectorale qu\u2019il a pens\u00e9e toujours intacte. Cette d\u00e9faite montre la d\u00e9saffection de l\u2019\u00e9lectorat s\u00e9n\u00e9galais qui n\u2019a pas cru \u00e0 ce come-back trop os\u00e9. Risqu\u00e9 m\u00eame.<\/p>\n\n\n\n<p>Par ailleurs, il faut noter la perc\u00e9e de Pastef dans la zone. Sonko a r\u00e9ussi \u00e0 grignoter quelques km2 dans le Fouta. Il a gagn\u00e9 la commune de Podor o\u00f9 Takku Wallu s\u2019est class\u00e9e 3\u00e8me derri\u00e8re la liste parrain\u00e9e par Racine Sy. Selon certaines tendances, Pastef multiplierait son score de fa\u00e7on exponentielle dans ces d\u00e9partements o\u00f9 il devra parier sur de nouvelles figures pour essayer d\u2019inverser la tendance.<\/p>\n\n\n\n<p><strong>\u00a0Par Bocar SAKHO \u2013<\/strong> &#8211; <strong>bsakho@lequotidien.sn<\/strong><\/p>\n","protected":false},"excerpt":{"rendered":"<p>Le Pr\u00e9sident Sall, qui a d\u00e9cid\u00e9 de se remettre dans le jeu \u00e9lectoral 8 mois apr\u00e8s son d\u00e9part de la<\/p>\n","protected":false},"author":1,"featured_media":43922,"comment_status":"open","ping_status":"open","sticky":false,"template":"","format":"standard","meta":{"footnotes":""},"categories":[21],"tags":[],"class_list":["post-46552","post","type-post","status-publish","format-standard","has-post-thumbnail","hentry","category-societe"],"_links":{"self":[{"href":"https:\/\/dekkbi.com\/index.php?rest_route=\/wp\/v2\/posts\/46552","targetHints":{"allow":["GET"]}}],"collection":[{"href":"https:\/\/dekkbi.com\/index.php?rest_route=\/wp\/v2\/posts"}],"about":[{"href":"https:\/\/dekkbi.com\/index.php?rest_route=\/wp\/v2\/types\/post"}],"author":[{"embeddable":true,"href":"https:\/\/dekkbi.com\/index.php?rest_route=\/wp\/v2\/users\/1"}],"replies":[{"embeddable":true,"href":"https:\/\/dekkbi.com\/index.php?rest_route=%2Fwp%2Fv2%2Fcomments&post=46552"}],"version-history":[{"count":1,"href":"https:\/\/dekkbi.com\/index.php?rest_route=\/wp\/v2\/posts\/46552\/revisions"}],"predecessor-version":[{"id":46553,"href":"https:\/\/dekkbi.com\/index.php?rest_route=\/wp\/v2\/posts\/46552\/revisions\/46553"}],"wp:featuredmedia":[{"embeddable":true,"href":"https:\/\/dekkbi.com\/index.php?rest_route=\/wp\/v2\/media\/43922"}],"wp:attachment":[{"href":"https:\/\/dekkbi.com\/index.php?rest_route=%2Fwp%2Fv2%2Fmedia&parent=46552"}],"wp:term":[{"taxonomy":"category","embeddable":true,"href":"https:\/\/dekkbi.com\/index.php?rest_route=%2Fwp%2Fv2%2Fcategories&post=46552"},{"taxonomy":"post_tag","embeddable":true,"href":"https:\/\/dekkbi.com\/index.php?rest_route=%2Fwp%2Fv2%2Ftags&post=46552"}],"curies":[{"name":"wp","href":"https:\/\/api.w.org\/{rel}","templated":true}]}}