{"id":46543,"date":"2024-11-18T09:25:22","date_gmt":"2024-11-18T09:25:22","guid":{"rendered":"https:\/\/dekkbi.com\/?p=46543"},"modified":"2024-11-18T09:25:23","modified_gmt":"2024-11-18T09:25:23","slug":"pastef-largement-en-tete-selon-les-resultats-partiels-et-provisoires","status":"publish","type":"post","link":"https:\/\/dekkbi.com\/?p=46543","title":{"rendered":"Pastef largement en t\u00eate, selon les r\u00e9sultats partiels et provisoires"},"content":{"rendered":"\n<p>Dakar, (APS) \u2013 La liste de Pastef, dirig\u00e9e par le Premier ministre Ousmane Sonko, a obtenu une large majorit\u00e9 de si\u00e8ges \u00e0 l\u2019Assembl\u00e9e nationale, selon les r\u00e9sultats partiels et provisoires publi\u00e9s par les bureaux de vote au S\u00e9n\u00e9gal et \u00e0 l\u2019\u00e9tranger.<\/p>\n\n\n\n<p>Dans la plupart des r\u00e9sultats aux \u00e9lections l\u00e9gislatives anticip\u00e9es de ce dimanche, le parti du chef du gouvernement est souvent suivi des coalitions S\u00e0mm Sa K\u00e0ddu et Takku Wallu S\u00e9n\u00e9gal, respectivement dirig\u00e9es par le maire de Dakar, Barth\u00e9l\u00e9my Dias, et l\u2019ex-pr\u00e9sident de la R\u00e9publique, Macky Sall.<\/p>\n\n\n\n<p>La liste J\u00e0mm Ak Njari\u00f1 de l\u2019ancien Premier ministre Amadou Ba joue aussi les seconds r\u00f4les aux c\u00f4t\u00e9s de celles de MM. Dias et Sall.<\/p>\n\n\n\n<p>Des leaders de l\u2019opposition ont reconnu la victoire de Pastef et ont f\u00e9licit\u00e9 son leader et ses candidats.<\/p>\n\n\n\n<p>\u2018\u2019Je f\u00e9licite chaleureusement Pastef pour cette victoire qui refl\u00e8te la volont\u00e9 du peuple. Ce moment, au-del\u00e0 des clivages, est une victoire pour notre d\u00e9mocratie, pour le S\u00e9n\u00e9gal\u2019\u2019, a \u00e9crit Amadou Ba sur sa page Facebook.<\/p>\n\n\n\n<p>\u2018\u2019Au-del\u00e0 des comp\u00e9titions \u00e9lectorales, c\u2019est le S\u00e9n\u00e9gal qui doit toujours gagner. C\u2019est le S\u00e9n\u00e9gal qui a encore gagn\u00e9\u2019\u2019, a ajout\u00e9 l\u2019ancien Premier ministre.<\/p>\n\n\n\n<p>Barth\u00e9l\u00e9my Dias a aussi reconnu la victoire du parti d\u2019Ousmane Sonko. \u2018\u2019En ma qualit\u00e9 de t\u00eate de liste de la coalition S\u00e0mm Sa K\u00e0ddu, je tiens \u00e0 f\u00e9liciter chaleureusement le vainqueur des \u00e9lections, Pastef, pour sa victoire\u2019\u2019, a r\u00e9agi M. Dias sur sa page Facebook.<\/p>\n\n\n\n<p>\u2018\u2019J\u2019exhorte le camp pr\u00e9sidentiel \u00e0 d\u00e9sormais se pencher sur la satisfaction des besoins des S\u00e9n\u00e9galais\u2019\u2019, a \u00e9crit l\u2019opposant Bougane Gu\u00e8ye Dany, l\u2019un des colistiers du maire de Dakar.<\/p>\n\n\n\n<p>\u2018\u2019Les S\u00e9n\u00e9galais ont vot\u00e9 et confirm\u00e9 leur choix du 24 mars dernier [l\u2019\u00e9lection de Bassirou Diomaye Faye, l\u2019un des leaders de Pastef]. Je remercie mes camarades de S\u00e0mm Sa K\u00e0ddu pour l\u2019engagement et la d\u00e9termination manifest\u00e9s durant la campagne. Nous en tirons toutes les cons\u00e9quences et r\u00e9it\u00e9rons notre ancrage dans l\u2019opposition\u2019\u2019, a-t-il ajout\u00e9.<\/p>\n\n\n\n<p>Quelque 7.300.000 S\u00e9n\u00e9galais \u00e9taient appel\u00e9s aux urnes ce dimanche pour \u00e9lire 165 d\u00e9put\u00e9s, dont 15 charg\u00e9s de repr\u00e9senter les citoyens du pays vivant \u00e0 l\u2019\u00e9tranger.<\/p>\n\n\n\n<p>Quarante et une listes de partis ou coalitions de partis ont pris part \u00e0 ce scrutin l\u00e9gislatif anticip\u00e9.<\/p>\n\n\n\n<p>Cent douze si\u00e8ges sont pourvus au scrutin de liste majoritaire. La liste arriv\u00e9e en t\u00eate dans chacun des 46 d\u00e9partements du pays obtient l\u2019ensemble des si\u00e8ges en jeu, soit un total de 112 si\u00e8ges r\u00e9partis suivant la d\u00e9mographie et le poids \u00e9conomique de chaque circonscription \u00e9lectorale.<\/p>\n\n\n\n<p>Cinquante-trois si\u00e8ges sont pourvus au scrutin proportionnel.<\/p>\n\n\n\n<p>ESF\/ABB\/MTN\/ASG<\/p>\n","protected":false},"excerpt":{"rendered":"<p>Dakar, (APS) \u2013 La liste de Pastef, dirig\u00e9e par le Premier ministre Ousmane Sonko, a obtenu une large majorit\u00e9 de<\/p>\n","protected":false},"author":1,"featured_media":38752,"comment_status":"open","ping_status":"open","sticky":false,"template":"","format":"standard","meta":{"footnotes":""},"categories":[6],"tags":[],"class_list":["post-46543","post","type-post","status-publish","format-standard","has-post-thumbnail","hentry","category-politics"],"_links":{"self":[{"href":"https:\/\/dekkbi.com\/index.php?rest_route=\/wp\/v2\/posts\/46543","targetHints":{"allow":["GET"]}}],"collection":[{"href":"https:\/\/dekkbi.com\/index.php?rest_route=\/wp\/v2\/posts"}],"about":[{"href":"https:\/\/dekkbi.com\/index.php?rest_route=\/wp\/v2\/types\/post"}],"author":[{"embeddable":true,"href":"https:\/\/dekkbi.com\/index.php?rest_route=\/wp\/v2\/users\/1"}],"replies":[{"embeddable":true,"href":"https:\/\/dekkbi.com\/index.php?rest_route=%2Fwp%2Fv2%2Fcomments&post=46543"}],"version-history":[{"count":1,"href":"https:\/\/dekkbi.com\/index.php?rest_route=\/wp\/v2\/posts\/46543\/revisions"}],"predecessor-version":[{"id":46544,"href":"https:\/\/dekkbi.com\/index.php?rest_route=\/wp\/v2\/posts\/46543\/revisions\/46544"}],"wp:featuredmedia":[{"embeddable":true,"href":"https:\/\/dekkbi.com\/index.php?rest_route=\/wp\/v2\/media\/38752"}],"wp:attachment":[{"href":"https:\/\/dekkbi.com\/index.php?rest_route=%2Fwp%2Fv2%2Fmedia&parent=46543"}],"wp:term":[{"taxonomy":"category","embeddable":true,"href":"https:\/\/dekkbi.com\/index.php?rest_route=%2Fwp%2Fv2%2Fcategories&post=46543"},{"taxonomy":"post_tag","embeddable":true,"href":"https:\/\/dekkbi.com\/index.php?rest_route=%2Fwp%2Fv2%2Ftags&post=46543"}],"curies":[{"name":"wp","href":"https:\/\/api.w.org\/{rel}","templated":true}]}}