{"id":46524,"date":"2024-11-15T12:11:31","date_gmt":"2024-11-15T12:11:31","guid":{"rendered":"https:\/\/dekkbi.com\/?p=46524"},"modified":"2024-11-15T12:11:31","modified_gmt":"2024-11-15T12:11:31","slug":"noah-fadiga-opere-au-coeur-avec-succes-apres-son-malaise-face-au-standard-tout-sest-bien-passe","status":"publish","type":"post","link":"https:\/\/dekkbi.com\/?p=46524","title":{"rendered":"Noah Fadiga op\u00e9r\u00e9 au c\u0153ur avec succ\u00e8s apr\u00e8s son malaise face au Standard: \u201cTout s\u2019est bien pass\u00e9\u201d"},"content":{"rendered":"\n<p>Le joueur de la Gantoise Noah Fadiga a \u00e9t\u00e9 op\u00e9r\u00e9 au c\u0153ur, a annonc\u00e9 sa m\u00e8re Jill De Ras jeudi soir sur les r\u00e9seaux sociaux. Le d\u00e9fenseur s\u00e9n\u00e9galais de 24 ans avait subi un malaise dimanche lors de la victoire des Buffalos contre le Standard (5-0).<\/p>\n\n\n\n<p>\u201cJe suis heureuse de vous annoncer que l\u2019op\u00e9ration de Noah s\u2019est bien d\u00e9roul\u00e9e\u201d a indiqu\u00e9 De Ras. \u201cTout s\u2019est bien pass\u00e9 et je suis reconnaissante pour les excellents soins qui lui ont \u00e9t\u00e9 prodigu\u00e9s\u201d.<\/p>\n\n\n\n<p>Fadiga s\u2019est vu diagnostiquer une myocardite. Celle-ci a \u00e9t\u00e9 \u00e0 l\u2019origine d\u2019une arythmie cardiaque, \u00e0 l\u2019origine de son effondrement sur la pelouse dimanche. \u201cLa poursuite de sa carri\u00e8re n\u2019est pas compromise\u201d, avait rassur\u00e9 le club gantois dans un communiqu\u00e9 publi\u00e9 mercredi, mais un d\u00e9fibrillateur devait \u00eatre install\u00e9 pour \u201cassurer la protection\u201d du joueur.<\/p>\n\n\n\n<h2 class=\"wp-block-heading\">Imbroglio autour de ses probl\u00e8mes cardiaques<\/h2>\n\n\n\n<p>Le p\u00e8re de Noah, Khalilou Fadiga, un joueur pass\u00e9 par Lommel, le Club Bruges, La Gantoise et le Beerschot, souffrait \u00e9galement de probl\u00e8mes cardiaques. La Gantoise a toutefois expliqu\u00e9 que \u201cl\u2019hypoth\u00e8se d\u2019un probl\u00e8me h\u00e9r\u00e9ditaire avait \u00e9t\u00e9 \u00e9cart\u00e9e\u201d lors d\u2019examens apr\u00e8s qu\u2019il avait \u00e9t\u00e9 annonc\u00e9 en juillet 2023 que Fadiga souffrait de probl\u00e8mes cardiaques.<\/p>\n\n\n\n<p>Le cardiologue Pedro Brugada, m\u00e9decin traitant du joueur, l\u2019avait autoris\u00e9 \u00e0 \u201cpoursuivre sa carri\u00e8re sans aucun risque\u201d. La commission m\u00e9dicale de la f\u00e9d\u00e9ration fran\u00e7aise de football en avait n\u00e9anmoins d\u00e9cid\u00e9 autrement et r\u00e9voqu\u00e9 la licence du joueur qui a d\u00fb quitter son club d\u2019alors, le Stade brestois.<\/p>\n","protected":false},"excerpt":{"rendered":"<p>Le joueur de la Gantoise Noah Fadiga a \u00e9t\u00e9 op\u00e9r\u00e9 au c\u0153ur, a annonc\u00e9 sa m\u00e8re Jill De Ras jeudi<\/p>\n","protected":false},"author":1,"featured_media":46525,"comment_status":"open","ping_status":"open","sticky":false,"template":"","format":"standard","meta":{"footnotes":""},"categories":[9],"tags":[],"class_list":["post-46524","post","type-post","status-publish","format-standard","has-post-thumbnail","hentry","category-sports"],"_links":{"self":[{"href":"https:\/\/dekkbi.com\/index.php?rest_route=\/wp\/v2\/posts\/46524","targetHints":{"allow":["GET"]}}],"collection":[{"href":"https:\/\/dekkbi.com\/index.php?rest_route=\/wp\/v2\/posts"}],"about":[{"href":"https:\/\/dekkbi.com\/index.php?rest_route=\/wp\/v2\/types\/post"}],"author":[{"embeddable":true,"href":"https:\/\/dekkbi.com\/index.php?rest_route=\/wp\/v2\/users\/1"}],"replies":[{"embeddable":true,"href":"https:\/\/dekkbi.com\/index.php?rest_route=%2Fwp%2Fv2%2Fcomments&post=46524"}],"version-history":[{"count":1,"href":"https:\/\/dekkbi.com\/index.php?rest_route=\/wp\/v2\/posts\/46524\/revisions"}],"predecessor-version":[{"id":46526,"href":"https:\/\/dekkbi.com\/index.php?rest_route=\/wp\/v2\/posts\/46524\/revisions\/46526"}],"wp:featuredmedia":[{"embeddable":true,"href":"https:\/\/dekkbi.com\/index.php?rest_route=\/wp\/v2\/media\/46525"}],"wp:attachment":[{"href":"https:\/\/dekkbi.com\/index.php?rest_route=%2Fwp%2Fv2%2Fmedia&parent=46524"}],"wp:term":[{"taxonomy":"category","embeddable":true,"href":"https:\/\/dekkbi.com\/index.php?rest_route=%2Fwp%2Fv2%2Fcategories&post=46524"},{"taxonomy":"post_tag","embeddable":true,"href":"https:\/\/dekkbi.com\/index.php?rest_route=%2Fwp%2Fv2%2Ftags&post=46524"}],"curies":[{"name":"wp","href":"https:\/\/api.w.org\/{rel}","templated":true}]}}