{"id":46520,"date":"2024-11-15T12:06:17","date_gmt":"2024-11-15T12:06:17","guid":{"rendered":"https:\/\/dekkbi.com\/?p=46520"},"modified":"2024-11-15T12:06:39","modified_gmt":"2024-11-15T12:06:39","slug":"un-bref-incident-en-tribunes-et-le-calme-plat-sur-la-pelouse-entre-la-france-et-lisrael","status":"publish","type":"post","link":"https:\/\/dekkbi.com\/?p=46520","title":{"rendered":"Un bref incident en tribunes et le calme plat sur la pelouse entre la France et l\u2019Isra\u00ebl"},"content":{"rendered":"\n<p>La France est assur\u00e9e de participer aux quarts de finale de la Ligue des Nations jeudi soir apr\u00e8s un point obtenu face \u00e0 Isra\u00ebl (0-0), lors de la 5e journ\u00e9e du groupe A2 \u00e0 Saint-Denis. Les Bleus sont deuxi\u00e8mes avec 10 points, trois de moins que l\u2019Italie qui a battu la Belgique (4 points) dans le m\u00eame temps (0-1).<\/p>\n\n\n\n<p>Dans un stade aux trois quarts vide, o\u00f9 un dispositif s\u00e9curitaire exceptionnel avait \u00e9t\u00e9 mis en place dans un climat tendu apr\u00e8s les violences de la semaine derni\u00e8re en marge d\u2019un match du Maccabi Tel-Aviv \u00e0 Amsterdam, la France a domin\u00e9 son adversaire dans le jeu (70% de possession, 24 tirs \u00e0 3) sans r\u00e9ussir \u00e0 se montrer d\u00e9cisive. Didier Deschamps avait fait le choix de se passer de son capitaine Kylian Mbapp\u00e9 pour ce rassemblement.<\/p>\n\n\n\n<p>Malgr\u00e9 un bref incident en tribunes, le match s\u2019est d\u00e9roul\u00e9 dans le calme. Des fans de l\u2019\u00e9quipe visiteuse \u00e9taient diss\u00e9min\u00e9s un peu partout dans le stade, avec des drapeaux isra\u00e9liens. Leur hymne national a d\u00e9clench\u00e9 quelques sifflets \u00e9pars d\u2019une partie du public. La France peut encore esp\u00e9rer d\u00e9passer l\u2019Italie \u00e0 la premi\u00e8re place du classement. Les Bleus devront s\u2019imposer avec plus de deux buts d\u2019\u00e9cart sur la Squadra Azzurra dimanche \u00e0 Milan.<\/p>\n\n\n\n<p>Plusieurs centaines de personnes avaient manifest\u00e9 jeudi soir \u00e0 Saint-Denis pr\u00e8s de Paris pour demander \u00e0 la France de dire \u201cstop au g\u00e9nocide\u201d \u00e0 Gaza, avant le match France-Isra\u00ebl au Stade de France, a constat\u00e9 une journaliste de l\u2019AFP. Le slogan du rassemblement \u00e9tait \u201con ne joue pas avec le g\u00e9nocide\u201d, le jour m\u00eame o\u00f9 un comit\u00e9 sp\u00e9cial de l\u2019ONU a conclu que les m\u00e9thodes de guerre employ\u00e9es par Isra\u00ebl dans la bande de Gaza \u201ccorrespondent aux caract\u00e9ristiques d\u2019un g\u00e9nocide\u201d.<\/p>\n\n\n\n<p>Ceint de l\u2019\u00e9charpe tricolore, le d\u00e9put\u00e9 LFI Eric Coquerel a lanc\u00e9 devant quelques centaines de manifestants r\u00e9unis sur la place du Front populaire \u00e0 Saint-Denis (Seine-Saint-Denis), deux heures avant le coup d\u2019envoi de la rencontre: \u201cC\u2019est un match de seconde zone mais, fait rare, (on annonce) la pr\u00e9sence du pr\u00e9sident de la R\u00e9publique, du Premier ministre, du ministre de l\u2019Int\u00e9rieur, de deux anciens pr\u00e9sidents. Comment voulez-vous que (le Premier ministre d\u2019Isra\u00ebl) Benyamin Netanyahou n\u2019entende pas \u2018vous pouvez continuer le g\u00e9nocide\u2019?\u201d<\/p>\n\n\n\n<p><\/p>\n","protected":false},"excerpt":{"rendered":"<p>La France est assur\u00e9e de participer aux quarts de finale de la Ligue des Nations jeudi soir apr\u00e8s un point<\/p>\n","protected":false},"author":1,"featured_media":46521,"comment_status":"open","ping_status":"open","sticky":false,"template":"","format":"standard","meta":{"footnotes":""},"categories":[9],"tags":[],"class_list":["post-46520","post","type-post","status-publish","format-standard","has-post-thumbnail","hentry","category-sports"],"_links":{"self":[{"href":"https:\/\/dekkbi.com\/index.php?rest_route=\/wp\/v2\/posts\/46520","targetHints":{"allow":["GET"]}}],"collection":[{"href":"https:\/\/dekkbi.com\/index.php?rest_route=\/wp\/v2\/posts"}],"about":[{"href":"https:\/\/dekkbi.com\/index.php?rest_route=\/wp\/v2\/types\/post"}],"author":[{"embeddable":true,"href":"https:\/\/dekkbi.com\/index.php?rest_route=\/wp\/v2\/users\/1"}],"replies":[{"embeddable":true,"href":"https:\/\/dekkbi.com\/index.php?rest_route=%2Fwp%2Fv2%2Fcomments&post=46520"}],"version-history":[{"count":2,"href":"https:\/\/dekkbi.com\/index.php?rest_route=\/wp\/v2\/posts\/46520\/revisions"}],"predecessor-version":[{"id":46523,"href":"https:\/\/dekkbi.com\/index.php?rest_route=\/wp\/v2\/posts\/46520\/revisions\/46523"}],"wp:featuredmedia":[{"embeddable":true,"href":"https:\/\/dekkbi.com\/index.php?rest_route=\/wp\/v2\/media\/46521"}],"wp:attachment":[{"href":"https:\/\/dekkbi.com\/index.php?rest_route=%2Fwp%2Fv2%2Fmedia&parent=46520"}],"wp:term":[{"taxonomy":"category","embeddable":true,"href":"https:\/\/dekkbi.com\/index.php?rest_route=%2Fwp%2Fv2%2Fcategories&post=46520"},{"taxonomy":"post_tag","embeddable":true,"href":"https:\/\/dekkbi.com\/index.php?rest_route=%2Fwp%2Fv2%2Ftags&post=46520"}],"curies":[{"name":"wp","href":"https:\/\/api.w.org\/{rel}","templated":true}]}}