{"id":46516,"date":"2024-11-15T12:00:30","date_gmt":"2024-11-15T12:00:30","guid":{"rendered":"https:\/\/dekkbi.com\/?p=46516"},"modified":"2024-11-15T12:36:53","modified_gmt":"2024-11-15T12:36:53","slug":"marine-le-pen-empechee-de-se-presenter-a-la-presidentielle-en-2027","status":"publish","type":"post","link":"https:\/\/dekkbi.com\/?p=46516","title":{"rendered":"Marine Le Pen emp\u00each\u00e9e de se pr\u00e9senter en 2027?"},"content":{"rendered":"\n<p>Le r\u00e9quisitoire dans l\u2019affaire des assistants d\u2019eurod\u00e9put\u00e9s RN (ex-FN) fait grand bruit en France. Marine Le Pen, soup\u00e7onn\u00e9e de d\u00e9tournement de fonds publics, pourrait \u00eatre interdite de se pr\u00e9senter \u00e0 la prochaine pr\u00e9sidentielle. Outre deux ans de prison ferme am\u00e9nageables, cinq ans d\u2019in\u00e9ligibilit\u00e9 sont \u00e9galement requis par le parquet contre la pr\u00e9sidente du Rassemblement national.<\/p>\n\n\n\n<p>Par :Rapha\u00ebl Delvolve &#8211; RFI <\/p>\n\n\n\n<p>Le risque pour\u00a0<strong>Marine Le Pen<\/strong>\u00a0est r\u00e9el. Si, en d\u00e9but d\u2019ann\u00e9e prochaine, les juges du fond suivent \u00e0 la lettre les r\u00e9quisitions du parquet &#8211;\u00a0<strong>deux ans de prison ferme am\u00e9nageables<\/strong>\u00a0et cinq ans d&rsquo;in\u00e9ligibilit\u00e9 &#8211; elle ne pourrait pas pas concourir \u00e0 une quatri\u00e8me pr\u00e9sidentielle de suite. Il y aurait ce que l\u2019on appelle en droit une \u00ab\u00a0<em>ex\u00e9cution provisoire\u00a0<\/em>\u00bb, c\u2019est-\u00e0-dire l\u2019impossibilit\u00e9 de suspendre la peine prononc\u00e9e m\u00eame en faisant appel. En l\u2019occurrence, cinq ans sans pouvoir se pr\u00e9senter \u00e0 une \u00e9lection, \u00e0 moins d\u2019un nouveau jugement plus favorable. Et encore, il faudrait qu&rsquo;il soit rendu avant la pr\u00e9sidentielle de 2027.<\/p>\n\n\n\n<p><em>\u00ab&nbsp;Emp\u00eacher la favorite \u00e0 la pr\u00e9sidentielle de se pr\u00e9senter ne serait pas digne d\u2019une grande d\u00e9mocratie comme la France&nbsp;\u00bb,<\/em>&nbsp;a d\u00e9clar\u00e9, un brin inquiet, le d\u00e9put\u00e9 RN Thomas Menag\u00e9. L\u2019\u00e9lu d&rsquo;extr\u00eame-droite se dit toutefois convaincu que le dossier contre le RN est&nbsp;<em>\u00ab&nbsp;bancal&nbsp;\u00bb.&nbsp;<\/em>Selon lui,&nbsp;\u00ab&nbsp;<em>il n\u2019y a pas eu d\u2019enrichissement personnel<\/em>&nbsp;\u00bb de la part de Marine Le Pen. Il est reproch\u00e9 \u00e0 la pr\u00e9sidente du RN d\u2019avoir orchestr\u00e9, en tant que cheffe de parti, un syst\u00e8me dans lequel les assistants de d\u00e9put\u00e9s europ\u00e9ens financ\u00e9s par l&rsquo;UE \u00e9taient surtout utilis\u00e9s pour des activit\u00e9s li\u00e9es au RN, au d\u00e9triment de leur mission parlementaire \u00e0 Strasbourg.<\/p>\n\n\n\n<h2 class=\"wp-block-heading\">Une classe politique divis\u00e9e<\/h2>\n\n\n\n<p>La possible absence de la candidate Le Pen en 2027 inqui\u00e8te en partie, y compris les adversaires les plus r\u00e9solus. L\u2019ancien ministre de l\u2019Int\u00e9rieur, G\u00e9rald Darmanin, \u00e9crivait d\u00e8s ce mercredi sur X&nbsp;:&nbsp;\u00ab<em>&nbsp;Combattre Marine Le Pen se fait dans les urnes, pas ailleurs&nbsp;<\/em>[&#8230;]<em>&nbsp;\u00e9vitons de creuser le foss\u00e9 entre les citoyens et les \u00e9lites&nbsp;<\/em>\u00bb<em>.<\/em>&nbsp;<\/p>\n\n\n\n<p>Pour afficher ce contenu X (Twitter), il est n\u00e9cessaire d&rsquo;autoriser les cookies de mesure d&rsquo;audience et de publicit\u00e9.AccepterG\u00e9rer mes choix<\/p>\n\n\n\n<p>Chez le MoDem, qui a \u00e9galement \u00e9t\u00e9 soup\u00e7onn\u00e9 de d\u00e9tournement de fonds publics via ses \u00e9lus au Parlement europ\u00e9en, certains partagent cette position.&nbsp;<em>\u00ab&nbsp;Je pense qu\u2019elle ne doit pas \u00eatre condamn\u00e9e. \u00c7a n\u2019est pas juste et on pourrait penser qu\u2019il y a une R\u00e9publique des juges&nbsp;\u00bb,&nbsp;<\/em>a&nbsp;d\u00e9clar\u00e9 Richard Ramos, d\u00e9put\u00e9 centriste pourtant connu pour des joutes tr\u00e8s frontales avec l\u2019extr\u00eame-droite dans l\u2019h\u00e9micycle.<\/p>\n\n\n\n<p>\u00c0 gauche, cette lev\u00e9e de bouclier n\u2019a pas du tout \u00e9t\u00e9 suivie, au contraire. \u00ab&nbsp;<em>Si Marine Le Pen ne peut pas se pr\u00e9senter, c\u2019est parce qu\u2019elle aura d\u00e9tourn\u00e9 des centaines de milliers d\u2019euros d\u2019argent public et qu\u2019elle aura \u00e9t\u00e9 condamn\u00e9e pour cela. C\u2019est l\u2019un des principes fondamentaux de notre R\u00e9publique, la m\u00eame loi pour tous, puissants ou mis\u00e9rables<\/em>&nbsp;\u00bb, a<em>&nbsp;<\/em>estim\u00e9 le d\u00e9put\u00e9 PS Arthur Delaporte. Il est rejoint par des personnalit\u00e9s de droite comme Xavier Bertrand, pr\u00e9sident LR de la r\u00e9gion Hauts-de-France et dont l\u2019accession \u00e0 Matignon cet \u00e9t\u00e9 avait \u00e9t\u00e9 en grande partie emp\u00each\u00e9e par Marine Le Pen.<\/p>\n\n\n\n<p>Les juges doivent rendre leur d\u00e9cision dans le courant du premier trimestre 2025. L\u2019une des grandes questions \u00e0 trancher&nbsp;: les faits reproch\u00e9s au RN sont-ils suffisamment graves pour emp\u00eacher leur porte-voix, qualifi\u00e9e deux fois au second tour de la pr\u00e9sidentielle, et pesant pr\u00e8s de 11 millions de voix, de se pr\u00e9senter aux \u00e9lections ? Dans tous les cas, les cons\u00e9quences seront lourdes.<\/p>\n","protected":false},"excerpt":{"rendered":"<p>Le r\u00e9quisitoire dans l\u2019affaire des assistants d\u2019eurod\u00e9put\u00e9s RN (ex-FN) fait grand bruit en France. Marine Le Pen, soup\u00e7onn\u00e9e de d\u00e9tournement<\/p>\n","protected":false},"author":1,"featured_media":46517,"comment_status":"open","ping_status":"open","sticky":false,"template":"","format":"standard","meta":{"footnotes":""},"categories":[51],"tags":[],"class_list":["post-46516","post","type-post","status-publish","format-standard","has-post-thumbnail","hentry","category-general"],"_links":{"self":[{"href":"https:\/\/dekkbi.com\/index.php?rest_route=\/wp\/v2\/posts\/46516","targetHints":{"allow":["GET"]}}],"collection":[{"href":"https:\/\/dekkbi.com\/index.php?rest_route=\/wp\/v2\/posts"}],"about":[{"href":"https:\/\/dekkbi.com\/index.php?rest_route=\/wp\/v2\/types\/post"}],"author":[{"embeddable":true,"href":"https:\/\/dekkbi.com\/index.php?rest_route=\/wp\/v2\/users\/1"}],"replies":[{"embeddable":true,"href":"https:\/\/dekkbi.com\/index.php?rest_route=%2Fwp%2Fv2%2Fcomments&post=46516"}],"version-history":[{"count":2,"href":"https:\/\/dekkbi.com\/index.php?rest_route=\/wp\/v2\/posts\/46516\/revisions"}],"predecessor-version":[{"id":46534,"href":"https:\/\/dekkbi.com\/index.php?rest_route=\/wp\/v2\/posts\/46516\/revisions\/46534"}],"wp:featuredmedia":[{"embeddable":true,"href":"https:\/\/dekkbi.com\/index.php?rest_route=\/wp\/v2\/media\/46517"}],"wp:attachment":[{"href":"https:\/\/dekkbi.com\/index.php?rest_route=%2Fwp%2Fv2%2Fmedia&parent=46516"}],"wp:term":[{"taxonomy":"category","embeddable":true,"href":"https:\/\/dekkbi.com\/index.php?rest_route=%2Fwp%2Fv2%2Fcategories&post=46516"},{"taxonomy":"post_tag","embeddable":true,"href":"https:\/\/dekkbi.com\/index.php?rest_route=%2Fwp%2Fv2%2Ftags&post=46516"}],"curies":[{"name":"wp","href":"https:\/\/api.w.org\/{rel}","templated":true}]}}