{"id":46475,"date":"2024-11-15T10:34:19","date_gmt":"2024-11-15T10:34:19","guid":{"rendered":"https:\/\/dekkbi.com\/?p=46475"},"modified":"2024-11-15T10:34:20","modified_gmt":"2024-11-15T10:34:20","slug":"bilan-de-campagne-violences-electorales-avenir-de-sam-sa-kaddu-barthelemy-dias-a-coeur-ouvert","status":"publish","type":"post","link":"https:\/\/dekkbi.com\/?p=46475","title":{"rendered":"Bilan de campagne, Violences \u00e9lectorales, avenir de Sam Sa K\u00e0ddu : Barth\u00e9l\u00e9my Dias \u00e0 c\u0153ur ouvert"},"content":{"rendered":"\n<p>La t\u00eate de liste de la coalition S\u00e0m Sa K\u00e0ddu, dans un entretien accord\u00e9 \u00e0 Dakaractu, Seneweb, S\u2019en Tv et S\u00e9n\u00e9gal 7, a fait le bilan de sa campagne \u00e9lectorale \u00e0 quelques heures du scrutin ce dimanche.<\/p>\n\n\n\n<p> Barth\u00e9l\u00e9my Dias, avec Papa Djibril Fall et Thierno Bocoum sont \u00e9galement revenus sur les contours des sc\u00e8nes de violences qui ont \u00e9maill\u00e9 la campagne. <\/p>\n\n\n\n<p>Dans cet entretien, la coalition S\u00e0m Sa K\u00e0ddu n\u2019a pas aussi, \u00e9t\u00e9 tendre avec la t\u00eate de liste de Pastef, Ousmane Sonko sans oublier, de revenir sur ses perspectives post l\u00e9gislatives.\u00a0<\/p>\n\n\n\n<figure class=\"wp-block-embed is-type-rich is-provider-prise-en-charge-des-contenus-embarqu-s wp-block-embed-prise-en-charge-des-contenus-embarqu-s wp-embed-aspect-16-9 wp-has-aspect-ratio\"><div class=\"wp-block-embed__wrapper\">\n<iframe loading=\"lazy\" title=\"[ \ud83d\uded1 DIRECT ]  Bilan de campagne, Violences, avenir de Sam Sa K\u00e0ddu : Barth\u00e9l\u00e9my Dias \u00e0 c\u0153ur ouvert\" width=\"800\" height=\"450\" src=\"https:\/\/www.youtube.com\/embed\/YHuHfz8qthc?feature=oembed\" frameborder=\"0\" allow=\"accelerometer; autoplay; clipboard-write; encrypted-media; gyroscope; picture-in-picture; web-share\" referrerpolicy=\"strict-origin-when-cross-origin\" allowfullscreen><\/iframe>\n<\/div><\/figure>\n\n\n\n<p>Entretien\u2026 PAR DAKARACTU<\/p>\n","protected":false},"excerpt":{"rendered":"<p>La t\u00eate de liste de la coalition S\u00e0m Sa K\u00e0ddu, dans un entretien accord\u00e9 \u00e0 Dakaractu, Seneweb, S\u2019en Tv et<\/p>\n","protected":false},"author":1,"featured_media":46477,"comment_status":"open","ping_status":"open","sticky":false,"template":"","format":"standard","meta":{"footnotes":""},"categories":[6],"tags":[],"class_list":["post-46475","post","type-post","status-publish","format-standard","has-post-thumbnail","hentry","category-politics"],"_links":{"self":[{"href":"https:\/\/dekkbi.com\/index.php?rest_route=\/wp\/v2\/posts\/46475","targetHints":{"allow":["GET"]}}],"collection":[{"href":"https:\/\/dekkbi.com\/index.php?rest_route=\/wp\/v2\/posts"}],"about":[{"href":"https:\/\/dekkbi.com\/index.php?rest_route=\/wp\/v2\/types\/post"}],"author":[{"embeddable":true,"href":"https:\/\/dekkbi.com\/index.php?rest_route=\/wp\/v2\/users\/1"}],"replies":[{"embeddable":true,"href":"https:\/\/dekkbi.com\/index.php?rest_route=%2Fwp%2Fv2%2Fcomments&post=46475"}],"version-history":[{"count":1,"href":"https:\/\/dekkbi.com\/index.php?rest_route=\/wp\/v2\/posts\/46475\/revisions"}],"predecessor-version":[{"id":46479,"href":"https:\/\/dekkbi.com\/index.php?rest_route=\/wp\/v2\/posts\/46475\/revisions\/46479"}],"wp:featuredmedia":[{"embeddable":true,"href":"https:\/\/dekkbi.com\/index.php?rest_route=\/wp\/v2\/media\/46477"}],"wp:attachment":[{"href":"https:\/\/dekkbi.com\/index.php?rest_route=%2Fwp%2Fv2%2Fmedia&parent=46475"}],"wp:term":[{"taxonomy":"category","embeddable":true,"href":"https:\/\/dekkbi.com\/index.php?rest_route=%2Fwp%2Fv2%2Fcategories&post=46475"},{"taxonomy":"post_tag","embeddable":true,"href":"https:\/\/dekkbi.com\/index.php?rest_route=%2Fwp%2Fv2%2Ftags&post=46475"}],"curies":[{"name":"wp","href":"https:\/\/api.w.org\/{rel}","templated":true}]}}