{"id":46431,"date":"2024-11-15T09:20:09","date_gmt":"2024-11-15T09:20:09","guid":{"rendered":"https:\/\/dekkbi.com\/?p=46431"},"modified":"2024-11-15T09:20:10","modified_gmt":"2024-11-15T09:20:10","slug":"saint-louis-la-base-navale-nord-baptisee-du-nom-du-capitaine-de-vaisseau-hamedine-fall","status":"publish","type":"post","link":"https:\/\/dekkbi.com\/?p=46431","title":{"rendered":"Saint-Louis : la Base navale Nord baptis\u00e9e du nom du Capitaine de vaisseau Ham\u00e9dine Fall"},"content":{"rendered":"\n<p>Saint-Louis,  (APS) \u2013 La Base Navale Nord a \u00e9t\u00e9 baptis\u00e9e, jeudi, du nom du Capitane de Vaisseau Ham\u00e9dine Fall, lors d\u2019une c\u00e9r\u00e9monie pr\u00e9sid\u00e9e par le Contre-amiral Abdou S\u00e8ne, chef d\u2019\u00e9tat-major de la Marine nationale.<\/p>\n\n\n\n<p>\u201dJe voudrais \u00e0 l\u2019entame de mon propos vous exprimer au nom du g\u00e9n\u00e9ral de corps d\u2019arm\u00e9es Mbaye Ciss\u00e9, chef d\u2019\u00e9tat-major g\u00e9n\u00e9ral des arm\u00e9es, notre profonde gratitude pour avoir bien voulu honorer de votre pr\u00e9sence cette c\u00e9r\u00e9monie de bapt\u00eame de la Base Navale de Saint-Louis\u201d, a d\u00e9clar\u00e9 le chef d\u2019\u00e9tat-major de la Marine nationale \u00e0 l\u2019occasion de cette c\u00e9r\u00e9monie.<\/p>\n\n\n\n<p>\u201dC\u2019est donc, a-t-il ajout\u00e9, une implantation militaire et navale d\u2019une grande importance op\u00e9rationnelle que nous venons baptiser aujourd\u2019hui \u00e0 Saint-Louis dans cette ville de longue tradition de garnison.\u201d<\/p>\n\n\n\n<figure class=\"wp-block-image size-full\"><img loading=\"lazy\" decoding=\"async\" width=\"702\" height=\"392\" src=\"https:\/\/dekkbi.com\/wp-content\/uploads\/2024\/11\/Hamedine-Fall.png\" alt=\"\" class=\"wp-image-46432\" srcset=\"https:\/\/dekkbi.com\/wp-content\/uploads\/2024\/11\/Hamedine-Fall.png 702w, https:\/\/dekkbi.com\/wp-content\/uploads\/2024\/11\/Hamedine-Fall-300x168.png 300w\" sizes=\"auto, (max-width: 702px) 100vw, 702px\" \/><\/figure>\n\n\n\n<p>Selon lui, pour perp\u00e9tuer l\u2019h\u00e9ritage historique de la Marine nationale, choix ne pouvait \u00eatre plus pertinent que de lui donner le nom de feu le capitaine de vaisseau Ham\u00e9dine Fall. Il a rappel\u00e9 que le d\u00e9funt capitaine de vaisseau fut le premier et le seul officier de marine \u00e0 commander cette zone militaire N\u00ba2.<\/p>\n\n\n\n<figure class=\"wp-block-embed is-type-rich is-provider-prise-en-charge-des-contenus-embarqu-s wp-block-embed-prise-en-charge-des-contenus-embarqu-s\"><div class=\"wp-block-embed__wrapper\">\nhttps:\/\/youtube.com\/watch?v=PtpSpr8KEp4%3Flist%3DTLGGz-xjsbbdcMExNTExMjAyNA\n<\/div><\/figure>\n","protected":false},"excerpt":{"rendered":"<p>Saint-Louis, (APS) \u2013 La Base Navale Nord a \u00e9t\u00e9 baptis\u00e9e, jeudi, du nom du Capitane de Vaisseau Ham\u00e9dine Fall, lors<\/p>\n","protected":false},"author":1,"featured_media":46433,"comment_status":"open","ping_status":"open","sticky":false,"template":"","format":"standard","meta":{"footnotes":""},"categories":[26],"tags":[],"class_list":["post-46431","post","type-post","status-publish","format-standard","has-post-thumbnail","hentry","category-fait-divers"],"_links":{"self":[{"href":"https:\/\/dekkbi.com\/index.php?rest_route=\/wp\/v2\/posts\/46431","targetHints":{"allow":["GET"]}}],"collection":[{"href":"https:\/\/dekkbi.com\/index.php?rest_route=\/wp\/v2\/posts"}],"about":[{"href":"https:\/\/dekkbi.com\/index.php?rest_route=\/wp\/v2\/types\/post"}],"author":[{"embeddable":true,"href":"https:\/\/dekkbi.com\/index.php?rest_route=\/wp\/v2\/users\/1"}],"replies":[{"embeddable":true,"href":"https:\/\/dekkbi.com\/index.php?rest_route=%2Fwp%2Fv2%2Fcomments&post=46431"}],"version-history":[{"count":1,"href":"https:\/\/dekkbi.com\/index.php?rest_route=\/wp\/v2\/posts\/46431\/revisions"}],"predecessor-version":[{"id":46435,"href":"https:\/\/dekkbi.com\/index.php?rest_route=\/wp\/v2\/posts\/46431\/revisions\/46435"}],"wp:featuredmedia":[{"embeddable":true,"href":"https:\/\/dekkbi.com\/index.php?rest_route=\/wp\/v2\/media\/46433"}],"wp:attachment":[{"href":"https:\/\/dekkbi.com\/index.php?rest_route=%2Fwp%2Fv2%2Fmedia&parent=46431"}],"wp:term":[{"taxonomy":"category","embeddable":true,"href":"https:\/\/dekkbi.com\/index.php?rest_route=%2Fwp%2Fv2%2Fcategories&post=46431"},{"taxonomy":"post_tag","embeddable":true,"href":"https:\/\/dekkbi.com\/index.php?rest_route=%2Fwp%2Fv2%2Ftags&post=46431"}],"curies":[{"name":"wp","href":"https:\/\/api.w.org\/{rel}","templated":true}]}}