{"id":46385,"date":"2024-11-14T10:51:37","date_gmt":"2024-11-14T10:51:37","guid":{"rendered":"https:\/\/dekkbi.com\/?p=46385"},"modified":"2024-11-14T11:17:57","modified_gmt":"2024-11-14T11:17:57","slug":"intelligence-artificielle-coniia-et-le-synpics-forment-130-journalistes-et-techniciens","status":"publish","type":"post","link":"https:\/\/dekkbi.com\/?p=46385","title":{"rendered":"IA : CONIIA et le Synpics forment 130 journalistes et techniciens"},"content":{"rendered":"\n<p>Ce mercredi 13 novembre, une nouvelle \u00e9tape dans l&rsquo;\u00e8re num\u00e9rique a \u00e9t\u00e9 franchie au S\u00e9n\u00e9gal avec le lancement d\u2019un atelier de formation sur l\u2019intelligence artificielle (IA) d\u00e9di\u00e9 aux journalistes et techniciens des m\u00e9dias. La c\u00e9r\u00e9monie, organis\u00e9e par le Syndicat des professionnels de l&rsquo;information et de la communication du S\u00e9n\u00e9gal (SYNPICS) en partenariat avec le Conseil International de l&rsquo;Intelligence Artificielle (CONI-IA).&nbsp;<\/p>\n\n\n\n<p>Dans un contexte o\u00f9 les nouvelles technologies transforment en profondeur les m\u00e9tiers des m\u00e9dias, cette initiative vise \u00e0 doter les professionnels de comp\u00e9tences modernes pour mieux saisir les enjeux actuels et anticiper les d\u00e9fis futurs.<\/p>\n\n\n\n<p>La c\u00e9r\u00e9monie de lancement, plac\u00e9e sous le signe de la \u00ab responsabilit\u00e9 et de la libert\u00e9 \u00bb, valeurs centrales du SYNPICS a r\u00e9uni des doyens de la presse, des jeunes journalistes, des techniciens exp\u00e9riment\u00e9s, ainsi que des \u00e9tudiants du Centre d&rsquo;\u00c9tudes des Sciences et Techniques de l&rsquo;Information (CESTI) et de l&rsquo;\u00c9cole de Journalisme et de Communication (EJICOM). L\u2019objectif de cette formation, soutenue par le Comit\u00e9 National de l\u2019Intelligence Artificielle (CONI IA) et son partenaire Human AI, est double : offrir une compr\u00e9hension de l\u2019univers de l\u2019IA et encourager une application responsable des technologies intelligentes dans les pratiques journalistiques.<\/p>\n\n\n\n<p>Selon le SG du SYNPICS, cet apprentissage constitue une avanc\u00e9e cruciale pour les m\u00e9dias s\u00e9n\u00e9galais. \u00ab Chez nous, la libert\u00e9 et la responsabilit\u00e9 vont bien au-del\u00e0 de simples mots : elles se traduisent par une exigence d\u2019excellence. Les professionnels de l\u2019information se doivent d\u2019\u00eatre \u00e0 la pointe pour mieux informer \u00bb, a-t-il affirm\u00e9. En effet, alors que les nouvelles technologies red\u00e9finissent les modes de production de l\u2019information, il est essentiel que les acteurs des m\u00e9dias soient outill\u00e9s pour comprendre et exploiter ces outils de mani\u00e8re \u00e9thique et transparente.<\/p>\n\n\n\n<p>Cette formation s\u2019inscrit dans le cadre du programme MedIAfrique, port\u00e9 par CONI IA, qui \u0153uvre \u00e0 l\u2019inclusion des pays de la sous-r\u00e9gion dans la r\u00e9volution de l\u2019IA. Le S\u00e9n\u00e9gal est le troisi\u00e8me pays de la zone \u00e0 b\u00e9n\u00e9ficier de ce programme, apr\u00e8s le Togo et la C\u00f4te d\u2019Ivoire. Ce projet r\u00e9pond \u00e0 une n\u00e9cessit\u00e9 croissante pour les m\u00e9dias de se former sur les applications de l\u2019intelligence artificielle, qu\u2019il s\u2019agisse de l\u2019automatisation de certaines t\u00e2ches, de l\u2019analyse des donn\u00e9es ou de la cr\u00e9ation de contenus augment\u00e9s.<\/p>\n\n\n\n<p>Pour le Directeur de la Communication, cette formation marque un tournant. \u00ab Elle offre aux journalistes et techniciens les moyens de prendre part \u00e0 la transformation num\u00e9rique des m\u00e9dias, dans le respect des normes \u00e9thiques qui encadrent leur travail \u00bb, a-t-il soulign\u00e9, saluant le partenariat avec Human AI qui contribue activement \u00e0 promouvoir le savoir et l\u2019excellence.<\/p>\n","protected":false},"excerpt":{"rendered":"<p>Ce mercredi 13 novembre, une nouvelle \u00e9tape dans l&rsquo;\u00e8re num\u00e9rique a \u00e9t\u00e9 franchie au S\u00e9n\u00e9gal avec le lancement d\u2019un atelier<\/p>\n","protected":false},"author":1,"featured_media":46386,"comment_status":"open","ping_status":"open","sticky":false,"template":"","format":"standard","meta":{"footnotes":""},"categories":[3],"tags":[],"class_list":["post-46385","post","type-post","status-publish","format-standard","has-post-thumbnail","hentry","category-event-more-news"],"_links":{"self":[{"href":"https:\/\/dekkbi.com\/index.php?rest_route=\/wp\/v2\/posts\/46385","targetHints":{"allow":["GET"]}}],"collection":[{"href":"https:\/\/dekkbi.com\/index.php?rest_route=\/wp\/v2\/posts"}],"about":[{"href":"https:\/\/dekkbi.com\/index.php?rest_route=\/wp\/v2\/types\/post"}],"author":[{"embeddable":true,"href":"https:\/\/dekkbi.com\/index.php?rest_route=\/wp\/v2\/users\/1"}],"replies":[{"embeddable":true,"href":"https:\/\/dekkbi.com\/index.php?rest_route=%2Fwp%2Fv2%2Fcomments&post=46385"}],"version-history":[{"count":2,"href":"https:\/\/dekkbi.com\/index.php?rest_route=\/wp\/v2\/posts\/46385\/revisions"}],"predecessor-version":[{"id":46400,"href":"https:\/\/dekkbi.com\/index.php?rest_route=\/wp\/v2\/posts\/46385\/revisions\/46400"}],"wp:featuredmedia":[{"embeddable":true,"href":"https:\/\/dekkbi.com\/index.php?rest_route=\/wp\/v2\/media\/46386"}],"wp:attachment":[{"href":"https:\/\/dekkbi.com\/index.php?rest_route=%2Fwp%2Fv2%2Fmedia&parent=46385"}],"wp:term":[{"taxonomy":"category","embeddable":true,"href":"https:\/\/dekkbi.com\/index.php?rest_route=%2Fwp%2Fv2%2Fcategories&post=46385"},{"taxonomy":"post_tag","embeddable":true,"href":"https:\/\/dekkbi.com\/index.php?rest_route=%2Fwp%2Fv2%2Ftags&post=46385"}],"curies":[{"name":"wp","href":"https:\/\/api.w.org\/{rel}","templated":true}]}}