{"id":46345,"date":"2024-11-14T09:39:53","date_gmt":"2024-11-14T09:39:53","guid":{"rendered":"https:\/\/dekkbi.com\/?p=46345"},"modified":"2024-11-14T09:39:53","modified_gmt":"2024-11-14T09:39:53","slug":"le-senegal-hote-du-forum-sur-les-systemes-alimentaires-africains-en-septembre-2025-officiel","status":"publish","type":"post","link":"https:\/\/dekkbi.com\/?p=46345","title":{"rendered":"Le S\u00e9n\u00e9gal h\u00f4te du Forum sur les syst\u00e8mes alimentaires africains, en septembre 2025 (officiel)"},"content":{"rendered":"\n<p>Dinguiraye, (APS) \u2013 Le Forum annuel sur les syst\u00e8mes alimentaires africains (AFS Forum) se tiendra en septembre 2025 au S\u00e9n\u00e9gal, \u00e0 l\u2019initiative de l\u2019Alliance pour une r\u00e9volution verte en Afrique (, AGRA en anglais), une organisation ind\u00e9pendante de lutte pour l\u2019am\u00e9lioration de l\u2019agriculture africaine, a appris l\u2019APS de source officielle.<\/p>\n\n\n\n<p>\u201dLe S\u00e9n\u00e9gal vient de gagner l\u2019organisation du prochain Forum d\u2019Agra sur les syst\u00e8mes commun\u00e9ment appel\u00e9 Sommet africain de la nourriture, qui va accueillir 6 000 participants internationaux\u2019\u2019, a annonc\u00e9 le ministre de l\u2019Agriculture, de la Souverainet\u00e9 alimentaire et de l\u2019Elevage, Mabouba Diagne<\/p>\n\n\n\n<p>La derni\u00e8re \u00e9dition de ce Forum s\u2019\u00e9tait tenue du 2 au 6 septembre 2024 \u00e0 Kigali, au Rwanda, sous le th\u00e8me \u201dInnover, acc\u00e9l\u00e9rer et \u00e9voluer : R\u00e9aliser la transformation des syst\u00e8mes alimentaires \u00e0 l\u2019\u00e8re du num\u00e9rique et du climat\u201d.<\/p>\n\n\n\n<p>Le prochain Forum des syst\u00e8mes alimentaires africains qui sera organis\u00e9e par le minist\u00e8re de l\u2019Agriculture, de la Souverainet\u00e9 alimentaire et de l\u2019Elevage du S\u00e9n\u00e9gal, avec le soutien du chef de l\u2019Etat, Bassirou Diomaye Diakhar Faye, et du Premier ministre Ousmane Sonko, va \u00eatre profitable \u00e0 l\u2019\u00e9conomie nationale, a dit Mabouba Diagne.<\/p>\n\n\n\n<p>M. Diagne s\u2019exprimait, mardi, tard dans la soir\u00e9e, lors d\u2019une visite \u00e0 Dinguiraye o\u00f9 il a remis des sujets d\u2019ovins et de poussins \u00e0 des b\u00e9n\u00e9ficiaires de la F\u00e9d\u00e9ration des producteurs de ma\u00efs du Saloum (FEPROMAS). Il a \u00e9galement remis des financements dans le cadre du Projet d\u2019appui \u00e0 l\u2019insertion des jeunes ruraux agri-preneurs (Agri-Jeunes Tekki Ndaw\u00f1i).<\/p>\n\n\n\n<p>Le ministre de l\u2019Agriculture, de la Souverainet\u00e9 alimentaire et de l\u2019Elevage a \u00e9galement visit\u00e9 des p\u00e9rim\u00e8tres agricoles notamment un champ d\u2019exploitation de 50 ha de mil, de ma\u00efs et d\u2019arachide \u00e0 Keur Omar Bambara, dans la commune de Latmingu\u00e9, et une vall\u00e9e rizicole \u00e0 Keur Dame, une commune de Ndram\u00e9 Escale.<\/p>\n\n\n\n<p>\u2018\u2019Pour l\u2019organisation de ce forum, le S\u00e9n\u00e9gal \u00e9tait en comp\u00e9tition avec de grands pays comme le Nigeria\u2019\u2019, a-t-il fait remarquer, r\u00e9affirmant, par ailleurs, son engagement \u00e0 mettre en place des coop\u00e9ratives agricoles communautaires.<\/p>\n\n\n\n<p>Le Forum sur les syst\u00e8mes alimentaires en Afrique r\u00e9unit chaque ann\u00e9e les diff\u00e9rents intervenants africains et constitue une plateforme de prise de mesures effectives et de partage des exp\u00e9riences permettant de transformer les syst\u00e8mes alimentaires au niveau du continent.<\/p>\n\n\n\n<p>ADE\/ASB<\/p>\n","protected":false},"excerpt":{"rendered":"<p>Dinguiraye, (APS) \u2013 Le Forum annuel sur les syst\u00e8mes alimentaires africains (AFS Forum) se tiendra en septembre 2025 au S\u00e9n\u00e9gal,<\/p>\n","protected":false},"author":1,"featured_media":46346,"comment_status":"open","ping_status":"open","sticky":false,"template":"","format":"standard","meta":{"footnotes":""},"categories":[3],"tags":[],"class_list":["post-46345","post","type-post","status-publish","format-standard","has-post-thumbnail","hentry","category-event-more-news"],"_links":{"self":[{"href":"https:\/\/dekkbi.com\/index.php?rest_route=\/wp\/v2\/posts\/46345","targetHints":{"allow":["GET"]}}],"collection":[{"href":"https:\/\/dekkbi.com\/index.php?rest_route=\/wp\/v2\/posts"}],"about":[{"href":"https:\/\/dekkbi.com\/index.php?rest_route=\/wp\/v2\/types\/post"}],"author":[{"embeddable":true,"href":"https:\/\/dekkbi.com\/index.php?rest_route=\/wp\/v2\/users\/1"}],"replies":[{"embeddable":true,"href":"https:\/\/dekkbi.com\/index.php?rest_route=%2Fwp%2Fv2%2Fcomments&post=46345"}],"version-history":[{"count":1,"href":"https:\/\/dekkbi.com\/index.php?rest_route=\/wp\/v2\/posts\/46345\/revisions"}],"predecessor-version":[{"id":46347,"href":"https:\/\/dekkbi.com\/index.php?rest_route=\/wp\/v2\/posts\/46345\/revisions\/46347"}],"wp:featuredmedia":[{"embeddable":true,"href":"https:\/\/dekkbi.com\/index.php?rest_route=\/wp\/v2\/media\/46346"}],"wp:attachment":[{"href":"https:\/\/dekkbi.com\/index.php?rest_route=%2Fwp%2Fv2%2Fmedia&parent=46345"}],"wp:term":[{"taxonomy":"category","embeddable":true,"href":"https:\/\/dekkbi.com\/index.php?rest_route=%2Fwp%2Fv2%2Fcategories&post=46345"},{"taxonomy":"post_tag","embeddable":true,"href":"https:\/\/dekkbi.com\/index.php?rest_route=%2Fwp%2Fv2%2Ftags&post=46345"}],"curies":[{"name":"wp","href":"https:\/\/api.w.org\/{rel}","templated":true}]}}