{"id":4633,"date":"2022-12-09T15:29:57","date_gmt":"2022-12-09T15:29:57","guid":{"rendered":"https:\/\/dekkbi.com\/?p=4633"},"modified":"2022-12-09T15:29:58","modified_gmt":"2022-12-09T15:29:58","slug":"israel-netanyahu-obtient-un-delai-de-dix-jours-pour-former-un-gouvernement","status":"publish","type":"post","link":"https:\/\/dekkbi.com\/?p=4633","title":{"rendered":"Isra\u00ebl: Netanyahu obtient un d\u00e9lai de dix jours pour former un gouvernement"},"content":{"rendered":"\n<p>Ce vendredi 9 d\u00e9cembre, le pr\u00e9sident isra\u00e9lien Isaac Herzog a annonc\u00e9 avoir accord\u00e9 un d\u00e9lai suppl\u00e9mentaire de dix&nbsp;jours au Premier ministre d\u00e9sign\u00e9 Benyamin Netanyahu pour former son gouvernement avec ses alli\u00e9s de l&rsquo;extr\u00eame droite et des partis religieux.&nbsp;<\/p>\n\n\n\n<p>SOURCE RFI<\/p>\n\n\n\n<p>Ce jeudi 8 d\u00e9cembre au soir, moins de trois jours avant la date butoir du 11 d\u00e9cembre pour former un gouvernement, M. Netanyahu avait demand\u00e9 au pr\u00e9sident Herzog une prolongation de deux semaines ce que ce dernier a en partie accept\u00e9. \u00ab<em>&nbsp;Je vous accorde une p\u00e9riode de dix&nbsp;jours, soit jusqu&rsquo;au mercredi 21 d\u00e9cembre pour pr\u00e9senter un gouvernement&nbsp;<\/em>\u00bb, a ainsi \u00e9crit M. Herzog au Premier ministre d\u00e9sign\u00e9, dans une lettre diffus\u00e9e par son bureau.<\/p>\n\n\n\n<h2 class=\"wp-block-heading\">\u00ab&nbsp;<em>Nous sommes au milieu des n\u00e9gociations<\/em>&nbsp;\u00bb<\/h2>\n\n\n\n<p>Arriv\u00e9 en t\u00eate des l\u00e9gislatives du 1er novembre avec ses alli\u00e9s d&rsquo;extr\u00eame droite et ultra-orthodoxes, Benyamin Netanyahu a \u00e9t\u00e9 d\u00e9sign\u00e9 le 13 novembre pour former un gouvernement dans les 28 jours suivants, avec la possibilit\u00e9, toutefois, de demander un d\u00e9lai suppl\u00e9mentaire de 14 jours. \u00ab&nbsp;<em>Nous sommes au milieu des n\u00e9gociations et avons fait beaucoup de progr\u00e8s, mais \u00e0 en juger par le rythme des choses, j&rsquo;aurai besoin de tous les jours de prolongation pr\u00e9vus par la loi pour former un gouvernement<\/em>&nbsp;\u00bb, avait \u00e9crit jeudi M. Netanyahu dans une lettre au pr\u00e9sident.<\/p>\n\n\n\n<p>Dans sa r\u00e9ponse, ce vendredi 9 d\u00e9cembre, Isaac Herzog, qui avait d\u00e9j\u00e0 exprim\u00e9 des craintes sur certains partenaires de la coalition de M. Netanyahu, demande \u00e0 ce dernier de former un gouvernement \u00ab&nbsp;<em>pour l&rsquo;ensemble de la soci\u00e9t\u00e9 isra\u00e9lienne&nbsp;<\/em>\u00bb&nbsp;et de respecter la \u00ab&nbsp;<em>diversit\u00e9<\/em>&nbsp;\u00bb&nbsp;du pays. Dans les tractations, le Likoud de Benyamin Netanyahu a d\u00e9j\u00e0 octroy\u00e9 des portefeuilles sensibles \u00e0 des personnalit\u00e9s controvers\u00e9es comme le t\u00e9nor de l&rsquo;extr\u00eame droite Itamar Ben Gvir, hostile aux Palestiniens, et Avi Maoz, connu pour ses positions anti-LGBTQ.<\/p>\n\n\n\n<h2 class=\"wp-block-heading\">Modifier la loi&nbsp;?<\/h2>\n\n\n\n<p>Apr\u00e8s avoir sign\u00e9 des accords de coalition avec les trois formations d&rsquo;extr\u00eame droite &#8211;&nbsp;Sionisme religieux, Force juive et Noam&nbsp;&#8211; le Likoud doit encore finaliser ses discussions avec les partis ultra-orthodoxes Juda\u00efsme unifi\u00e9 de la Torah (UJT, ashk\u00e9naze) et Shass (s\u00e9farade). Or, pour clore ces n\u00e9gociations, le Likoud doit notamment changer une loi permettant de nommer ministre, le chef du parti Shass, Arieh Dery, inculp\u00e9 en 2021 pour fraude fiscale avant de signer un accord de n\u00e9gociation de peine en vertu duquel il avait quitt\u00e9 ses fonctions de d\u00e9put\u00e9. R\u00e9\u00e9lu en novembre, il peut, selon la loi, si\u00e9ger au Parlement sans pouvoir recevoir de portefeuille minist\u00e9riel.<\/p>\n\n\n\n<p>Le Likoud et ses alli\u00e9s, qui d\u00e9tiennent ensemble la majorit\u00e9 au Parlement, pourraient tenter de modifier la loi d\u00e8s la semaine prochaine pour permettre \u00e0 M. Dery d&rsquo;int\u00e9grer le prochain gouvernement, selon la presse isra\u00e9lienne.<\/p>\n\n\n\n<p>(<em>Avec<\/em>&nbsp;AFP)<\/p>\n","protected":false},"excerpt":{"rendered":"<p>Ce vendredi 9 d\u00e9cembre, le pr\u00e9sident isra\u00e9lien Isaac Herzog a annonc\u00e9 avoir accord\u00e9 un d\u00e9lai suppl\u00e9mentaire de dix&nbsp;jours au Premier<\/p>\n","protected":false},"author":1,"featured_media":2734,"comment_status":"open","ping_status":"open","sticky":false,"template":"","format":"standard","meta":{"footnotes":""},"categories":[51],"tags":[],"class_list":["post-4633","post","type-post","status-publish","format-standard","has-post-thumbnail","hentry","category-general"],"_links":{"self":[{"href":"https:\/\/dekkbi.com\/index.php?rest_route=\/wp\/v2\/posts\/4633","targetHints":{"allow":["GET"]}}],"collection":[{"href":"https:\/\/dekkbi.com\/index.php?rest_route=\/wp\/v2\/posts"}],"about":[{"href":"https:\/\/dekkbi.com\/index.php?rest_route=\/wp\/v2\/types\/post"}],"author":[{"embeddable":true,"href":"https:\/\/dekkbi.com\/index.php?rest_route=\/wp\/v2\/users\/1"}],"replies":[{"embeddable":true,"href":"https:\/\/dekkbi.com\/index.php?rest_route=%2Fwp%2Fv2%2Fcomments&post=4633"}],"version-history":[{"count":1,"href":"https:\/\/dekkbi.com\/index.php?rest_route=\/wp\/v2\/posts\/4633\/revisions"}],"predecessor-version":[{"id":4634,"href":"https:\/\/dekkbi.com\/index.php?rest_route=\/wp\/v2\/posts\/4633\/revisions\/4634"}],"wp:featuredmedia":[{"embeddable":true,"href":"https:\/\/dekkbi.com\/index.php?rest_route=\/wp\/v2\/media\/2734"}],"wp:attachment":[{"href":"https:\/\/dekkbi.com\/index.php?rest_route=%2Fwp%2Fv2%2Fmedia&parent=4633"}],"wp:term":[{"taxonomy":"category","embeddable":true,"href":"https:\/\/dekkbi.com\/index.php?rest_route=%2Fwp%2Fv2%2Fcategories&post=4633"},{"taxonomy":"post_tag","embeddable":true,"href":"https:\/\/dekkbi.com\/index.php?rest_route=%2Fwp%2Fv2%2Ftags&post=4633"}],"curies":[{"name":"wp","href":"https:\/\/api.w.org\/{rel}","templated":true}]}}