{"id":46238,"date":"2024-11-13T09:51:48","date_gmt":"2024-11-13T09:51:48","guid":{"rendered":"https:\/\/dekkbi.com\/?p=46238"},"modified":"2024-11-13T09:51:49","modified_gmt":"2024-11-13T09:51:49","slug":"violences-electorales-81-individus-interpelles-a-saint-louis-gouverneur","status":"publish","type":"post","link":"https:\/\/dekkbi.com\/?p=46238","title":{"rendered":"Violences \u00e9lectorales : 81 individus interpell\u00e9s \u00e0 Saint-Louis (gouverneur)"},"content":{"rendered":"\n<p>Saint-Louis,  (APS) \u2013 La police a interpell\u00e9 81 individus suspect\u00e9s d\u2019avoir pris part aux incidents ayant \u00e9clat\u00e9 lundi, dans la commune de Saint-Louis (nord), entre des pr\u00e9pos\u00e9s \u00e0 la s\u00e9curit\u00e9 d\u2019une caravane politique et des marchands ambulants, indique le gouverneur de cette r\u00e9gion, Al Hassan Sall.<\/p>\n\n\n\n<p>\u2018\u2019Le lundi 11 novembre 2024, dans le cadre de la campagne \u00e9lectorale en vue des \u00e9lections l\u00e9gislatives anticip\u00e9es du 17 novembre prochain, des incidents ont \u00e9t\u00e9 enregistr\u00e9s dans la commune de Saint-Louis entre des pr\u00e9pos\u00e9s \u00e0 la s\u00e9curit\u00e9 d\u2019une caravane politique et des marchands ambulants \u00e0 hauteur du march\u00e9 Sor\u2019\u2019, d\u00e9clare-t-il dans un communiqu\u00e9 transmis \u00e0 l\u2019APS.<\/p>\n\n\n\n<p>Ces incidents ont malheureusement entrain\u00e9 des bless\u00e9s par arme blanche, et des vols \u00e0 l\u2019arrach\u00e9, signale le texte.<\/p>\n\n\n\n<p>Compte tenu de ces faits, une enqu\u00eate a \u00e9t\u00e9 ouverte par la police afin que les personnes impliqu\u00e9es soient identifi\u00e9es et pr\u00e9sent\u00e9es aux autorit\u00e9s judiciaires.<\/p>\n\n\n\n<p>Le communiqu\u00e9 informe que la police a d\u00e9j\u00e0 proc\u00e9d\u00e9 \u00e0 l\u2019interpellation de 81 individus suspect\u00e9s d\u2019avoir pris part aux incidents.<\/p>\n\n\n\n<p>Il signale que \u2018\u2019le gouverneur de la r\u00e9gion de Saint-Louis appelle les populations en g\u00e9n\u00e9ral et les acteurs politiques en particulier, \u00e0 bannir la violence et \u00e0 d\u00e9rouler leurs activit\u00e9s dans la paix, la s\u00e9r\u00e9nit\u00e9 et le respect des lois et r\u00e8glements\u2019\u2019.<\/p>\n\n\n\n<p>Le chef de l\u2019ex\u00e9cutif r\u00e9gional demande \u00e0 la police et la gendarmerie de veiller davantage sur la s\u00e9curit\u00e9 des personnes et des biens au passage des caravanes politiques sur toute l\u2019\u00e9tendue de la r\u00e9gion.<\/p>\n\n\n\n<p>Il leur demande aussi de s\u2019opposer syst\u00e9matiquement \u00e0 la rencontre de caravanes politiques rivales.<\/p>\n\n\n\n<p>De m\u00eame les invite-il \u00e0 redoubler de vigilance et de rigueur pour le respect strict de la mesure d\u2019interdiction de port d\u2019armes, arr\u00eat\u00e9e par le ministre de l\u2019Int\u00e9rieur et de la S\u00e9curit\u00e9 publique, en proc\u00e9dant \u00e0 des fouilles sur tout v\u00e9hicule suspect\u00e9 d\u2019en transporter ou toute personne soup\u00e7onn\u00e9e d\u2019en d\u00e9tenir, le cas \u00e9ch\u00e9ant.<\/p>\n\n\n\n<p>Le ministre de l\u2019Int\u00e9rieur et de la S\u00e9curit\u00e9 publique a mis en garde, lundi, contre tout acte de violence et de sabotage durant la campagne pour les \u00e9lections l\u00e9gislatives anticip\u00e9es du 17 novembre prochain.<\/p>\n\n\n\n<p>Dans un communiqu\u00e9 parvenu \u00e0 l\u2019APS, le g\u00e9n\u00e9ral Jean-Baptiste Tine signale avoir \u00e9t\u00e9 inform\u00e9 de \u2018\u2019projets d\u2019actes de violence et de sabotage contre des caravanes et d\u2019autres activit\u00e9s organis\u00e9es par des listes concurrentes\u2019\u2019.<\/p>\n\n\n\n<p>Aussi, met-il en garde les \u00e9ventuels contrevenants \u00e0 l\u2019arr\u00eat\u00e9 (\u2026) du 22 octobre 2024 interdisant le port d\u2019armes de toutes cat\u00e9gories et de mati\u00e8res explosives, du 17 octobre au 17 d\u00e9cembre 2024.<\/p>\n\n\n\n<p>\u2018\u2019Des instructions fermes ont \u00e9t\u00e9 donn\u00e9es aux forces de s\u00e9curit\u00e9 pour fouiller syst\u00e9matiquement les personnes et les cort\u00e8ges consid\u00e9r\u00e9s comme suspects\u2019\u2019, a averti le ministre charg\u00e9 de la s\u00e9curit\u00e9 publique.<\/p>\n\n\n\n<p>CGD\/AMD\/ASG\/MTN<\/p>\n","protected":false},"excerpt":{"rendered":"<p>Saint-Louis, (APS) \u2013 La police a interpell\u00e9 81 individus suspect\u00e9s d\u2019avoir pris part aux incidents ayant \u00e9clat\u00e9 lundi, dans la<\/p>\n","protected":false},"author":1,"featured_media":46239,"comment_status":"open","ping_status":"open","sticky":false,"template":"","format":"standard","meta":{"footnotes":""},"categories":[26],"tags":[],"class_list":["post-46238","post","type-post","status-publish","format-standard","has-post-thumbnail","hentry","category-fait-divers"],"_links":{"self":[{"href":"https:\/\/dekkbi.com\/index.php?rest_route=\/wp\/v2\/posts\/46238","targetHints":{"allow":["GET"]}}],"collection":[{"href":"https:\/\/dekkbi.com\/index.php?rest_route=\/wp\/v2\/posts"}],"about":[{"href":"https:\/\/dekkbi.com\/index.php?rest_route=\/wp\/v2\/types\/post"}],"author":[{"embeddable":true,"href":"https:\/\/dekkbi.com\/index.php?rest_route=\/wp\/v2\/users\/1"}],"replies":[{"embeddable":true,"href":"https:\/\/dekkbi.com\/index.php?rest_route=%2Fwp%2Fv2%2Fcomments&post=46238"}],"version-history":[{"count":1,"href":"https:\/\/dekkbi.com\/index.php?rest_route=\/wp\/v2\/posts\/46238\/revisions"}],"predecessor-version":[{"id":46240,"href":"https:\/\/dekkbi.com\/index.php?rest_route=\/wp\/v2\/posts\/46238\/revisions\/46240"}],"wp:featuredmedia":[{"embeddable":true,"href":"https:\/\/dekkbi.com\/index.php?rest_route=\/wp\/v2\/media\/46239"}],"wp:attachment":[{"href":"https:\/\/dekkbi.com\/index.php?rest_route=%2Fwp%2Fv2%2Fmedia&parent=46238"}],"wp:term":[{"taxonomy":"category","embeddable":true,"href":"https:\/\/dekkbi.com\/index.php?rest_route=%2Fwp%2Fv2%2Fcategories&post=46238"},{"taxonomy":"post_tag","embeddable":true,"href":"https:\/\/dekkbi.com\/index.php?rest_route=%2Fwp%2Fv2%2Ftags&post=46238"}],"curies":[{"name":"wp","href":"https:\/\/api.w.org\/{rel}","templated":true}]}}