{"id":46215,"date":"2024-11-12T15:01:46","date_gmt":"2024-11-12T15:01:46","guid":{"rendered":"https:\/\/dekkbi.com\/?p=46215"},"modified":"2024-11-12T15:01:46","modified_gmt":"2024-11-12T15:01:46","slug":"mondial-2034-deux-ong-demandent-a-la-fifa-dinterrompre-le-processus-de-selection-de-larabie-saoudite","status":"publish","type":"post","link":"https:\/\/dekkbi.com\/?p=46215","title":{"rendered":"Mondial 2034 : deux ONG demandent \u00e0 la Fifa d'\u00a0\u00bbinterrompre\u00a0\u00bb le processus de s\u00e9lection de l\u2019Arabie saoudite"},"content":{"rendered":"\n<p>Amnesty International et Sport &amp; Rights Alliance (SRA) r\u00e9clament des \u00ab\u00a0r\u00e9formes majeures en mati\u00e8re de droits humains\u00a0\u00bb &nbsp;avant le vote des membres de la Fifa pr\u00e9vu le 11 d\u00e9cembre 2024 lors d&rsquo;un congr\u00e8s extraordinaire de l&rsquo;instance mondiale du football.<\/p>\n\n\n\n<p>Les deux ONG Amnesty International et la Sport &amp; Rights Alliance (SRA) demandent dans un communiqu\u00e9 publi\u00e9, dimanche 10 novembre, \u00e0 la F\u00e9d\u00e9ration Internationale de Football Association (Fifa) d&rsquo;<em>\u00ab\u00a0interrompre\u00a0\u00bb\u00a0<\/em>le\u00a0processus de s\u00e9lection de l\u2019Arabie saoudite\u00a0en tant qu\u2019h\u00f4te de la Coupe du monde de football de 2034.<\/p>\n\n\n\n<p><br><br><em>\u00ab\u00a0L\u2019attribution de la Coupe du monde 2034 \u00e0 l\u2019Arabie saoudite sans obtenir de garanties cr\u00e9dibles concernant des r\u00e9formes aura un co\u00fbt humain r\u00e9el et pr\u00e9visible\u00a0\u00bb<\/em>, estime Steve Cockburn, responsable du programme Droits du travail et Sport d\u2019Amnesty International. Selon lui,<em>&nbsp;\u00ab\u00a0les supporters seront victimes de discrimination, des r\u00e9sidents seront expuls\u00e9s de force, des travailleurs migrants seront exploit\u00e9s et beaucoup mourront\u00a0\u00bb<\/em>.<\/p>\n\n\n\n<h2 class=\"wp-block-heading\">\u00ab\u00a0Ne pas aggraver une situtation d\u00e9j\u00e0 d\u00e9sastreuse\u00a0\u00bb<\/h2>\n\n\n\n<p><br><br>Pour accueillir la plan\u00e8te football en 2034, l&rsquo;Arabie saoudite voit grand. Elle pr\u00e9voit la construction ou la r\u00e9novation de 11 stades. Plus de 185 000 chambres d\u2019h\u00f4tel suppl\u00e9mentaires sont pr\u00e9vues, ainsi que de gigantesques chantiers d&rsquo;infrastructures li\u00e9s aux transports, notamment. Le r\u00e9gime saoudien pr\u00e9voit \u00e9galement la construction de nouvelles villes. Pour mener \u00e0 bien ces grands travaux, Ryad aura besoin forc\u00e9ment besoin d&rsquo;une main-d\u2019\u0153uvre \u00e9trang\u00e8re importante.&nbsp;<em>\u00ab\u00a0Or, elle n\u2019a toujours pas pris d\u2019engagement s\u2019agissant de r\u00e9former le syst\u00e8me de parrainage (kafala) qui exploite les travailleurs dans le pays, de fixer un salaire minimum pour les non-citoyens, de les autoriser \u00e0 adh\u00e9rer \u00e0 des syndicats ou d\u2019adopter de nouvelles mesures visant \u00e0 pr\u00e9venir les d\u00e9c\u00e8s au travail\u00a0\u00bb,<\/em>&nbsp;souligne Steve Cockburn.<\/p>\n\n\n\n<p><br><br><br><br><em>\u00ab\u00a0La Fifa doit interrompre le processus jusqu\u2019\u00e0 la mise en place de protections ad\u00e9quates en mati\u00e8re de droits humains, afin de ne pas aggraver une situation d\u00e9j\u00e0 d\u00e9sastreuse\u00a0\u00bb<\/em>, poursuit Steve Cockburn. Amnesty International et la Sport &amp; Rights Alliance (SRA) r\u00e9clament des&nbsp;<em>\u00ab\u00a0r\u00e9formes majeures en mati\u00e8re de droits humains\u00a0\u00bb&nbsp;<\/em>avant le vote des membres de la Fifa pr\u00e9vu le 11 d\u00e9cembre 2024 lors d&rsquo;un congr\u00e8s extraordinaire de l&rsquo;instance mondiale du football.<\/p>\n\n\n\n<p><br><br>Le Mondial 2030 est \u00e9galement dans le viseur des ONG. Selon elles, la Fifa doit<em>&nbsp;\u00ab\u00a0conditionner l\u2019attribution de la Coupe du monde 2030 au Maroc, au Portugal et \u00e0 l\u2019Espagne\u00a0\u00bb<\/em>, qui proposent une candidature commune,<em>&nbsp;\u00ab\u00a0\u00e0 l\u2019\u00e9laboration d\u2019une strat\u00e9gie beaucoup plus cr\u00e9dible en mati\u00e8re de droits fondamentaux\u00a0\u00bb et exiger \u00ab\u00a0des engagements contraignants\u00a0\u00bb<\/em>.<\/p>\n\n\n\n<h2 class=\"wp-block-heading\">\u00ab\u00a0La Fifa a sap\u00e9 son pouvoir de levier\u00a0\u00bb en mati\u00e8re de droits humains<\/h2>\n\n\n\n<p>Amnesty International et la Sport &amp; Rights Alliance (SRA) s&rsquo;inqui\u00e8tent de l&rsquo;absence de garanties dans les dossiers des villes candidates en mati\u00e8re de protection des joueurs et supporters contre les violations discriminatoires. Elles souhaitent aussi pr\u00e9venir les violences polici\u00e8res et sont tr\u00e8s attentives \u00e0 la sauvegarde des droits des habitants en mati\u00e8re de logement. Elles avaient d\u00e9j\u00e0 point\u00e9 ces risques dans un rapport publi\u00e9 en juin 2024.&nbsp;<em>\u00ab\u00a0Le Maroc, le Portugal et l\u2019Espagne doivent prendre leurs responsabilit\u00e9s en mati\u00e8re de droits humains beaucoup plus au s\u00e9rieux\u00a0\u00bb,<\/em>&nbsp;d\u00e9clare Steve Cockburn.<\/p>\n\n\n\n<p><br><br>Apr\u00e8s les controverses lors du Mondial 2018 en Russie et au Qatar en 2022, la Fifa a pour la premi\u00e8re fois introduit des crit\u00e8res en lien aux droits humains dans son processus de s\u00e9lection pour la Coupe du monde masculine de 2026. Mais les ONG estiment que la proc\u00e9dure pour candidater aujourd&rsquo;hui est&nbsp;<em>\u00ab\u00a0biais\u00e9e\u00a0\u00bb<\/em>. Selon elles,<em>&nbsp;\u00ab\u00a0la Fifa a sap\u00e9 son pouvoir de levier quant aux r\u00e9formes en mati\u00e8re de droits humains\u00a0\u00bb&nbsp;<\/em>notamment&nbsp;<em>\u00ab\u00a0en donnant suite \u00e0 une proc\u00e9dure qui ne pr\u00e9sente qu\u2019une seule candidature pour chaque tournoi\u00a0\u00bb<\/em>.<\/p>\n\n\n\n<h2 class=\"wp-block-heading\">\u00ab\u00a0Une imposture\u00a0\u00bb<\/h2>\n\n\n\n<p><br><br><em>\u00ab\u00a0La Fifa affirme depuis longtemps tenir compte des normes relatives aux droits humains lorsqu\u2019elle s\u00e9lectionne les pays h\u00f4tes de la Coupe du monde et organise ses tournois phares. \u00c0 moins qu\u2019elle se montre honn\u00eate quant \u00e0 l\u2019ampleur et \u00e0 la gravit\u00e9 des risques \u00e0 venir et agisse pour les pr\u00e9venir, il sera clair que son engagement en faveur des droits humains n\u2019est qu\u2019une imposture\u00a0\u00bb,<\/em>\u00a0a d\u00e9clar\u00e9 Andrea Florence, directrice de la Sports &amp; Rights Alliance.<\/p>\n\n\n\n<p>La pr\u00e9sidente d&rsquo;Amnesty International France, Anne Savinel-Barras, a affirm\u00e9, sur franceinfo, dimanche 10 novembre, qu&rsquo;elle doutait de l&rsquo;engagement de la Fifa en faveur des droits humains.<em>&nbsp;\u00ab\u00a0Nous avons fourni notre rapport, en juin 2024, \u00e0 la Fifa, en insistant sur nos craintes sur le fait que les principes de protection des droits humaines n&rsquo;\u00e9taient pas respect\u00e9s\u00a0\u00bb<\/em>, a-t-elle expliqu\u00e9.<em>&nbsp;\u00ab\u00a0La Fifa n&rsquo;a pas daign\u00e9 r\u00e9pondre, donc on peut se poser la question du s\u00e9rieux de leur engagement\u00a0\u00bb<\/em>, a-t-elle lanc\u00e9. Pour Anne Savinel-Barras, la Fifa doit&nbsp;<em>\u00ab\u00a0conditionner l&rsquo;attribution de la Coupe du monde \u00e0 une strat\u00e9gie beaucoup plus compl\u00e8te, en mati\u00e8re de protection des droits humains\u00a0\u00bb.<\/em><\/p>\n","protected":false},"excerpt":{"rendered":"<p>Amnesty International et Sport &amp; Rights Alliance (SRA) r\u00e9clament des \u00ab\u00a0r\u00e9formes majeures en mati\u00e8re de droits humains\u00a0\u00bb &nbsp;avant le vote<\/p>\n","protected":false},"author":1,"featured_media":46216,"comment_status":"open","ping_status":"open","sticky":false,"template":"","format":"standard","meta":{"footnotes":""},"categories":[9],"tags":[],"class_list":["post-46215","post","type-post","status-publish","format-standard","has-post-thumbnail","hentry","category-sports"],"_links":{"self":[{"href":"https:\/\/dekkbi.com\/index.php?rest_route=\/wp\/v2\/posts\/46215","targetHints":{"allow":["GET"]}}],"collection":[{"href":"https:\/\/dekkbi.com\/index.php?rest_route=\/wp\/v2\/posts"}],"about":[{"href":"https:\/\/dekkbi.com\/index.php?rest_route=\/wp\/v2\/types\/post"}],"author":[{"embeddable":true,"href":"https:\/\/dekkbi.com\/index.php?rest_route=\/wp\/v2\/users\/1"}],"replies":[{"embeddable":true,"href":"https:\/\/dekkbi.com\/index.php?rest_route=%2Fwp%2Fv2%2Fcomments&post=46215"}],"version-history":[{"count":1,"href":"https:\/\/dekkbi.com\/index.php?rest_route=\/wp\/v2\/posts\/46215\/revisions"}],"predecessor-version":[{"id":46217,"href":"https:\/\/dekkbi.com\/index.php?rest_route=\/wp\/v2\/posts\/46215\/revisions\/46217"}],"wp:featuredmedia":[{"embeddable":true,"href":"https:\/\/dekkbi.com\/index.php?rest_route=\/wp\/v2\/media\/46216"}],"wp:attachment":[{"href":"https:\/\/dekkbi.com\/index.php?rest_route=%2Fwp%2Fv2%2Fmedia&parent=46215"}],"wp:term":[{"taxonomy":"category","embeddable":true,"href":"https:\/\/dekkbi.com\/index.php?rest_route=%2Fwp%2Fv2%2Fcategories&post=46215"},{"taxonomy":"post_tag","embeddable":true,"href":"https:\/\/dekkbi.com\/index.php?rest_route=%2Fwp%2Fv2%2Ftags&post=46215"}],"curies":[{"name":"wp","href":"https:\/\/api.w.org\/{rel}","templated":true}]}}