{"id":4621,"date":"2022-12-09T15:12:45","date_gmt":"2022-12-09T15:12:45","guid":{"rendered":"https:\/\/dekkbi.com\/?p=4621"},"modified":"2022-12-09T15:12:47","modified_gmt":"2022-12-09T15:12:47","slug":"senegal-collectivites-celebration-de-la-journee-nationale-de-la-decentralisation-dimanche","status":"publish","type":"post","link":"https:\/\/dekkbi.com\/?p=4621","title":{"rendered":"S\u00e9n\u00e9gal-collectivit\u00e9s: c\u00e9l\u00e9bration de la Journ\u00e9e nationale de la D\u00e9centralisation, dimanche"},"content":{"rendered":"\n<p>La Journ\u00e9e nationale de la D\u00e9centralisation, initialement pr\u00e9vue, jeudi, sera, c\u00e9l\u00e9br\u00e9e, dimanche, \u00e0 partir de 9 heures, au Grand Th\u00e9\u00e2tre national sur le th\u00e8me \u2018\u2019Les territoires face aux d\u00e9fis du d\u00e9veloppement durable\u2019\u2019. L\u2019\u00e9v\u00e8nement se tiendra sous la pr\u00e9sidence du chef de l\u2019Etat, indique, dans un communiqu\u00e9, le minist\u00e8re des Collectivit\u00e9s territoriales, de l\u2019Am\u00e9nagement et du D\u00e9veloppement des territoires. <\/p>\n\n\n\n<p>\u2018\u2019La Journ\u00e9e nationale de la D\u00e9centralisation est un moment de dialogue direct et constructif entre le chef de l\u2019\u00c9tat, les \u00e9lus locaux et l\u2019ensemble des parties prenantes sur les orientations strat\u00e9giques, les contraintes et perspectives de la politique de la d\u00e9centralisation, du d\u00e9veloppement et de l\u2019Am\u00e9nagement des territoires\u2019\u2019, explique le minist\u00e8re. A cette occasion, l\u2019Etat, les Collectivit\u00e9s territoriales et les partenaires techniques et financiers \u2018\u2019vont interagir\u2019\u2019, en vue de prendre \u2018\u2019de d\u00e9cisions qui vont positivement modifier le visage de nos territoires\u2019\u2019.<\/p>\n\n\n\n<p><\/p>\n\n\n\n<p>SOURCE SUDONLINE<\/p>\n","protected":false},"excerpt":{"rendered":"<p>La Journ\u00e9e nationale de la D\u00e9centralisation, initialement pr\u00e9vue, jeudi, sera, c\u00e9l\u00e9br\u00e9e, dimanche, \u00e0 partir de 9 heures, au Grand Th\u00e9\u00e2tre<\/p>\n","protected":false},"author":1,"featured_media":4623,"comment_status":"open","ping_status":"open","sticky":false,"template":"","format":"standard","meta":{"footnotes":""},"categories":[6],"tags":[],"class_list":["post-4621","post","type-post","status-publish","format-standard","has-post-thumbnail","hentry","category-politics"],"_links":{"self":[{"href":"https:\/\/dekkbi.com\/index.php?rest_route=\/wp\/v2\/posts\/4621","targetHints":{"allow":["GET"]}}],"collection":[{"href":"https:\/\/dekkbi.com\/index.php?rest_route=\/wp\/v2\/posts"}],"about":[{"href":"https:\/\/dekkbi.com\/index.php?rest_route=\/wp\/v2\/types\/post"}],"author":[{"embeddable":true,"href":"https:\/\/dekkbi.com\/index.php?rest_route=\/wp\/v2\/users\/1"}],"replies":[{"embeddable":true,"href":"https:\/\/dekkbi.com\/index.php?rest_route=%2Fwp%2Fv2%2Fcomments&post=4621"}],"version-history":[{"count":1,"href":"https:\/\/dekkbi.com\/index.php?rest_route=\/wp\/v2\/posts\/4621\/revisions"}],"predecessor-version":[{"id":4624,"href":"https:\/\/dekkbi.com\/index.php?rest_route=\/wp\/v2\/posts\/4621\/revisions\/4624"}],"wp:featuredmedia":[{"embeddable":true,"href":"https:\/\/dekkbi.com\/index.php?rest_route=\/wp\/v2\/media\/4623"}],"wp:attachment":[{"href":"https:\/\/dekkbi.com\/index.php?rest_route=%2Fwp%2Fv2%2Fmedia&parent=4621"}],"wp:term":[{"taxonomy":"category","embeddable":true,"href":"https:\/\/dekkbi.com\/index.php?rest_route=%2Fwp%2Fv2%2Fcategories&post=4621"},{"taxonomy":"post_tag","embeddable":true,"href":"https:\/\/dekkbi.com\/index.php?rest_route=%2Fwp%2Fv2%2Ftags&post=4621"}],"curies":[{"name":"wp","href":"https:\/\/api.w.org\/{rel}","templated":true}]}}