{"id":46192,"date":"2024-11-12T14:04:48","date_gmt":"2024-11-12T14:04:48","guid":{"rendered":"https:\/\/dekkbi.com\/?p=46192"},"modified":"2024-11-12T14:42:06","modified_gmt":"2024-11-12T14:42:06","slug":"inondations-en-espagne-des-situations-tres-variables-dune-commune-a-lautre-deux-semaines-apres-le-drame","status":"publish","type":"post","link":"https:\/\/dekkbi.com\/?p=46192","title":{"rendered":"Inondations en Espagne: des situations tr\u00e8s variables"},"content":{"rendered":"\n<p>En Espagne, deux semaines apr\u00e8s les inondations meurtri\u00e8res, les sinistr\u00e9s connaissent diverses situations. Certains voient leurs rues d\u00e9blay\u00e9es et leurs \u00e9coles rouvrir. D&rsquo;autres d\u00e9pendent toujours des cha\u00eenes d&rsquo;approvisionnement de vivres et attendent que les carcasses de voitures ne jonchent plus les voies de circulation.<\/p>\n\n\n\n<p>Le Premier ministre espagnol\u00a0<strong>Pedro S\u00e1nchez<\/strong>\u00a0a assur\u00e9 lundi que le \u00ab\u00a0<em>d\u00e9bat politique<\/em>\u00a0\u00bb\u00a0sur la mauvaise gestion des inondations meurtri\u00e8res du 29 octobre devait attendre. La priorit\u00e9 allant \u00e0 la \u00ab\u00a0<em>reconstruction<\/em>\u00a0\u00bb, pour laquelle il a annonc\u00e9 3,8 milliards d&rsquo;euros de nouvelles aides.<\/p>\n\n\n\n<p>Priorit\u00e9 donc aux parents des victimes, \u00e0 ceux qui recherchent les gens disparus. Priorit\u00e9 aux aides logistiques, aux travaux de nettoyage des rues envahies par la boue et les d\u00e9combres&#8230; Mais ce discours de Pedro Sanchez commence \u00e0 prendre l\u2019eau aussi.<\/p>\n\n\n\n<p>Pour afficher ce contenu X (Twitter), il est n\u00e9cessaire d&rsquo;autoriser les cookies de mesure d&rsquo;audience et de publicit\u00e9.AccepterG\u00e9rer mes choix<\/p>\n\n\n\n<p>Tout d\u2019abord parce que des milliers de gens affect\u00e9s manifestent leurs col\u00e8re car ils se sentent seuls, d\u00e9sempar\u00e9s lorsque les secours ne sont pas arriv\u00e9s, d\u2019autant que des activistes complotistes attisent leur ressentiment avec de fausses informations. Ensuite parce que l\u2019opposition de droite accuse le pouvoir en place de ne pas avoir pris plus t\u00f4t les r\u00eanes des secours et des aides. Enfin parce que les m\u00e9dias ont eux entam\u00e9 le d\u00e9bat sur leurs responsabilit\u00e9s r\u00e9ciproques. En particulier celle du pr\u00e9sident r\u00e9gional lib\u00e9ral\u00a0<strong>Carlos Maz\u00f3n<\/strong>, qui le 29 octobre, le jour fatidique, avait r\u00e9agi tr\u00e8s tardivement \u00e0 une trag\u00e9die \u00e9vidente. Un Carlos Maz\u00f3n qui a d\u00e9j\u00e0 annonc\u00e9 un remaniement de son ex\u00e9cutif, une fa\u00e7on indirecte de reconnaitre ses torts, rapporte notre correspondant \u00e0 Madrid,\u00a0<strong>Fran\u00e7ois Musseau<\/strong>.<\/p>\n\n\n\n<figure class=\"wp-block-image\"><img decoding=\"async\" src=\"https:\/\/s.rfi.fr\/media\/display\/a4ab8bba-9ef7-11ef-b131-005056a90284\/Manifestation-Espagne-Valence-Inondations.JPG\" alt=\"\u00c0 Valence, des dizaines de milliers de manifestants ont d\u00e9fil\u00e9, samedi 9 novembre 2024, pour exiger \u00e0 nouveau la d\u00e9mission de Carlos Maz\u00f3n, le pr\u00e9sident de la r\u00e9gion, accus\u00e9 de n\u00e9gligences graves dans la gestion des inondations meurtri\u00e8res des 29 et 30 octobre.\"\/><figcaption class=\"wp-element-caption\">\u00c0 Valence, des dizaines de milliers de manifestants ont d\u00e9fil\u00e9, samedi 9 novembre 2024, pour exiger \u00e0 nouveau la d\u00e9mission de Carlos Maz\u00f3n, le pr\u00e9sident de la r\u00e9gion, accus\u00e9 de n\u00e9gligences graves dans la gestion des inondations meurtri\u00e8res des 29 et 30 octobre.&nbsp;REUTERS &#8211; Eva Manez<\/figcaption><\/figure>\n\n\n\n<h2 class=\"wp-block-heading\">Des situations tr\u00e8s variables&nbsp;selon les lieux<\/h2>\n\n\n\n<p>Deux semaines apr\u00e8s la crue qui a fait au moins 222 morts, selon un bilan encore provisoire, les situations des sinistr\u00e9s sont encore tr\u00e8s variables. Dans la ville o\u00f9 vit sa m\u00e8re, pr\u00e8s de Valence, il y a du mieux, selon Jaume Alarcon Ridaura, joint au t\u00e9l\u00e9phone par&nbsp;<strong>Pauline Gleize<\/strong>, du service Environnement.&nbsp;Pendant plusieurs jours, la porte de son immeuble \u00e9tait condamn\u00e9e par des carcasses de voitures. \u00ab&nbsp;<em>On remarque, les jours passant, qu&rsquo;avec les militaires, il n&rsquo;y a pratiquement plus de voitures dans les rues<\/em>, raconte-t-il.<em>&nbsp;Il y a beaucoup moins de d\u00e9chets, tr\u00e8s peu de boue. \u00bb.<\/em>&nbsp;Les parkings ont \u00e9t\u00e9 transform\u00e9s en casse-autos,<em>&nbsp;\u00ab toutes les voitures sont les unes sur les autres. Ce sont celles qui \u00e9taient \u00e9parpill\u00e9es dans la rue ou dans un arbre&#8230; Maintenant, elles ont toutes \u00e9t\u00e9 mises au m\u00eame endroit.<\/em>&nbsp;\u00bb<\/p>\n\n\n\n<p>Mais en dehors des grandes villes, les magasins ne rouvrent qu&rsquo;au compte-gouttes dans certaines localit\u00e9s. \u00ab&nbsp;<em>Ils d\u00e9pendent&nbsp;encore beaucoup de ce qui vient de Valence<\/em>, d\u00e9plore&nbsp;Ana Delia Militaru, la compagne de Jaume.<em>&nbsp;Il y a des communes, comme Benet\u00faser, o\u00f9 les gens affect\u00e9s vivent avec ce qu&rsquo;on leur apporte&#8230; Il n&rsquo;y a pas de magasin pour s&rsquo;acheter du pain, du papier toilette&#8230; \u00bb<\/em><\/p>\n\n\n\n<p>Beaucoup d\u00e9pendent donc du transport de marchandise, qu&rsquo;ils ne peuvent assurer eux-m\u00eames. Si des lignes de bus ont \u00e9t\u00e9 remises en service, elles sont encore trop incompl\u00e8tes et \u00ab&nbsp;<em>la plupart des gens n&rsquo;ont pas de voiture,&nbsp;<\/em>soupire Jaume<em>. Alors, il y a beaucoup d&rsquo;endroit o\u00f9 ils ne peuvent pas aller<\/em>. \u00bb<\/p>\n\n\n\n<h2 class=\"wp-block-heading\">Des situations in\u00e9gales&nbsp;<\/h2>\n\n\n\n<p>Pour \u00e9valuer la remise sur pied de la r\u00e9gion, et faire un \u00e9tat des lieux complet, il faut pouvoir se rendre partout.<\/p>\n\n\n\n<p>Dans certaines villes, c\u2019est le soulagement. C&rsquo;est le cas \u00e0&nbsp;Torrent ou Alacu\u00e1s par exemple, o\u00f9 les rues sont d\u00e9sormais vid\u00e9es des carcasses de voitures et de la boue. Pr\u00e8s de 50 \u00e9coles ont rouvert hier lundi, ce qui a permis de retrouver un semblant de normalit\u00e9 dans ces zones, rapporte notre correspondante r\u00e9gionale,&nbsp;<strong>Elise Gazengel<\/strong>.<\/p>\n\n\n\n<p>Mais pour d\u2019autres, c&rsquo;est encore tr\u00e8s compliqu\u00e9 notamment \u00e0 Paiporta, Sedav\u00ed ou Benet\u00faser. Les \u00e9paves des v\u00e9hicules sont toujours nombreuses, les tas de d\u00e9bris sont entrepos\u00e9s dans des parcs entiers, dans l\u2019attente d\u2019\u00eatre transf\u00e9r\u00e9s vers les d\u00e9ch\u00e8teries\u2026 et 70 \u00e9coles sont toujours ferm\u00e9es.<\/p>\n\n\n\n<p>Certains parents expliquent d\u2019ailleurs \u00e0 quel point il est difficile pour eux de s\u2019occuper de leur prog\u00e9niture tout en continuant le d\u00e9blayage. Mais ce mardi, c&rsquo;est surtout l\u2019inqui\u00e9tude qui r\u00e8gne chez les habitants, alors qu\u2019une nouvelle alerte de l\u2019agence m\u00e9t\u00e9o pour pluies intenses, voire torrentielles, a \u00e9t\u00e9 annonc\u00e9e dans la r\u00e9gion de Valence \u00e0 partir de mercredi.<\/p>\n","protected":false},"excerpt":{"rendered":"<p>En Espagne, deux semaines apr\u00e8s les inondations meurtri\u00e8res, les sinistr\u00e9s connaissent diverses situations. Certains voient leurs rues d\u00e9blay\u00e9es et leurs<\/p>\n","protected":false},"author":1,"featured_media":45499,"comment_status":"open","ping_status":"open","sticky":false,"template":"","format":"standard","meta":{"footnotes":""},"categories":[51],"tags":[],"class_list":["post-46192","post","type-post","status-publish","format-standard","has-post-thumbnail","hentry","category-general"],"_links":{"self":[{"href":"https:\/\/dekkbi.com\/index.php?rest_route=\/wp\/v2\/posts\/46192","targetHints":{"allow":["GET"]}}],"collection":[{"href":"https:\/\/dekkbi.com\/index.php?rest_route=\/wp\/v2\/posts"}],"about":[{"href":"https:\/\/dekkbi.com\/index.php?rest_route=\/wp\/v2\/types\/post"}],"author":[{"embeddable":true,"href":"https:\/\/dekkbi.com\/index.php?rest_route=\/wp\/v2\/users\/1"}],"replies":[{"embeddable":true,"href":"https:\/\/dekkbi.com\/index.php?rest_route=%2Fwp%2Fv2%2Fcomments&post=46192"}],"version-history":[{"count":4,"href":"https:\/\/dekkbi.com\/index.php?rest_route=\/wp\/v2\/posts\/46192\/revisions"}],"predecessor-version":[{"id":46205,"href":"https:\/\/dekkbi.com\/index.php?rest_route=\/wp\/v2\/posts\/46192\/revisions\/46205"}],"wp:featuredmedia":[{"embeddable":true,"href":"https:\/\/dekkbi.com\/index.php?rest_route=\/wp\/v2\/media\/45499"}],"wp:attachment":[{"href":"https:\/\/dekkbi.com\/index.php?rest_route=%2Fwp%2Fv2%2Fmedia&parent=46192"}],"wp:term":[{"taxonomy":"category","embeddable":true,"href":"https:\/\/dekkbi.com\/index.php?rest_route=%2Fwp%2Fv2%2Fcategories&post=46192"},{"taxonomy":"post_tag","embeddable":true,"href":"https:\/\/dekkbi.com\/index.php?rest_route=%2Fwp%2Fv2%2Ftags&post=46192"}],"curies":[{"name":"wp","href":"https:\/\/api.w.org\/{rel}","templated":true}]}}