{"id":46189,"date":"2024-11-12T13:20:12","date_gmt":"2024-11-12T13:20:12","guid":{"rendered":"https:\/\/dekkbi.com\/?p=46189"},"modified":"2024-11-12T13:20:13","modified_gmt":"2024-11-12T13:20:13","slug":"la-rdc-et-le-congo-planchent-sur-la-cooperation-et-les-defis-securitaires","status":"publish","type":"post","link":"https:\/\/dekkbi.com\/?p=46189","title":{"rendered":"La RDC et le Congo planchent sur la coop\u00e9ration et les d\u00e9fis s\u00e9curitaires"},"content":{"rendered":"\n<p>La 10\u1d49 session de la Commission sp\u00e9ciale D\u00e9fense et S\u00e9curit\u00e9 entre la R\u00e9publique d\u00e9mocratique du Congo et la R\u00e9publique du Congo s&rsquo;est ouverte hier, lundi, \u00e0 Kinshasa. Ces rencontres, pr\u00e9vues jusqu\u2019au 13 novembre, visent \u00e0 renforcer la coop\u00e9ration bilat\u00e9rale face aux d\u00e9fis s\u00e9curitaires et humanitaires partag\u00e9s par les deux pays. Les discussions sont men\u00e9es en sous-commissions avec pour objectif de consolider la confiance mutuelle et d\u2019apporter des r\u00e9ponses concr\u00e8tes aux pr\u00e9occupations communes.<\/p>\n\n\n\n<p><em>Avec<\/em> \u00a0<strong>Patient Ligodi<\/strong> <em> correspondant RFI \u00e0 Kinshasa<\/em>,<\/p>\n\n\n\n<p>Malentendus, suspicions et litiges inutiles, voil\u00e0 des termes qui r\u00e9sonnent souvent dans les couloirs officiels des deux Congo.&nbsp;Ces capitales voisines, les plus proches au monde, partagent aussi des d\u00e9fis s\u00e9curitaires.<\/p>\n\n\n\n<p>Parmi ceux-ci, le conflit intercommunautaire dans le\u00a0<strong>Ma\u00ef-Ndombe<\/strong>, en\u00a0<strong>RDC<\/strong>, qui oppose, depuis juin 2022, les communaut\u00e9s Teke et Yaka, avec des centaines de morts et des milliers de d\u00e9plac\u00e9s, dont certains trouvent refuge au\u00a0<strong>Congo-Brazzaville<\/strong>. Kinshasa \u00e9voque parfois une \u00ab main noire \u00bb derri\u00e8re ces violences, sans en identifier clairement l\u2019origine.<\/p>\n\n\n\n<p>Dans ce contexte, le ministre de l\u2019Int\u00e9rieur congolais, Raymond Z\u00e9phirin Mboulou, a insist\u00e9 sur l\u2019importance du vivre-ensemble et de la confiance mutuelle.&nbsp;\u00ab&nbsp;<em>La RDC et la R\u00e9publique du Congo ont un d\u00e9nominateur commun, c\u2019est le Congo. Il est notre terre partag\u00e9e, notre richesse, notre vie. Il a fond\u00e9 notre peuple et a forg\u00e9 notre culture. Travaillons \u00e0 le prot\u00e9ger des suspicions et des litiges inutiles.&nbsp;<\/em>\u00bb<\/p>\n\n\n\n<p>Les relations entre la RDC et la R\u00e9publique du Congo ont r\u00e9cemment \u00e9t\u00e9 marqu\u00e9es par des tensions li\u00e9es \u00e0 la politique de Brazzaville envers le Rwanda. En mai dernier, des informations ont fait \u00e9tat d\u2019une cession de terres agricoles du Congo-Brazzaville au Rwanda, suscitant des interrogations \u00e0 Kinshasa quant aux motivations de cette initiative.<\/p>\n\n\n\n<p>Raymond Z\u00e9phirin Mboulou, sans mentionner cet \u00e9pisode, a tenu \u00e0 clarifier la position de Brazzaville.&nbsp;\u00ab&nbsp;<em>Le Congo n\u2019a jamais servi et ne servira jamais de base arri\u00e8re pour une initiative visant \u00e0 d\u00e9stabiliser un pays voisin, surtout pas le pays fr\u00e8re qu\u2019est la RDC. C\u2019est un serment ! Sur la base de ce serment, nous nous ouvrons \u00e0 ce qui est essentiel pour nos deux pays et nos deux peuples.<\/em>&nbsp;\u00bb<\/p>\n\n\n\n<p>Ainsi, Kinshasa et Brazzaville entendent renforcer leur coop\u00e9ration en instaurant des \u00e9changes r\u00e9guliers pour consolider leurs liens.<\/p>\n","protected":false},"excerpt":{"rendered":"<p>La 10\u1d49 session de la Commission sp\u00e9ciale D\u00e9fense et S\u00e9curit\u00e9 entre la R\u00e9publique d\u00e9mocratique du Congo et la R\u00e9publique du<\/p>\n","protected":false},"author":1,"featured_media":46190,"comment_status":"open","ping_status":"open","sticky":false,"template":"","format":"standard","meta":{"footnotes":""},"categories":[51],"tags":[],"class_list":["post-46189","post","type-post","status-publish","format-standard","has-post-thumbnail","hentry","category-general"],"_links":{"self":[{"href":"https:\/\/dekkbi.com\/index.php?rest_route=\/wp\/v2\/posts\/46189","targetHints":{"allow":["GET"]}}],"collection":[{"href":"https:\/\/dekkbi.com\/index.php?rest_route=\/wp\/v2\/posts"}],"about":[{"href":"https:\/\/dekkbi.com\/index.php?rest_route=\/wp\/v2\/types\/post"}],"author":[{"embeddable":true,"href":"https:\/\/dekkbi.com\/index.php?rest_route=\/wp\/v2\/users\/1"}],"replies":[{"embeddable":true,"href":"https:\/\/dekkbi.com\/index.php?rest_route=%2Fwp%2Fv2%2Fcomments&post=46189"}],"version-history":[{"count":1,"href":"https:\/\/dekkbi.com\/index.php?rest_route=\/wp\/v2\/posts\/46189\/revisions"}],"predecessor-version":[{"id":46191,"href":"https:\/\/dekkbi.com\/index.php?rest_route=\/wp\/v2\/posts\/46189\/revisions\/46191"}],"wp:featuredmedia":[{"embeddable":true,"href":"https:\/\/dekkbi.com\/index.php?rest_route=\/wp\/v2\/media\/46190"}],"wp:attachment":[{"href":"https:\/\/dekkbi.com\/index.php?rest_route=%2Fwp%2Fv2%2Fmedia&parent=46189"}],"wp:term":[{"taxonomy":"category","embeddable":true,"href":"https:\/\/dekkbi.com\/index.php?rest_route=%2Fwp%2Fv2%2Fcategories&post=46189"},{"taxonomy":"post_tag","embeddable":true,"href":"https:\/\/dekkbi.com\/index.php?rest_route=%2Fwp%2Fv2%2Ftags&post=46189"}],"curies":[{"name":"wp","href":"https:\/\/api.w.org\/{rel}","templated":true}]}}