{"id":4616,"date":"2022-12-09T15:00:01","date_gmt":"2022-12-09T15:00:01","guid":{"rendered":"https:\/\/dekkbi.com\/?p=4616"},"modified":"2022-12-09T15:00:02","modified_gmt":"2022-12-09T15:00:02","slug":"debaptisation-des-noms-des-rues-ousmane-sonko-va-saisir-la-cour-de-cassation","status":"publish","type":"post","link":"https:\/\/dekkbi.com\/?p=4616","title":{"rendered":"D\u00e9baptisation des noms des rues : Ousmane Sonko va saisir la Cour de cassation"},"content":{"rendered":"\n<p>Ousmane Sonko conteste la d\u00e9cision de la Cour supr\u00eame en annulation de la\u00a0rebaptisation de cinq rues de la ville de Ziguinchor. Le leader de Pastef\/Les Patriotes va saisir la Cour de cassation par un rabat d\u2019arr\u00eat.<\/p>\n\n\n\n<p>L\u2019\u00e9dile de la ville de Ziguinchor, qui n\u2019a pas encore re\u00e7u de notification officielle, consid\u00e8re la d\u00e9cision de la Cour supr\u00eame comme \u00ab ill\u00e9gale \u00bb. Selon Ousmane Sonko, le pr\u00e9fet El Hadji Madick\u00e9 Dram\u00e9 n\u2019a pas respect\u00e9 toutes les \u00e9tapes proc\u00e9durales du recours en annulation de la nouvelle d\u00e9nomination de ces rues.<\/p>\n\n\n\n<p>Le maire rel\u00e8ve d\u2019abord que le d\u00e9lai pr\u00e9vu pour un recours en annulation d\u2019une d\u00e9lib\u00e9ration d\u2019un conseil municipal est de deux mois apr\u00e8s sa transmission. Il ajoute ensuite que la Cour devrait statuer sur un d\u00e9lai d\u2019un mois au maximum.<\/p>\n\n\n\n<p>Ousmane Sonko explique \u00e9galement que le pr\u00e9fet devait obligatoirement \u00ab notifier au maire sa saisine avec les motivations \u00bb. Une notification \u00e0 la suite de laquelle le magistrat devait r\u00e9pondre en pr\u00e9sentant les conclusions \u00e0 la juridiction administrative.<\/p>\n\n\n\n<p>\u00ab Rien de tout cela n\u2019a \u00e9t\u00e9 fait \u00bb a-t-il regrett\u00e9. Ousmane Sonko avait rebaptis\u00e9 ses rues en f\u00e9vrier 2022, quelques jours apr\u00e8s son installation \u00e0 la mairie.<\/p>\n\n\n\n<p>LEQUOTIDIEN<\/p>\n\n\n\n<p><a href=\"https:\/\/lequotidien.sn\/author\/malickgaye\/\"><\/a><\/p>\n\n\n\n<p><\/p>\n","protected":false},"excerpt":{"rendered":"<p>Ousmane Sonko conteste la d\u00e9cision de la Cour supr\u00eame en annulation de la\u00a0rebaptisation de cinq rues de la ville de<\/p>\n","protected":false},"author":1,"featured_media":4045,"comment_status":"open","ping_status":"open","sticky":false,"template":"","format":"standard","meta":{"footnotes":""},"categories":[6],"tags":[],"class_list":["post-4616","post","type-post","status-publish","format-standard","has-post-thumbnail","hentry","category-politics"],"_links":{"self":[{"href":"https:\/\/dekkbi.com\/index.php?rest_route=\/wp\/v2\/posts\/4616","targetHints":{"allow":["GET"]}}],"collection":[{"href":"https:\/\/dekkbi.com\/index.php?rest_route=\/wp\/v2\/posts"}],"about":[{"href":"https:\/\/dekkbi.com\/index.php?rest_route=\/wp\/v2\/types\/post"}],"author":[{"embeddable":true,"href":"https:\/\/dekkbi.com\/index.php?rest_route=\/wp\/v2\/users\/1"}],"replies":[{"embeddable":true,"href":"https:\/\/dekkbi.com\/index.php?rest_route=%2Fwp%2Fv2%2Fcomments&post=4616"}],"version-history":[{"count":1,"href":"https:\/\/dekkbi.com\/index.php?rest_route=\/wp\/v2\/posts\/4616\/revisions"}],"predecessor-version":[{"id":4617,"href":"https:\/\/dekkbi.com\/index.php?rest_route=\/wp\/v2\/posts\/4616\/revisions\/4617"}],"wp:featuredmedia":[{"embeddable":true,"href":"https:\/\/dekkbi.com\/index.php?rest_route=\/wp\/v2\/media\/4045"}],"wp:attachment":[{"href":"https:\/\/dekkbi.com\/index.php?rest_route=%2Fwp%2Fv2%2Fmedia&parent=4616"}],"wp:term":[{"taxonomy":"category","embeddable":true,"href":"https:\/\/dekkbi.com\/index.php?rest_route=%2Fwp%2Fv2%2Fcategories&post=4616"},{"taxonomy":"post_tag","embeddable":true,"href":"https:\/\/dekkbi.com\/index.php?rest_route=%2Fwp%2Fv2%2Ftags&post=4616"}],"curies":[{"name":"wp","href":"https:\/\/api.w.org\/{rel}","templated":true}]}}