{"id":46157,"date":"2024-11-12T10:34:18","date_gmt":"2024-11-12T10:34:18","guid":{"rendered":"https:\/\/dekkbi.com\/?p=46157"},"modified":"2024-11-12T13:09:32","modified_gmt":"2024-11-12T13:09:32","slug":"saint-louis-scenes-de-violence-atroce-sur-lavenue-de-gaule-des-commercants-lynches-a-larme-blanche-par-des-nervis-de-la-caravane-de-lintercoalition-saam-sa-kaddu-takku-wa","status":"publish","type":"post","link":"https:\/\/dekkbi.com\/?p=46157","title":{"rendered":"Saint-Louis: des commer\u00e7ants lynch\u00e9s \u00e0 l\u2019arme blanche par des nervis de la caravane de l\u2019intercoalition Saam Sa Kaddu \/ Takku Wallu S\u00e9n\u00e9gal"},"content":{"rendered":"\n<p>La ville de Saint-Louis a enregistr\u00e9 hier, lundi 11 novembre sa premi\u00e8re sc\u00e8ne de violence. En effet, des personnes en cagoule en charge de la s\u00e9curit\u00e9 des investis de l\u2019intercoalition Saam Sa Kaddu\/Takku Wallu S\u00e9n\u00e9gal auraient fait irruption dans des boutiques de commer\u00e7ants \u00e9tablis au march\u00e9 Tendjigu\u00e8ne de Sor avant de blesser \u00e0 l\u2019arme blanche deux d\u2019entre eux et saccager leurs lieux de commerce.<\/p>\n\n\n\n<p>La sc\u00e8ne s\u2019est produite lors du passage de cette caravane sur cette avenue dans l\u2019apr\u00e8s-midi de ce lundi. Les bless\u00e9s ont \u00e9t\u00e9 aussit\u00f4t \u00e9vacu\u00e9s aux urgences de l\u2019h\u00f4pital r\u00e9gional de Saint-Louis.<\/p>\n\n\n\n<p>Leurs camarades commer\u00e7ants qui \u00e9taient dans tous leurs \u00e9tats ont \u00e9valu\u00e9 les d\u00e9g\u00e2ts et comptent saisir la justice pr\u00e9cis\u00e9ment le Procureur pour \u00e9lucider cette affaire.<\/p>\n\n\n\n<p>Toutefois, ils menacent de riposter la prochaine fois si jamais les auteurs de ces actes de violences ne sont pas traqu\u00e9s puis traduits en justice.<\/p>\n\n\n\n<p>YVES TENDENG<br>SUDQUOTIDIEN<\/p>\n","protected":false},"excerpt":{"rendered":"<p>La ville de Saint-Louis a enregistr\u00e9 hier, lundi 11 novembre sa premi\u00e8re sc\u00e8ne de violence. En effet, des personnes en<\/p>\n","protected":false},"author":1,"featured_media":46158,"comment_status":"open","ping_status":"open","sticky":false,"template":"","format":"standard","meta":{"footnotes":""},"categories":[26],"tags":[],"class_list":["post-46157","post","type-post","status-publish","format-standard","has-post-thumbnail","hentry","category-fait-divers"],"_links":{"self":[{"href":"https:\/\/dekkbi.com\/index.php?rest_route=\/wp\/v2\/posts\/46157","targetHints":{"allow":["GET"]}}],"collection":[{"href":"https:\/\/dekkbi.com\/index.php?rest_route=\/wp\/v2\/posts"}],"about":[{"href":"https:\/\/dekkbi.com\/index.php?rest_route=\/wp\/v2\/types\/post"}],"author":[{"embeddable":true,"href":"https:\/\/dekkbi.com\/index.php?rest_route=\/wp\/v2\/users\/1"}],"replies":[{"embeddable":true,"href":"https:\/\/dekkbi.com\/index.php?rest_route=%2Fwp%2Fv2%2Fcomments&post=46157"}],"version-history":[{"count":2,"href":"https:\/\/dekkbi.com\/index.php?rest_route=\/wp\/v2\/posts\/46157\/revisions"}],"predecessor-version":[{"id":46182,"href":"https:\/\/dekkbi.com\/index.php?rest_route=\/wp\/v2\/posts\/46157\/revisions\/46182"}],"wp:featuredmedia":[{"embeddable":true,"href":"https:\/\/dekkbi.com\/index.php?rest_route=\/wp\/v2\/media\/46158"}],"wp:attachment":[{"href":"https:\/\/dekkbi.com\/index.php?rest_route=%2Fwp%2Fv2%2Fmedia&parent=46157"}],"wp:term":[{"taxonomy":"category","embeddable":true,"href":"https:\/\/dekkbi.com\/index.php?rest_route=%2Fwp%2Fv2%2Fcategories&post=46157"},{"taxonomy":"post_tag","embeddable":true,"href":"https:\/\/dekkbi.com\/index.php?rest_route=%2Fwp%2Fv2%2Ftags&post=46157"}],"curies":[{"name":"wp","href":"https:\/\/api.w.org\/{rel}","templated":true}]}}