{"id":4613,"date":"2022-12-09T14:56:44","date_gmt":"2022-12-09T14:56:44","guid":{"rendered":"https:\/\/dekkbi.com\/?p=4613"},"modified":"2022-12-09T14:56:45","modified_gmt":"2022-12-09T14:56:45","slug":"violences-faites-aux-femmes-la-tranche-entre-15-et-49-ans-25-excisees","status":"publish","type":"post","link":"https:\/\/dekkbi.com\/?p=4613","title":{"rendered":"Violences faites aux femmes: la tranche entre 15 et 49 ans, 25% excis\u00e9es"},"content":{"rendered":"\n<h3 class=\"wp-block-heading\">Les violences bas\u00e9es sur le genre prennent une proportion consid\u00e9rable selon ActionAid. L\u2019Ong fait \u00e9tat de 27% de victimes, des femmes \u00e2g\u00e9es entre 15 et 49 ans ayant subi des violences physiques.<\/h3>\n\n\n\n<p>Le directeur de ActionAid, Zakharia Sambakh\u00e9, a d\u2019embl\u00e9e indiqu\u00e9 que le constat est que \u00ab les cas de violences bas\u00e9s sur le genre, qui sont port\u00e9s \u00e0 la connaissance des autorit\u00e9s ne refl\u00e8tent pas la r\u00e9alit\u00e9 \u00bb. Cela \u00e0 cause de la stigmatisation et le tabou qui entourent la violence sexuelle et emp\u00eachent les victimes de d\u00e9noncer ces faits. Lors d\u2019un conclave, ouvert hier pour 3 jours, les acteurs de haut niveau se sont pench\u00e9s sur la question dans le cadre de la campagne des 16 jours d\u2019activisme contre les violences faites aux femmes et aux filles.<\/p>\n\n\n\n<p>M. Sambakh\u00e9 souligne qu\u2019\u00ab au S\u00e9n\u00e9gal, 27% des femmes de 15-49 ans ont subi des violences physiques depuis l\u2019\u00e2ge de 15 ans. Dans 55% des cas, le mari ou le partenaire est l\u2019auteur de ces actes \u00bb. De plus, la violence bas\u00e9e sur le genre (Vbg) est \u00ab la violation la plus r\u00e9pandue des droits humains \u00bb. Mais elle reste la moins visible, selon cet acteur de la Soci\u00e9t\u00e9 civile. \u00ab 68% des femmes de 15-49 ans victimes de violences n\u2019en ont jamais parl\u00e9 avec quelqu\u2019un, ni cherch\u00e9 de l\u2019aide \u00bb, a ajout\u00e9 le directeur pays d\u2019ActionAid.<\/p>\n\n\n\n<p><strong>Le taux stagne \u00e0 25% de filles excis\u00e9es<br><\/strong><br>S\u2019agissant de l\u2019excision, le directeur d\u2019ActionAid renseigne que \u00ab pr\u00e8s du tiers des femmes sont excis\u00e9es au S\u00e9n\u00e9gal. Et dans certaines r\u00e9gions du sud, elles le sont quasiment toutes. A l\u2019en croire, dans le milieu rural, les parents continuent cette pratique en cachette et les associations peinent \u00e0 changer les mentalit\u00e9s. \u00ab Si l\u2019on peut se r\u00e9jouir de voir la pratique reculer, il est cependant inqui\u00e9tant de noter la stabilit\u00e9 du taux de pratique de l\u2019excision au S\u00e9n\u00e9gal, taux national qui stagne autour de 25% depuis presque une d\u00e9cennie, 34% dans le milieu rural, 22 % dans le milieu urbain \u00bb, a-t-il fait savoir.<\/p>\n\n\n\n<p>Le directeur de ActionAid souligne qu\u2019\u00ab il est difficile de r\u00e9soudre cette probl\u00e9matique par des analyses et des approches cart\u00e9siennes \u00bb. Pour des solutions et assurer la protection des femmes et des filles au S\u00e9n\u00e9gal, ActionAid engage une r\u00e9flexion prospective autour de l\u2019\u00e9ducation comme porteuse d\u2019enjeux de protection durable.<\/p>\n\n\n\n<p>Mr Ndao B<\/p>\n\n\n\n<p>LERAL<\/p>\n","protected":false},"excerpt":{"rendered":"<p>Les violences bas\u00e9es sur le genre prennent une proportion consid\u00e9rable selon ActionAid. L\u2019Ong fait \u00e9tat de 27% de victimes, des<\/p>\n","protected":false},"author":1,"featured_media":4614,"comment_status":"open","ping_status":"open","sticky":false,"template":"","format":"standard","meta":{"footnotes":""},"categories":[21],"tags":[],"class_list":["post-4613","post","type-post","status-publish","format-standard","has-post-thumbnail","hentry","category-societe"],"_links":{"self":[{"href":"https:\/\/dekkbi.com\/index.php?rest_route=\/wp\/v2\/posts\/4613","targetHints":{"allow":["GET"]}}],"collection":[{"href":"https:\/\/dekkbi.com\/index.php?rest_route=\/wp\/v2\/posts"}],"about":[{"href":"https:\/\/dekkbi.com\/index.php?rest_route=\/wp\/v2\/types\/post"}],"author":[{"embeddable":true,"href":"https:\/\/dekkbi.com\/index.php?rest_route=\/wp\/v2\/users\/1"}],"replies":[{"embeddable":true,"href":"https:\/\/dekkbi.com\/index.php?rest_route=%2Fwp%2Fv2%2Fcomments&post=4613"}],"version-history":[{"count":1,"href":"https:\/\/dekkbi.com\/index.php?rest_route=\/wp\/v2\/posts\/4613\/revisions"}],"predecessor-version":[{"id":4615,"href":"https:\/\/dekkbi.com\/index.php?rest_route=\/wp\/v2\/posts\/4613\/revisions\/4615"}],"wp:featuredmedia":[{"embeddable":true,"href":"https:\/\/dekkbi.com\/index.php?rest_route=\/wp\/v2\/media\/4614"}],"wp:attachment":[{"href":"https:\/\/dekkbi.com\/index.php?rest_route=%2Fwp%2Fv2%2Fmedia&parent=4613"}],"wp:term":[{"taxonomy":"category","embeddable":true,"href":"https:\/\/dekkbi.com\/index.php?rest_route=%2Fwp%2Fv2%2Fcategories&post=4613"},{"taxonomy":"post_tag","embeddable":true,"href":"https:\/\/dekkbi.com\/index.php?rest_route=%2Fwp%2Fv2%2Ftags&post=4613"}],"curies":[{"name":"wp","href":"https:\/\/api.w.org\/{rel}","templated":true}]}}