{"id":46083,"date":"2024-11-11T11:18:32","date_gmt":"2024-11-11T11:18:32","guid":{"rendered":"https:\/\/dekkbi.com\/?p=46083"},"modified":"2024-11-11T11:18:32","modified_gmt":"2024-11-11T11:18:32","slug":"cables-sous-marins-en-rachetant-son-fleuron-asn-la-france-repare-une-erreur-strategique","status":"publish","type":"post","link":"https:\/\/dekkbi.com\/?p=46083","title":{"rendered":"C\u00e2bles sous-marins: en rachetant son fleuron ASN, la France r\u00e9pare une \u00aberreur strat\u00e9gique\u00bb"},"content":{"rendered":"\n<p>Alcatel Submarine Networks est l&rsquo;une des rares entreprises au monde \u00e0 fabriquer des c\u00e2bles sous-marins de t\u00e9l\u00e9communication, ces infrastructures vitales pour la connectivit\u00e9 mondiale.&nbsp;<\/p>\n\n\n\n<p>Par : Aurore Lartigue &#8211; RFI <\/p>\n\n\n\n<p>Cette semaine, le ministre fran\u00e7ais de l\u2019\u00c9conomie et des Finances a act\u00e9 le rachat par l\u2019\u00c9tat de 80% d\u2019Alcatel Submarine Networks (ASN). \u00ab\u00a0<em>L\u2019acquisition d\u2019ASN est un signal fort qui montre que nous sommes en capacit\u00e9 d\u2019identifier et d\u2019investir dans des activit\u00e9s strat\u00e9giques\u00a0<\/em>\u00bb,\u00a0<strong>s&rsquo;est f\u00e9licit\u00e9 le ministre Antoine Armand<\/strong>\u00a0lors de sa venue sur le site de l&rsquo;entreprise \u00e0 Calais.<\/p>\n\n\n\n<p>La firme produit et installe des\u00a0<strong>c\u00e2bles sous-marins<\/strong>, ces routes du fond des mers essentielles pour la communication internationale. De nos jours en effet, et contrairement \u00e0 une id\u00e9e souvent admise, les satellites ne participent qu\u2019\u00e0 la marge (zones de conflit ou isol\u00e9es) aux communications intercontinentales. Environ 99% du trafic Internet passe par des lignes de fibres optiques pos\u00e9es au fond des oc\u00e9ans. \u00a0<\/p>\n\n\n\n<p>Un r\u00e9seau de\u00a0<strong>pr\u00e8s de 500 c\u00e2bles<\/strong>, au sein duquel la France, gr\u00e2ce \u00e0 sa position et \u00e0 ses c\u00f4tes, est un point n\u00e9vralgique\u00a0: quatre c\u00e2bles transatlantiques atterrissent sur ses plages, reliant l\u2019Europe aux \u00c9tats-Unis. Et une quinzaine arrivent \u00e0 Marseille, via la M\u00e9diterran\u00e9e, connectant le continent \u00e0\u00a0l\u2019Afrique, au Moyen-Orient et \u00e0 l\u2019Asie. Pas \u00e9tonnant donc que Bercy insiste sur le fait que \u00ab<em>\u00a0ma\u00eetriser cette technologie et les infrastructures qui en d\u00e9pendent est un enjeu de souverainet\u00e9 et d&rsquo;ind\u00e9pendance technologique pour la France et ses partenaires europ\u00e9ens<\/em>\u00a0\u00bb.<\/p>\n\n\n\n<p>Pourtant, en 2015, quand\u00a0<strong>le groupe finlandais Nokia a rachet\u00e9 Alcatel-Lucent<\/strong>, l&rsquo;\u00c9tat avait laiss\u00e9 partir dans le paquet sa division Submarine Networks. Emmanuel Macron \u00e9tait alors ministre de l&rsquo;\u00c9conomie. \u00ab\u00a0<em>Ils auraient fallu prot\u00e9ger ce fleuron strat\u00e9gique<\/em>\u00a0\u00bb, estime Oph\u00e9lie Coelho, autrice de\u00a0<em>G\u00e9opolitique du num\u00e9rique &#8211; L&rsquo;imp\u00e9rialisme \u00e0 pas de g\u00e9ants<\/em>, comme d&rsquo;autres experts du secteur.\u00a0\u00ab<em>\u00a0Nous avions trouv\u00e9 tr\u00e8s bizarre que l&rsquo;\u00c9tat ne s&rsquo;oppose pas \u00e0 cette vente<\/em>\u00a0\u00bb, se souvient\u00a0Michael Delaunay, chercheur en science politique, sp\u00e9cialiste des c\u00e2bles dans l&rsquo;Arctique.\u00a0<\/p>\n\n\n\n<h2 class=\"wp-block-heading\">\u00ab<em>&nbsp;Il y a un manque de sensibilit\u00e9 des politiques aux enjeux num\u00e9riques&nbsp;<\/em>\u00bb<\/h2>\n\n\n\n<p>ASN, \u00e0 l&rsquo;origine de la pose du premier c\u00e2ble t\u00e9l\u00e9graphique entre Jersey et la France au 19e si\u00e8cle,\u00a0d\u00e9tient un tiers des parts de march\u00e9 du secteur, aux c\u00f4t\u00e9s de l\u2019Am\u00e9ricain SubCom et du japonais NEC. C&rsquo;est aussi l&rsquo;une des rares entreprises mondiales \u00e0 ma\u00eetriser la fabrication de ces pr\u00e9cieux c\u00e2bles \u00e0 fibre optique. Elle intervient \u00e9galement dans la pose et dans la\u00a0<strong>maintenance de ces infrastructures<\/strong>\u00a0parfois \u00e0 des milliers de m\u00e8tres de profondeur. \u00ab\u00a0<em>Les c\u00e2bles sous-marins sont un sujet complexe et technique, qui demande un savoir-faire et des \u00e9quipements particuliers\u00a0<\/em>\u00bb, insiste Oph\u00e9lie Coelho. \u00ab<em>\u00a0Il y a un manque de sensibilit\u00e9 des politiques \u00e0 ces enjeux-l\u00e0 : on a encore tendance \u00e0 consid\u00e9rer le num\u00e9rique comme un outil, pas comme un sujet d&rsquo;importance g\u00e9opolitique<\/em>\u00a0\u00bb, regrette la chercheuse en g\u00e9opolitique du num\u00e9rique, qui y voit aussi un \u00ab\u00a0<em>manque de vision \u00e0 long terme<\/em>\u00a0\u00bb.\u00a0\u00a0<\/p>\n\n\n\n<p>Les enjeux sont pourtant bien r\u00e9els. \u00ab<em>&nbsp;Dans les infrastructures du num\u00e9rique, il y a toute une cha\u00eene de d\u00e9pendances.&nbsp;Les c\u00e2bles, comme les centres de donn\u00e9es \u00e9galement, font partie des&nbsp;\u00e9l\u00e9ments strat\u00e9giques dont d\u00e9pendent les \u00c9tats pour leur vie et leur survie num\u00e9rique&nbsp;<\/em>\u00bb,&nbsp;d\u00e9veloppe Oph\u00e9lie Coelho. S&rsquo;ils \u00e9taient historiquement d\u00e9tenus par des consortiums d\u2019op\u00e9rateurs t\u00e9l\u00e9coms qui se partageaient le co\u00fbt et la capacit\u00e9 du c\u00e2ble, depuis quelques ann\u00e9es, les g\u00e9ants am\u00e9ricains du num\u00e9rique, Google en t\u00eate, ont massivement investi. \u00ab&nbsp;<em>Les propri\u00e9taires de ces infrastructures ont une influence consid\u00e9rable sur l&rsquo;ensemble de la cha\u00eene,&nbsp;<\/em>analyse la chercheuse<em>.<\/em>&nbsp;<em>D&rsquo;o\u00f9 l&rsquo;importance d\u2019avoir la main sur une des parties de ces cha\u00eenons strat\u00e9giques, \u00e0 savoir la production et la pose de c\u00e2bles.<\/em>&nbsp;<em>\u00catre un acteur majeur sur des n\u0153uds de d\u00e9pendance, \u00e7a nous permet d\u2019avoir un levier pour n\u00e9gocier avec les acteurs puissants. C&rsquo;est une question d&rsquo;interd\u00e9pendance.&nbsp;<\/em>\u00bb&nbsp;<\/p>\n\n\n\n<p>Ce rachat est donc une \u00ab<em>&nbsp;bonne nouvelle&nbsp;<\/em>\u00bb, m\u00eame s&rsquo;il ne fait que r\u00e9parer une erreur strat\u00e9gique, estiment les deux experts. \u00ab&nbsp;<em>Tous n&rsquo;\u00e9taient pas ing\u00e9nus<\/em>&nbsp;\u00bb, rappelle Michael Delaunay. En 2013, Fleur Pellerin, alors ministre de l&rsquo;\u00c9conomie num\u00e9rique, avait d\u00e9j\u00e0 qualifi\u00e9 de \u00ab&nbsp;<em>strat\u00e9gique&nbsp;<\/em>\u00bb le savoir-faire d&rsquo;Alcatel Submarine Networks. \u00ab&nbsp;<em>D&rsquo;ailleurs, tr\u00e8s vite, certains services de l&rsquo;\u00c9tat se sont dit qu&rsquo;il faudrait peut-\u00eatre qu&rsquo;on s\u00e9curise cet atout strat\u00e9gique&nbsp;<\/em>\u00bb, souligne le chercheur. L&rsquo;\u00c9tat&nbsp;a d&rsquo;ailleurs multipli\u00e9 les tentatives pour reprendre le contr\u00f4le de l\u2019entreprise, notamment \u00e0 travers des firmes fran\u00e7aises comme Orange Marine.<\/p>\n\n\n\n<p>L&rsquo;accord sign\u00e9 pr\u00e9voit \u00e0 terme la possibilit\u00e9 pour l&rsquo;\u00c9tat d&rsquo;acqu\u00e9rir 100% du capital d&rsquo;ASN. Nokia garde une part minoritaire de 20% du capital pour le moment mais devrait pouvoir racheter cette part ensuite.&nbsp;<\/p>\n\n\n\n<h2 class=\"wp-block-heading\">Une prise de conscience favoris\u00e9e par le contexte g\u00e9opolitique<\/h2>\n\n\n\n<p>Le contexte g\u00e9opolitique a particip\u00e9 \u00e0 \u00ab\u00a0<em>r\u00e9veiller nos\u00a0d\u00e9cideurs politiques\u00a0<\/em>\u00bb, selon Michael Delaunay. Il fait remonter le d\u00e9but de la prise de conscience \u00e0 2015, avec l&rsquo;affaire d&rsquo;un navire russe d&rsquo;espionnage rep\u00e9r\u00e9 \u00e0 proximit\u00e9 de c\u00e2bles sous-marins occidentaux. Avec le Covid, on s&rsquo;est rendu compte qu&rsquo;Internet \u00e9tait indispensable, commente-t-il, puis il y a eu le d\u00e9clenchement de la guerre en Ukraine par la Russie et le\u00a0<strong>sabotage du gazoduc Nord Stream\u00a0<\/strong>dans la Baltique. Ces derniers mois, les rebelles y\u00e9m\u00e9nites houthis ont menac\u00e9 de s&rsquo;attaquer aux fibres d\u00e9ploy\u00e9es dans la mer Rouge, qui constitue l&rsquo;un des carrefours de l&rsquo;Internet mondial. Des \u00e9v\u00e9nements qui ont attir\u00e9 l&rsquo;attention sur le fait que si les c\u00e2bles \u00e9taient strat\u00e9giques, ils pouvaient repr\u00e9senter une cible ou un risque.<\/p>\n\n\n\n<p>En tant qu&rsquo;infrastructures \u00ab\u00a0<em>critiques\u00a0<\/em>\u00bb, depuis 2022, les c\u00e2bles sous-marins font d\u00e9sormais partie d&rsquo;une\u00a0<strong>strat\u00e9gie minist\u00e9rielle de ma\u00eetrise des fonds marins (MFM)<\/strong>.\u00a0<\/p>\n\n\n\n<p>Signe de la prise de conscience au niveau europ\u00e9en, en f\u00e9vrier dernier, Bruxelles recommandait d&rsquo;\u00ab&nbsp;<em>am\u00e9liorer la s\u00e9curit\u00e9 et la r\u00e9silience<\/em>&nbsp;\u00bb des c\u00e2bles sous-marins. Le volet digital du Connecting Europe Facility (CEF),&nbsp;mis en place pour soutenir le d\u00e9veloppement des infrastructures strat\u00e9giques dans les secteurs du transport, de l&rsquo;\u00e9nergie et des t\u00e9l\u00e9communications,&nbsp;a financ\u00e9 plusieurs c\u00e2bles sous-marins depuis 2021 \u00ab&nbsp;<em>pour \u00eatre moins d\u00e9pendant des routes traditionnelles&nbsp;en donnant au r\u00e9seau des possibilit\u00e9s de reroutage<\/em>&nbsp;<em>en cas de coupure<\/em>&nbsp;\u00bb, pointe Michael Delaunay. Trois projets sont aussi pr\u00e9vus dans l&rsquo;Arctique. \u00ab&nbsp;<em>Une r\u00e9volution<\/em>&nbsp;\u00bb, selon le sp\u00e9cialiste, et un autre signe de la vitalit\u00e9 du secteur.&nbsp;<\/p>\n","protected":false},"excerpt":{"rendered":"<p>Alcatel Submarine Networks est l&rsquo;une des rares entreprises au monde \u00e0 fabriquer des c\u00e2bles sous-marins de t\u00e9l\u00e9communication, ces infrastructures vitales<\/p>\n","protected":false},"author":1,"featured_media":46085,"comment_status":"open","ping_status":"open","sticky":false,"template":"","format":"standard","meta":{"footnotes":""},"categories":[3],"tags":[],"class_list":["post-46083","post","type-post","status-publish","format-standard","has-post-thumbnail","hentry","category-event-more-news"],"_links":{"self":[{"href":"https:\/\/dekkbi.com\/index.php?rest_route=\/wp\/v2\/posts\/46083","targetHints":{"allow":["GET"]}}],"collection":[{"href":"https:\/\/dekkbi.com\/index.php?rest_route=\/wp\/v2\/posts"}],"about":[{"href":"https:\/\/dekkbi.com\/index.php?rest_route=\/wp\/v2\/types\/post"}],"author":[{"embeddable":true,"href":"https:\/\/dekkbi.com\/index.php?rest_route=\/wp\/v2\/users\/1"}],"replies":[{"embeddable":true,"href":"https:\/\/dekkbi.com\/index.php?rest_route=%2Fwp%2Fv2%2Fcomments&post=46083"}],"version-history":[{"count":1,"href":"https:\/\/dekkbi.com\/index.php?rest_route=\/wp\/v2\/posts\/46083\/revisions"}],"predecessor-version":[{"id":46084,"href":"https:\/\/dekkbi.com\/index.php?rest_route=\/wp\/v2\/posts\/46083\/revisions\/46084"}],"wp:featuredmedia":[{"embeddable":true,"href":"https:\/\/dekkbi.com\/index.php?rest_route=\/wp\/v2\/media\/46085"}],"wp:attachment":[{"href":"https:\/\/dekkbi.com\/index.php?rest_route=%2Fwp%2Fv2%2Fmedia&parent=46083"}],"wp:term":[{"taxonomy":"category","embeddable":true,"href":"https:\/\/dekkbi.com\/index.php?rest_route=%2Fwp%2Fv2%2Fcategories&post=46083"},{"taxonomy":"post_tag","embeddable":true,"href":"https:\/\/dekkbi.com\/index.php?rest_route=%2Fwp%2Fv2%2Ftags&post=46083"}],"curies":[{"name":"wp","href":"https:\/\/api.w.org\/{rel}","templated":true}]}}