{"id":46081,"date":"2024-11-11T11:15:25","date_gmt":"2024-11-11T11:15:25","guid":{"rendered":"https:\/\/dekkbi.com\/?p=46081"},"modified":"2024-11-11T11:53:34","modified_gmt":"2024-11-11T11:53:34","slug":"allemagne-le-chancelier-allemand-se-dit-ouvert-a-un-calendrier-electoral-rapproche","status":"publish","type":"post","link":"https:\/\/dekkbi.com\/?p=46081","title":{"rendered":"Allemagne: le chancelier allemand se dit ouvert \u00e0 un calendrier \u00e9lectoral rapproch\u00e9"},"content":{"rendered":"\n<p>Le chancelier allemand Olaf Scholz s&rsquo;est d\u00e9clar\u00e9 pr\u00eat, sous conditions, \u00e0 se soumettre d\u00e8s cette ann\u00e9e 2024 au vote de confiance des d\u00e9put\u00e9s en vue d&rsquo;acc\u00e9l\u00e9rer l&rsquo;organisation d&rsquo;\u00e9lections l\u00e9gislatives anticip\u00e9es, apr\u00e8s l&rsquo;explosion de sa coalition gouvernementale.<\/p>\n\n\n\n<p>Par : RFI avec AFP<\/p>\n\n\n\n<p>\u00ab&nbsp;<em>Ce n&rsquo;est pour moi pas un probl\u00e8me de poser la question de confiance avant No\u00ebl&nbsp;<\/em>\u00bb au Bundestag, si le parti social-d\u00e9mocrate au pouvoir et l&rsquo;opposition conservatrice s&rsquo;accordent en ce sens, a d\u00e9clar\u00e9 le chancelier&nbsp;<strong>allemand<\/strong>&nbsp;Olaf Scholz, dimanche 10 novembre, dans un entretien \u00e0 la t\u00e9l\u00e9vision publique ARD. Quelques jours auparavant, il avait \u00e9voqu\u00e9 la date du 15 janvier pour poser la question de confiance avec des \u00e9lections l\u00e9gislatives fin mars.<\/p>\n\n\n\n<h2 class=\"wp-block-heading\">\u00ab<em>Que cela aille vite<\/em>\u00a0\u00bb<\/h2>\n\n\n\n<p>\u00ab&nbsp;<em>Je veux aussi que cela aille vite<\/em>&nbsp;\u00bb, a-t-il aussi d\u00e9clar\u00e9. \u00ab<em>&nbsp;L&rsquo;Allemagne a besoin rapidement d&rsquo;un nouveau gouvernement d\u00e9mocratiquement l\u00e9gitim\u00e9<\/em>&nbsp;\u00bb, a-il ajout\u00e9. Apr\u00e8s le vote de confiance, que M. Scholz devrait perdre, n&rsquo;ayant plus de majorit\u00e9 suffisante au Parlement, le pr\u00e9sident Frank-Walter Steinmeier aura 21 jours pour dissoudre le Bundestag et de nouvelles \u00e9lections devront avoir lieu dans un d\u00e9lai de 60 jours.<\/p>\n\n\n\n<p>Depuis l&rsquo;explosion, mercredi 6 novembre, de la&nbsp;<strong>coalition gouvernementale<\/strong>&nbsp;form\u00e9e initialement des sociaux-d\u00e9mocrates de M. Scholz, des \u00e9cologistes et des lib\u00e9raux, en raison de profonds d\u00e9saccords sur la politique \u00e9conomique, la pression monte sur le chancelier pour l&rsquo;organisation rapide d&rsquo;\u00e9lections. Les appels se sont multipli\u00e9s pour que des l\u00e9gislatives se tiennent le plus t\u00f4t possible, alors que les d\u00e9fis sont nombreux pour la premi\u00e8re \u00e9conomie europ\u00e9enne, au bord de la r\u00e9cession et qui craint les cons\u00e9quences d&rsquo;un retour de Donald Trump \u00e0 la t\u00eate des \u00c9tats-Unis.<\/p>\n\n\n\n<p>Dans une interview \u00e0 l&rsquo;hebdomadaire&nbsp;<em>Stern<\/em>, le candidat pour les conservateurs \u00e0 la chancellerie,&nbsp;<strong>Friedrich Merz<\/strong>, avait appel\u00e9 M. Scholz \u00e0 solliciter un vote de confiance d\u00e8s mercredi, jour o\u00f9 le chancelier a pr\u00e9vu de faire une d\u00e9claration gouvernementale au Bundestag. M. Merz s&rsquo;\u00e9tait \u00e9galement prononc\u00e9 pour des \u00e9lections le 19 janvier, alors que son parti est en t\u00eate dans les sondages. L&rsquo;homme a fait de la tenue rapide d&rsquo;un vote de confiance au Bundestag une condition pr\u00e9alable pour que son parti apporte son soutien pour toute une s\u00e9rie de projets de lois importants, que le gouvernement de M. Scholz souhaite faire passer au Parlement avant les \u00e9lections.<\/p>\n\n\n\n<h2 class=\"wp-block-heading\">Le SPD \u00e0 15%<\/h2>\n\n\n\n<p>Lundi, la directrice f\u00e9d\u00e9rale des \u00e9lections, Ruth Brand, doit tenir une r\u00e9union virtuelle avec ses coll\u00e8gues r\u00e9gionaux, dans l&rsquo;objectif d&rsquo;\u00e9tudier l&rsquo;organisation du scrutin. D&rsquo;apr\u00e8s&nbsp;un sondage paru ce 10 novembre dans l&rsquo;hebdomadaire allemand&nbsp;<em>Bild am Sonntag<\/em>&nbsp;r\u00e9alis\u00e9 par l&rsquo;institut Insa, les conservateurs restent la plus importante force politique avec un score inchang\u00e9 de 32%, suivis de l&rsquo;extr\u00eame droite AfD \u00e0 19%. Le SPD de Scholz arrive derri\u00e8re \u00e0 15%. Les deux autres membres de l&rsquo;ex-coalition de M. Scholz sont cr\u00e9dit\u00e9s de 10% pour les Verts et de 4% pour Lib\u00e9raux, soit sous le seuil des 5% n\u00e9cessaires pour rester au Bundestag.<\/p>\n","protected":false},"excerpt":{"rendered":"<p>Le chancelier allemand Olaf Scholz s&rsquo;est d\u00e9clar\u00e9 pr\u00eat, sous conditions, \u00e0 se soumettre d\u00e8s cette ann\u00e9e 2024 au vote de<\/p>\n","protected":false},"author":1,"featured_media":46100,"comment_status":"open","ping_status":"open","sticky":false,"template":"","format":"standard","meta":{"footnotes":""},"categories":[51],"tags":[],"class_list":["post-46081","post","type-post","status-publish","format-standard","has-post-thumbnail","hentry","category-general"],"_links":{"self":[{"href":"https:\/\/dekkbi.com\/index.php?rest_route=\/wp\/v2\/posts\/46081","targetHints":{"allow":["GET"]}}],"collection":[{"href":"https:\/\/dekkbi.com\/index.php?rest_route=\/wp\/v2\/posts"}],"about":[{"href":"https:\/\/dekkbi.com\/index.php?rest_route=\/wp\/v2\/types\/post"}],"author":[{"embeddable":true,"href":"https:\/\/dekkbi.com\/index.php?rest_route=\/wp\/v2\/users\/1"}],"replies":[{"embeddable":true,"href":"https:\/\/dekkbi.com\/index.php?rest_route=%2Fwp%2Fv2%2Fcomments&post=46081"}],"version-history":[{"count":2,"href":"https:\/\/dekkbi.com\/index.php?rest_route=\/wp\/v2\/posts\/46081\/revisions"}],"predecessor-version":[{"id":46102,"href":"https:\/\/dekkbi.com\/index.php?rest_route=\/wp\/v2\/posts\/46081\/revisions\/46102"}],"wp:featuredmedia":[{"embeddable":true,"href":"https:\/\/dekkbi.com\/index.php?rest_route=\/wp\/v2\/media\/46100"}],"wp:attachment":[{"href":"https:\/\/dekkbi.com\/index.php?rest_route=%2Fwp%2Fv2%2Fmedia&parent=46081"}],"wp:term":[{"taxonomy":"category","embeddable":true,"href":"https:\/\/dekkbi.com\/index.php?rest_route=%2Fwp%2Fv2%2Fcategories&post=46081"},{"taxonomy":"post_tag","embeddable":true,"href":"https:\/\/dekkbi.com\/index.php?rest_route=%2Fwp%2Fv2%2Ftags&post=46081"}],"curies":[{"name":"wp","href":"https:\/\/api.w.org\/{rel}","templated":true}]}}