{"id":46075,"date":"2024-11-11T11:07:41","date_gmt":"2024-11-11T11:07:41","guid":{"rendered":"https:\/\/dekkbi.com\/?p=46075"},"modified":"2024-11-11T11:07:42","modified_gmt":"2024-11-11T11:07:42","slug":"biram-sene-directeur-general-des-elections-un-brillant-magistrat-a-la-tete-de-la-dge","status":"publish","type":"post","link":"https:\/\/dekkbi.com\/?p=46075","title":{"rendered":"Biram Sene, Directeur General Des Elections : Un brillant magistrat a la tete de la DGE"},"content":{"rendered":"\n<h3 class=\"wp-block-heading\">Ancien Directeur de la Formation et de la communication \u00e0 la DGE, Biram S\u00e8ne, est le premier magistrat \u00e0 occuper la fonction de Directeur G\u00e9n\u00e9ral de cette prestigieuse institution. Le natif de Mbellacadiao, est un brillant sujet fait d\u2019un bois rare. Aux \u00e2mes bien n\u00e9es, la valeur n\u2019attend point le nombre des ann\u00e9es<\/h3>\n\n\n\n<p>E n 2019, le S\u00e9n\u00e9gal s\u2019achemine vers sa premi\u00e8re \u00e9lection pr\u00e9sidentielle avec un parrainage citoyen qui met partis politiques et ind\u00e9pendants sur le m\u00eame pied d\u2019\u00e9galit\u00e9.<\/p>\n\n\n\n<p>Le 19 avril 2018, l\u2019Assembl\u00e9e nationale est en surchauffe, avec une s\u00e9rie d\u2019arrestations d\u2019opposants et d\u2019activistes qui protestaient contre cette loi qui ne fait pas l\u2019objet de consensus. L\u2019opposition soup\u00e7onne le parti au pouvoir d\u2019user de stratag\u00e8mes pour \u00e9liminer de potentiels candidats. La v\u00e9rification et le contr\u00f4le sont confi\u00e9s au Conseil constitutionnel.<\/p>\n\n\n\n<p>Du filtre, il ne reste que 5 candidats qui vont s\u2019affronter. Alors, pour rassurer et montrer sa bonne foi, le Pr\u00e9sident du Conseil constitutionnel de l\u2019\u00e9poque, Papa Oumar Sakho entreprend une campagne de communication et d\u2019explication en invitant les m\u00e9dias \u00e0 Saly.<\/p>\n\n\n\n<p>Pour rappel, Biram S\u00e8ne \u00e9tait \u00e0 l\u2019\u00e9poque parmi les assistants du Conseil Constitutionnel. Devant un parterre de personnalit\u00e9s, il avait s\u00e9duit l\u2019assistance par sa p\u00e9dagogie et sa maitrise du syst\u00e8me (fichier et parrainage).<\/p>\n\n\n\n<p>Connu pour sa rigueur, sa perspicacit\u00e9, sa pers\u00e9v\u00e9rance, son professionnalisme et son engagement, Biram S\u00e8ne est d\u00e9crit par ses proches collaborateurs comme une personne honn\u00eate, un travailleur s\u00e9rieux et infatigable dans ce qu\u2019il fait quotidiennement.<\/p>\n\n\n\n<p>Jeune substitut du procureur de la R\u00e9publique pr\u00e8s le tribunal de grande instance de Dakar, sous l\u2019autorit\u00e9, \u00e0 l\u2019\u00e9poque, de l\u2019actuel Ministre de la Justice, garde des sceaux, Ousmane Diagne, il avait eu l\u2019insigne honneur de prononcer le discours d\u2019usage de l\u2019Audience solennelle de Rentr\u00e9e des cours et tribunaux, le 12 janvier 2016.<\/p>\n\n\n\n<p>Avec l\u2019\u00e9loquence, il avait trait\u00e9 un sujet d\u2019actualit\u00e9 autour du th\u00e8me : \u00abLes collectivit\u00e9s locales et le contr\u00f4le de l\u00e9galit\u00e9\u00bb.<\/p>\n\n\n\n<p>Peut-\u00eatre bien que le \u00ab Code g\u00e9n\u00e9ral des collectivit\u00e9s territoriales annot\u00e9\u00bb, qu\u2019il a co\u00e9crit avec L\u00e9opold Wade, en 2023, publi\u00e9 aux \u00e9ditions L\u2019Harmattan S\u00e9n\u00e9gal, \u00e9tait un signe annonciateur et une suite logique ! Et ce n\u2019est pas son seul livre, lui qui demeure et reste un assoiff\u00e9 de connaissances.<\/p>\n\n\n\n<p>Titulaire d\u2019un D.E.A. en Droit public g\u00e9n\u00e9ral, doctorant, charg\u00e9 de cours \u00e0 la Facult\u00e9 des Sciences juridiques et politiques de Dakar, \u00e0 l\u2019\u00c9cole sup\u00e9rieure polytechnique (Esp) de Dakar et \u00e0 l\u2019\u00c9cole nationale de Police, Biram S\u00e8ne, est un brillant formateur et un p\u00e9dagogue averti.<\/p>\n\n\n\n<p>Parmi ses publications figure, \u00abLe contentieux administratif : Essai de liste des actes susceptibles et des actes insusceptibles de recours pour exc\u00e8s de pouvoir\u00bb. L\u2019universitaire Biram S\u00e8ne est doubl\u00e9 d\u2019un chercheur et producteur scientifique f\u00e9cond dans sa discipline.<\/p>\n\n\n\n<p>Avec son ancien coll\u00e8gue et ami, Adama Traor\u00e9, magistrat devenu avocat, il a publi\u00e9 un recueil pour rendre moins p\u00e9nible l\u2019acc\u00e8s \u00e0 la l\u00e9gislation fonci\u00e8re et domaniale avec \u00abRecueil de textes fonciers et domaniaux\u00bb, 1\u00e8re Edition 2013 et 2e \u00e9dition publi\u00e9e en 2019 pr\u00e9fac\u00e9es par le Professeur Abdoulaye Di\u00e8ye.<\/p>\n\n\n\n<p>Il est revenu \u00e0 la charge avec son ami ins\u00e9parable, Adama Traor\u00e9 pour r\u00e9diger un chef-d\u2019\u0153uvre intitul\u00e9 : \u00abCode \u00e9lectoral annot\u00e9, 2024\u00bb, pr\u00e9c\u00e9d\u00e9 de \u00abCode des douanes du S\u00e9n\u00e9gal annot\u00e9\u00bb, \u00e9dition 2022, avec Adama Traor\u00e9 et Dr Malick Faye. En 2018, il publie avec Amadou Dicko Mballo et Mamadou Birane Wane, \u00abJustice militaire, recueil de textes annot\u00e9\u00bb, pr\u00e9fac\u00e9 par le G\u00e9n\u00e9ral Meissa Niang et \u00e9dit\u00e9 par la maison d\u2019\u00e9dition ABIS\u2026<\/p>\n\n\n\n<p>Expert de statut international, Biram S\u00e8ne est consult\u00e9 et conseille plusieurs organes et institutions nationales ou internationales en mati\u00e8re juridique ou \u00e9lectorale. Originaire de Thiaba, dans la commune de Mbellacadiao, une collectivit\u00e9 territoriale nich\u00e9e dans le d\u00e9partement de Fatick, ce s\u00e9r\u00e8re bon teint a fait ses \u00e9tudes au lyc\u00e9e Valdiodio Ndiaye de Kaolack o\u00f9 il a obtenu son bac avant d\u2019\u00eatre orient\u00e9 \u00e0 la Facult\u00e9 des sciences juridiques et politiques de l\u2019Universit\u00e9 Cheikh Anta Diop de Dakar.<\/p>\n\n\n\n<p>Il aime bien rappeler au sujet du syst\u00e8me \u00e9lectoral que : \u00abLe processus \u00e9lectoral s\u00e9n\u00e9galais, bien que cit\u00e9 en exemple, n\u2019est pas, en effet, parfait. Les constants efforts pour \u00eatre au niveau des standards internationaux en mati\u00e8re de transparence et de sinc\u00e9rit\u00e9, semblent \u00eatre ignor\u00e9s de la part d\u2019une classe politique et de citoyens toujours plus exigeants\u00bb, avait-il d\u00e9clar\u00e9 aux participants de l\u2019atelier sur le syst\u00e8me \u00e9lectoral organis\u00e9 par le Forum civil.<\/p>\n\n\n\n<p>C\u2019est que Biram S\u00e8ne est un expert chevronn\u00e9 et un formateur reconnu en la mati\u00e8re \u00e9lectorale. Il a conduit plusieurs formations de haut niveau en mati\u00e8re de r\u00e9vision des listes \u00e9lectorales, sur les parrainages, sur l\u2019efficacit\u00e9 judiciaire, entre autres. Biram S\u00e8ne ambitionne avec ses \u00e9quipes, de porter la Dge au sommet de son art, au moment o\u00f9 le S\u00e9n\u00e9gal pourrait selon certains observateurs, passer au mod\u00e8le d\u2019une autorit\u00e9 ind\u00e9pendante avec une Ceni qui se chargerait du processus \u00e9lectoral, donc un organe ind\u00e9pendant du minist\u00e8re de l\u2019Int\u00e9rieur.<\/p>\n\n\n\n<p>Face \u00e0 la prolif\u00e9ration des partis politiques, qui seront bient\u00f4t 400, Biram S\u00e8ne certifie que le parrainage est un syst\u00e8me qui n\u2019est pas mauvais mais qu\u2019il faut parfaire progressivement. A l\u2019ombre du G\u00e9n\u00e9ral Jean Baptiste Tine, Ministre de l\u2019Int\u00e9rieur et de la S\u00e9curit\u00e9 Publique, Biram S\u00e8ne, Directeur G\u00e9n\u00e9ral des Elections, \u00e0 la t\u00eate d\u2019une \u00e9quipe comp\u00e9tente et d\u00e9vou\u00e9e, abat un travail remarquable au service de son pays.<\/p>\n\n\n\n<p>Assur\u00e9ment, l\u2019administration \u00e9lectorale est entre de bonnes mains. Des mains expertes, celle d\u2019un sachant doubl\u00e9 d\u2019un pratiquant du droit \u00e9lectoral, \u00e9pris de droit, mais aussi de justice, parce qu\u2019universitaire et magistrat \u00e0 la fois. Celle d\u2019un haut fonctionnaire qui, sorti des cours et tribunaux, connait et ma\u00eetrise les arcanes des rouages de l\u2019Etat, tout en \u00e9tant en contact avec les acteurs politiques et les citoyens.<\/p>\n\n\n\n<p>Avec Biram S\u00e8ne \u00e0 la t\u00eate, la DGE ne serait point au centre de controverse et accusations d\u2019instrument administratif politis\u00e9 et instrumentalis\u00e9.<\/p>\n\n\n\n<p>Magazine Regards<br>Abdoulaye Fofana Seck<\/p>\n","protected":false},"excerpt":{"rendered":"<p>Ancien Directeur de la Formation et de la communication \u00e0 la DGE, Biram S\u00e8ne, est le premier magistrat \u00e0 occuper<\/p>\n","protected":false},"author":1,"featured_media":43695,"comment_status":"open","ping_status":"open","sticky":false,"template":"","format":"standard","meta":{"footnotes":""},"categories":[6],"tags":[],"class_list":["post-46075","post","type-post","status-publish","format-standard","has-post-thumbnail","hentry","category-politics"],"_links":{"self":[{"href":"https:\/\/dekkbi.com\/index.php?rest_route=\/wp\/v2\/posts\/46075","targetHints":{"allow":["GET"]}}],"collection":[{"href":"https:\/\/dekkbi.com\/index.php?rest_route=\/wp\/v2\/posts"}],"about":[{"href":"https:\/\/dekkbi.com\/index.php?rest_route=\/wp\/v2\/types\/post"}],"author":[{"embeddable":true,"href":"https:\/\/dekkbi.com\/index.php?rest_route=\/wp\/v2\/users\/1"}],"replies":[{"embeddable":true,"href":"https:\/\/dekkbi.com\/index.php?rest_route=%2Fwp%2Fv2%2Fcomments&post=46075"}],"version-history":[{"count":1,"href":"https:\/\/dekkbi.com\/index.php?rest_route=\/wp\/v2\/posts\/46075\/revisions"}],"predecessor-version":[{"id":46076,"href":"https:\/\/dekkbi.com\/index.php?rest_route=\/wp\/v2\/posts\/46075\/revisions\/46076"}],"wp:featuredmedia":[{"embeddable":true,"href":"https:\/\/dekkbi.com\/index.php?rest_route=\/wp\/v2\/media\/43695"}],"wp:attachment":[{"href":"https:\/\/dekkbi.com\/index.php?rest_route=%2Fwp%2Fv2%2Fmedia&parent=46075"}],"wp:term":[{"taxonomy":"category","embeddable":true,"href":"https:\/\/dekkbi.com\/index.php?rest_route=%2Fwp%2Fv2%2Fcategories&post=46075"},{"taxonomy":"post_tag","embeddable":true,"href":"https:\/\/dekkbi.com\/index.php?rest_route=%2Fwp%2Fv2%2Ftags&post=46075"}],"curies":[{"name":"wp","href":"https:\/\/api.w.org\/{rel}","templated":true}]}}