{"id":46072,"date":"2024-11-11T11:04:12","date_gmt":"2024-11-11T11:04:12","guid":{"rendered":"https:\/\/dekkbi.com\/?p=46072"},"modified":"2024-11-11T11:04:13","modified_gmt":"2024-11-11T11:04:13","slug":"11-novembre-en-visite-en-france-keir-starmer-espere-relancer-les-relations-britanniques-avec-lue","status":"publish","type":"post","link":"https:\/\/dekkbi.com\/?p=46072","title":{"rendered":"11-Novembre: en visite en France, Keir Starmer esp\u00e8re relancer les relations britanniques avec l&rsquo;UE"},"content":{"rendered":"\n<p>Keir Starmer est l&rsquo;invit\u00e9 d&rsquo;honneur de la France pour la c\u00e9r\u00e9monie de l&rsquo;armistice, ce lundi 11 novembre \u00e0 Paris. Le Premier ministre britannique va &#8211;&nbsp;avec Emmanuel Macron&nbsp;&#8211; d\u00e9poser une gerbe devant les statues du g\u00e9n\u00e9ral de Gaulle et de Winston Churchill puis sous l&rsquo;Arc de triomphe, sur la tombe du Soldat inconnu. Alors que l&rsquo;on c\u00e9l\u00e8bre les 120 ans de l&rsquo;entente cordiale, l&rsquo;amiti\u00e9 franco-britannique est \u00e0 l&rsquo;honneur. Pour autant, les relations entre le gouvernement travailliste au pouvoir depuis quatre mois et Paris, mais aussi l&rsquo;Europe, sont pour le moins compliqu\u00e9es.<\/p>\n\n\n\n<p><em>Avec notre correspondant au Royaume-Uni,\u00a0<\/em><strong>Thomas Harms<\/strong> &#8211; RFI<\/p>\n\n\n\n<p><strong>Keir Starmer<\/strong>\u00a0veut mettre en avant une approche constructive, et tourner la page des anciennes relations avec l&rsquo;Europe. Le Premier ministre britannique veut un changement de ton des europ\u00e9ens, mais de son c\u00f4t\u00e9 Bruxelles attend tout simplement de savoir ce que Londres veut de l\u2019UE.<\/p>\n\n\n\n<p>Starmer a bien rencontr\u00e9 la pr\u00e9sidente de la Commission europ\u00e9enne\u00a0<strong>Ursula von der Leyen<\/strong>, mais seulement trois mois apr\u00e8s \u00eatre entr\u00e9 au 10 Downing street et rien de concret n&rsquo;\u00e9tait sorti de cette r\u00e9union.\u00a0<\/p>\n\n\n\n<p>Depuis juillet dernier, le Premier ministre n&rsquo;a pas nomm\u00e9 non plus les trente d\u00e9put\u00e9s britanniques qui doivent faire partie de l&rsquo;organe interparlementaire Grande-Bretagne et Union europ\u00e9enne. Un partenariat qui sommeille depuis quatre mois alors qu&rsquo;il est cens\u00e9 veiller aux bonnes relations et \u00e0 la coop\u00e9ration post-Brexit.&nbsp;<\/p>\n\n\n\n<h2 class=\"wp-block-heading\">N\u00e9gociations bloqu\u00e9es<\/h2>\n\n\n\n<p>Au niveau des n\u00e9gociations aussi, rien n\u2019avance.\u00a0L\u2019UE veut permettre \u00e0 nouveau des \u00e9changes d&rsquo;\u00e9tudiants entre l&rsquo;Europe et la Grande-Bretagne, comme le programme Erasmus avant le\u00a0<strong>Brexit<\/strong>, un \u00e9l\u00e9ment pr\u00e9alable avant toute autre discussion avec Londres pour Bruxelles.<\/p>\n\n\n\n<p>Mais Keir Starmer est oppos\u00e9 au retour de la libre circulation des europ\u00e9ens au Royaume-Uni qui constitue, selon lui, une ligne. Le blocage est donc complet. Alors avant de parler s\u00e9curit\u00e9 ext\u00e9rieure, de relations \u00e9conomiques ou encore de l&rsquo;aide \u00e0 l&rsquo;Ukraine, l&rsquo;\u00e9claircissement de la position britannique se fait urgente.<\/p>\n\n\n\n<p>D&rsquo;autant plus urgente qu&rsquo;avec\u00a0<strong>l&rsquo;\u00e9lection de Donald Trump<\/strong>\u00a0\u00e0 la pr\u00e9sidence am\u00e9ricaine, un front commun europ\u00e9en est d\u00e9sormais essentiel, ont rappel\u00e9 nombreux \u00e9lus britanniques.<\/p>\n","protected":false},"excerpt":{"rendered":"<p>Keir Starmer est l&rsquo;invit\u00e9 d&rsquo;honneur de la France pour la c\u00e9r\u00e9monie de l&rsquo;armistice, ce lundi 11 novembre \u00e0 Paris. Le<\/p>\n","protected":false},"author":1,"featured_media":46073,"comment_status":"open","ping_status":"open","sticky":false,"template":"","format":"standard","meta":{"footnotes":""},"categories":[51],"tags":[],"class_list":["post-46072","post","type-post","status-publish","format-standard","has-post-thumbnail","hentry","category-general"],"_links":{"self":[{"href":"https:\/\/dekkbi.com\/index.php?rest_route=\/wp\/v2\/posts\/46072","targetHints":{"allow":["GET"]}}],"collection":[{"href":"https:\/\/dekkbi.com\/index.php?rest_route=\/wp\/v2\/posts"}],"about":[{"href":"https:\/\/dekkbi.com\/index.php?rest_route=\/wp\/v2\/types\/post"}],"author":[{"embeddable":true,"href":"https:\/\/dekkbi.com\/index.php?rest_route=\/wp\/v2\/users\/1"}],"replies":[{"embeddable":true,"href":"https:\/\/dekkbi.com\/index.php?rest_route=%2Fwp%2Fv2%2Fcomments&post=46072"}],"version-history":[{"count":1,"href":"https:\/\/dekkbi.com\/index.php?rest_route=\/wp\/v2\/posts\/46072\/revisions"}],"predecessor-version":[{"id":46074,"href":"https:\/\/dekkbi.com\/index.php?rest_route=\/wp\/v2\/posts\/46072\/revisions\/46074"}],"wp:featuredmedia":[{"embeddable":true,"href":"https:\/\/dekkbi.com\/index.php?rest_route=\/wp\/v2\/media\/46073"}],"wp:attachment":[{"href":"https:\/\/dekkbi.com\/index.php?rest_route=%2Fwp%2Fv2%2Fmedia&parent=46072"}],"wp:term":[{"taxonomy":"category","embeddable":true,"href":"https:\/\/dekkbi.com\/index.php?rest_route=%2Fwp%2Fv2%2Fcategories&post=46072"},{"taxonomy":"post_tag","embeddable":true,"href":"https:\/\/dekkbi.com\/index.php?rest_route=%2Fwp%2Fv2%2Ftags&post=46072"}],"curies":[{"name":"wp","href":"https:\/\/api.w.org\/{rel}","templated":true}]}}