{"id":46039,"date":"2024-11-11T10:05:55","date_gmt":"2024-11-11T10:05:55","guid":{"rendered":"https:\/\/dekkbi.com\/?p=46039"},"modified":"2024-11-11T10:05:56","modified_gmt":"2024-11-11T10:05:56","slug":"accuse-de-tentative-de-coup-detat-le-general-kande-annonce-une-plainte","status":"publish","type":"post","link":"https:\/\/dekkbi.com\/?p=46039","title":{"rendered":"Accus\u00e9 de tentative de coup d\u2019Etat : Le G\u00e9n\u00e9ral Kand\u00e9 annonce une plainte"},"content":{"rendered":"\n<p><strong>Un militaire tr\u00e8s subalterne, qui enfreint son devoir de r\u00e9serve pour mettre en cause un officier haut grad\u00e9 dans une tentative de coup d\u2019Etat. Cela est finalement arriv\u00e9 au S\u00e9n\u00e9gal. Le G\u00e9n\u00e9ral Kand\u00e9 dont il est ici question, promet de porter plainte contre ledit militaire.<\/strong><\/p>\n\n\n\n<p>Une vid\u00e9o sur les r\u00e9seaux sociaux va pousser le G\u00e9n\u00e9ral Souleymane Kand\u00e9 \u00e0 sortir de sa r\u00e9serve. On y voit un certain Caporal Fall, sur le plateau d\u2019une t\u00e9l\u00e9 diffusant sur Inter\u00adnet, en train d\u2019accuser nomm\u00e9ment le G\u00e9n\u00e9ral d\u2019Arm\u00e9e de tentative de coup d\u2019Etat et de conspiration visant \u00e0 emp\u00eacher le Pr\u00e9sident Diomaye Faye de prendre le pouvoir. <\/p>\n\n\n\n<p>Tr\u00e8s prolixe, l\u2019invit\u00e9 de l\u2019\u00e9mission n\u2019a pas l\u00e9sin\u00e9 sur les d\u00e9tails. Il en a profit\u00e9 pour impliquer le G\u00e9n\u00e9ral de gendarmerie Mous\u00adsa Fall, en des termes qui d\u00e9notent le peu de sympathie qu\u2019il nourrit \u00e0 l\u2019\u00e9gard de ce personnage tr\u00e8s respect\u00e9 de ses subalternes et de ses pairs, tous corps confondus.<\/p>\n\n\n\n<p>Il faut rappeler que c\u2019est le Premier ministre Ousmane Sonko qui, au cours de sa campagne, a le premier fait mention de man\u0153uvres tendant \u00e0 emp\u00eacher les nouveaux dirigeants de Pastef, \u00e0 savoir le Pr\u00e9sident Bassirou Diomaye et M. Ousmane Sonko, \u00e0 acc\u00e9der au pouvoir malgr\u00e9 leur victoire sans conteste. Le leader de Pastef, en campagne \u00e0 Ziguin\u00adchor pour les L\u00e9gislatives, a d\u00e9clar\u00e9 face \u00e0 une grande foule\u00a0:\u00a0\u00abIl y a des apprentis politiques qui pensent que c\u2019est sur le probl\u00e8me de la Casamance qu\u2019ils doivent battre campagne. Je veux les mettre en garde. Il y en a qui disent qu\u2019il y un G\u00e9n\u00e9ral, c\u2019est parce qu\u2019il faisait du bon travail en Casamance qu\u2019il a \u00e9t\u00e9 sanctionn\u00e9, etc. <\/p>\n\n\n\n<p>Faisant allusion que Ousmane Sonko, puisqu\u2019il est originaire de la Casa\u00admance, veut affaiblir l\u2019Arm\u00e9e pour que les gens qui sont l\u00e0-bas puissent reprendre de la force.\u00bb Le leader du parti Pastef en a profit\u00e9 pour mettre en garde ses adversaires : \u00abS\u2019ils sont courageux, on a pris toutes les dispositions, les questions qui rel\u00e8vent de la s\u00e9curit\u00e9 nationale, on ne badine pas l\u00e0-dessus. S\u2019ils sont courageux, ils n\u2019ont qu\u2019\u00e0 sortir et reparler de \u00e7a. On verra s\u2019ils ne vont pas alleren prison.\u00bb Ce jour-l\u00e0, il n\u2019a pas pr\u00e9cis\u00e9 que ce sera pour y \u00abpourrir\u00bb. Il n\u2019a pas non plus indiqu\u00e9 que le G\u00e9n\u00e9ral dont il \u00e9tait question dans ses propos s\u2019appelait Souleymane Kand\u00e9, mais tout le monde avait compris, surtout parlant de son affectation \u00e0 New Delhi, en Inde.<\/p>\n\n\n\n<p>Quoi qu\u2019il en soit, partant des d\u00e9clarations du fameux \u00abCaporal Fall\u00bb, s\u2019il est vraiment de l\u2019Arm\u00e9e, on peut consid\u00e9rer qu\u2019il est sorti de sa r\u00e9serve, pour se permettre, n\u2019\u00e9tant pas de la Dirpa, de s\u2019adresser \u00e0 des m\u00e9dias. Cela devrait, \u00e0 tout le moins, lui valoir une sanction de sa hi\u00e9rarchie. En plus de la plainte que compte lui servir le G\u00e9n\u00e9ral Kand\u00e9. Ce dernier confirme ainsi par ailleurs les d\u00e9clarations de Madiambal Diagne sur le plateau d\u2019une autre cha\u00eene de t\u00e9l\u00e9. L\u2019ancien Administrateur g\u00e9n\u00e9ral du Groupe Avenir communication, \u00e9diteur du journal Le Quo\u00adtidien, affirmait que le G\u00e9n\u00e9ral Kand\u00e9 \u00e9tait toujours \u00e0 Dakar.<\/p>\n\n\n\n<p>SOURCE LEQUOTIDIEN<\/p>\n","protected":false},"excerpt":{"rendered":"<p>Un militaire tr\u00e8s subalterne, qui enfreint son devoir de r\u00e9serve pour mettre en cause un officier haut grad\u00e9 dans une<\/p>\n","protected":false},"author":1,"featured_media":46040,"comment_status":"open","ping_status":"open","sticky":false,"template":"","format":"standard","meta":{"footnotes":""},"categories":[21],"tags":[],"class_list":["post-46039","post","type-post","status-publish","format-standard","has-post-thumbnail","hentry","category-societe"],"_links":{"self":[{"href":"https:\/\/dekkbi.com\/index.php?rest_route=\/wp\/v2\/posts\/46039","targetHints":{"allow":["GET"]}}],"collection":[{"href":"https:\/\/dekkbi.com\/index.php?rest_route=\/wp\/v2\/posts"}],"about":[{"href":"https:\/\/dekkbi.com\/index.php?rest_route=\/wp\/v2\/types\/post"}],"author":[{"embeddable":true,"href":"https:\/\/dekkbi.com\/index.php?rest_route=\/wp\/v2\/users\/1"}],"replies":[{"embeddable":true,"href":"https:\/\/dekkbi.com\/index.php?rest_route=%2Fwp%2Fv2%2Fcomments&post=46039"}],"version-history":[{"count":1,"href":"https:\/\/dekkbi.com\/index.php?rest_route=\/wp\/v2\/posts\/46039\/revisions"}],"predecessor-version":[{"id":46041,"href":"https:\/\/dekkbi.com\/index.php?rest_route=\/wp\/v2\/posts\/46039\/revisions\/46041"}],"wp:featuredmedia":[{"embeddable":true,"href":"https:\/\/dekkbi.com\/index.php?rest_route=\/wp\/v2\/media\/46040"}],"wp:attachment":[{"href":"https:\/\/dekkbi.com\/index.php?rest_route=%2Fwp%2Fv2%2Fmedia&parent=46039"}],"wp:term":[{"taxonomy":"category","embeddable":true,"href":"https:\/\/dekkbi.com\/index.php?rest_route=%2Fwp%2Fv2%2Fcategories&post=46039"},{"taxonomy":"post_tag","embeddable":true,"href":"https:\/\/dekkbi.com\/index.php?rest_route=%2Fwp%2Fv2%2Ftags&post=46039"}],"curies":[{"name":"wp","href":"https:\/\/api.w.org\/{rel}","templated":true}]}}