{"id":45998,"date":"2024-11-08T11:45:54","date_gmt":"2024-11-08T11:45:54","guid":{"rendered":"https:\/\/dekkbi.com\/?p=45998"},"modified":"2024-11-08T11:52:28","modified_gmt":"2024-11-08T11:52:28","slug":"finance-en-faveur-du-climat-la-france-a-fourni-72-milliards-deuros-aux-pays-en-developpement-en-2023-un-chiffre-en-baisse-devoile-bercy-juste-avant-la-cop29","status":"publish","type":"post","link":"https:\/\/dekkbi.com\/?p=45998","title":{"rendered":"La France a fourni 7,2 milliards d&rsquo;euros aux pays en d\u00e9veloppement en 2023"},"content":{"rendered":"\n<p>Ces sommes, qui passent g\u00e9n\u00e9ralement par l&rsquo;Agence fran\u00e7aise de d\u00e9veloppement, prennent majoritairement la forme de pr\u00eats.<\/p>\n\n\n\n<p><strong>Article r\u00e9dig\u00e9 par franceinfo avec AFP<\/strong><\/p>\n\n\n\n<p>L&rsquo;annonce intervient \u00e0 trois jours de la COP29 de Bakou (Azerba\u00efdjan), qui devrait se concentrer sur les financements.\u00a0La direction g\u00e9n\u00e9rale du Tr\u00e9sor a rendu public(Nouvelle fen\u00eatre), vendredi 8 novembre, le montant 2023 des \u00ab\u00a0financements pour le climat\u00a0\u00bb de la France. Ils sont ainsi en baisse de 5% sur un an, mais toujours parmi les plus \u00e9lev\u00e9s au monde. Dans le d\u00e9tail, en 2023, la France a fourni 7,2 milliards d&rsquo;euros \u00e0 des projets aux retomb\u00e9es positives pour le climat dans les pays en d\u00e9veloppement, dont 2,8 milliards qui sont d\u00e9di\u00e9s \u00e0 l&rsquo;adaptation au changement climatique, pr\u00e9cise le communiqu\u00e9 du minist\u00e8re de l&rsquo;Economie et des Finances. Ces sommes, qui passent g\u00e9n\u00e9ralement par l&rsquo;Agence fran\u00e7aise de d\u00e9veloppement (AFD), prennent majoritairement la forme de pr\u00eats (79%) et de dons (15%).<\/p>\n\n\n\n<p>La France avait d\u00e9bours\u00e9 quelque 7,6 milliards d&rsquo;euros en 2022, soit environ 400 millions de plus qu&rsquo;en 2023.&nbsp;<em>\u00ab\u00a0Les variations de faible niveau d\u00e9pendent du moment o\u00f9 un financement est approuv\u00e9 par l&rsquo;AFD ou le Tr\u00e9sor\u00a0\u00bb<\/em>, explique Bercy.&nbsp;<em>\u00ab\u00a0Par exemple, si un projet est approuv\u00e9 en janvier plut\u00f4t qu&rsquo;en d\u00e9cembre, cela fait m\u00e9caniquement baisser ce chiffre. C&rsquo;est ce qui explique cette diff\u00e9rence entre 2022 et 2023, qui n&rsquo;est donc pas \u00e0 proprement parler une baisse\u00a0\u00bb<\/em>, pr\u00e9cise le texte.&nbsp;Le ministre de l&rsquo;Economie, Antoine Armand, estime que&nbsp;<em>\u00ab\u00a0nous devons collectivement faire mieux pour mobiliser l&rsquo;ensemble des sources et des instruments de financement et entrainer davantage le secteur priv\u00e9 dans une approche partenariale essentielle pour l&rsquo;atteinte de nos objectifs climatiques\u00a0\u00bb<\/em>.<\/p>\n\n\n\n<h2 class=\"wp-block-heading\">La France, deuxi\u00e8me pays contributeur en Europe<\/h2>\n\n\n\n<p>Au sein de l&rsquo;Union europ\u00e9enne, la France est le deuxi\u00e8me pays contributeur derri\u00e8re l&rsquo;Allemagne, et repr\u00e9sente 31% des financements climatiques europ\u00e9ens fournis en 2023, selon le communiqu\u00e9 de Bercy.&nbsp;<em>\u00ab\u00a0La France est ainsi consid\u00e9r\u00e9e comme l&rsquo;un des pays d\u00e9passant le plus nettement sa &lsquo;juste part&rsquo; dans l&rsquo;objectif fix\u00e9 lors de la COP15 en 2009, o\u00f9 les pays d\u00e9velopp\u00e9s se sont engag\u00e9s collectivement \u00e0 mobiliser 100 milliards de dollars<\/em>&nbsp;[930 milliards d&rsquo;euros]<em>&nbsp;par an de financements climat pour les pays en d\u00e9veloppement jusqu&rsquo;en 2025&Prime;<\/em>, ajoute le communiqu\u00e9.<\/p>\n\n\n\n<p>Cet objectif mondial a \u00e9t\u00e9 d\u00e9pass\u00e9 pour la premi\u00e8re fois en 2022, avec 115,9 milliards de dollars (107,5 milliards d&rsquo;euros) comptabilis\u00e9s par l&rsquo;OCDE, l&rsquo;Organisation de coop\u00e9ration et de d\u00e9veloppement \u00e9conomiques. \u00c0 la COP29 qui d\u00e9marre lundi 11 novembre, les pays du monde entier tenteront d&rsquo;obtenir un but plus ambitieux pour l&rsquo;apr\u00e8s 2025.<\/p>\n\n\n\n<hr class=\"wp-block-separator has-alpha-channel-opacity\"\/>\n\n\n\n<p><em>Depuis le XIXe si\u00e8cle, la temp\u00e9rature moyenne de la Terre\u00a0s&rsquo;est r\u00e9chauff\u00e9e de 1,1\u00b0C. Les scientifiques ont \u00e9tabli avec certitude que cette hausse est due aux activit\u00e9s humaines, consommatrices d&rsquo;\u00e9nergies fossiles (charbon, p\u00e9trole et gaz). Ce r\u00e9chauffement, in\u00e9dit par sa rapidit\u00e9, menace l&rsquo;avenir de nos soci\u00e9t\u00e9s et la biodiversit\u00e9. Mais des solutions \u2013 \u00e9nergies renouvelables, sobri\u00e9t\u00e9, diminution de la consommation de viande \u2013 existent.\u00a0<\/em><\/p>\n","protected":false},"excerpt":{"rendered":"<p>Ces sommes, qui passent g\u00e9n\u00e9ralement par l&rsquo;Agence fran\u00e7aise de d\u00e9veloppement, prennent majoritairement la forme de pr\u00eats. Article r\u00e9dig\u00e9 par franceinfo<\/p>\n","protected":false},"author":1,"featured_media":21688,"comment_status":"open","ping_status":"open","sticky":false,"template":"","format":"standard","meta":{"footnotes":""},"categories":[3],"tags":[],"class_list":["post-45998","post","type-post","status-publish","format-standard","has-post-thumbnail","hentry","category-event-more-news"],"_links":{"self":[{"href":"https:\/\/dekkbi.com\/index.php?rest_route=\/wp\/v2\/posts\/45998","targetHints":{"allow":["GET"]}}],"collection":[{"href":"https:\/\/dekkbi.com\/index.php?rest_route=\/wp\/v2\/posts"}],"about":[{"href":"https:\/\/dekkbi.com\/index.php?rest_route=\/wp\/v2\/types\/post"}],"author":[{"embeddable":true,"href":"https:\/\/dekkbi.com\/index.php?rest_route=\/wp\/v2\/users\/1"}],"replies":[{"embeddable":true,"href":"https:\/\/dekkbi.com\/index.php?rest_route=%2Fwp%2Fv2%2Fcomments&post=45998"}],"version-history":[{"count":3,"href":"https:\/\/dekkbi.com\/index.php?rest_route=\/wp\/v2\/posts\/45998\/revisions"}],"predecessor-version":[{"id":46004,"href":"https:\/\/dekkbi.com\/index.php?rest_route=\/wp\/v2\/posts\/45998\/revisions\/46004"}],"wp:featuredmedia":[{"embeddable":true,"href":"https:\/\/dekkbi.com\/index.php?rest_route=\/wp\/v2\/media\/21688"}],"wp:attachment":[{"href":"https:\/\/dekkbi.com\/index.php?rest_route=%2Fwp%2Fv2%2Fmedia&parent=45998"}],"wp:term":[{"taxonomy":"category","embeddable":true,"href":"https:\/\/dekkbi.com\/index.php?rest_route=%2Fwp%2Fv2%2Fcategories&post=45998"},{"taxonomy":"post_tag","embeddable":true,"href":"https:\/\/dekkbi.com\/index.php?rest_route=%2Fwp%2Fv2%2Ftags&post=45998"}],"curies":[{"name":"wp","href":"https:\/\/api.w.org\/{rel}","templated":true}]}}