{"id":45992,"date":"2024-11-08T11:32:13","date_gmt":"2024-11-08T11:32:13","guid":{"rendered":"https:\/\/dekkbi.com\/?p=45992"},"modified":"2024-11-08T11:32:37","modified_gmt":"2024-11-08T11:32:37","slug":"al-ahli-edouard-mendy-pourrait-retrouver-les-pelouses-des-ce-vendredi-apres-son-retour-a-lentrainement-collectif","status":"publish","type":"post","link":"https:\/\/dekkbi.com\/?p=45992","title":{"rendered":"Al-Ahli : Mendy pourrait retrouver les pelouses d\u00e8s ce vendredi"},"content":{"rendered":"\n<p>Apr\u00e8s une p\u00e9riode marqu\u00e9e par des blessures et des rechutes, le gardien s\u00e9n\u00e9galais \u00c9douard Mendy pourrait retrouver la comp\u00e9tition d\u00e8s ce vendredi \u00e0 15h30 contre Al-Raed, dans le cadre de la 9e journ\u00e9e de la Saudi Pro League.<\/p>\n\n\n\n<p>L\u2019ancien portier de Chelsea, qui avait \u00e9t\u00e9 contraint de s\u2019\u00e9loigner des terrains pendant pr\u00e8s d\u2019un mois \u00e0 cause d\u2019une blessure aux ischio-jambiers, avait fait un retour remarqu\u00e9 le 25 octobre face \u00e0 Al-Okhdood. Malheureusement, une rechute l\u2019avait de nouveau \u00e9cart\u00e9 des derniers matchs de son \u00e9quipe. Mais aujourd\u2019hui, Mendy a repris l\u2019entra\u00eenement collectif avec Al-Ahli, participant m\u00eame \u00e0 une s\u00e9ance compl\u00e8te. Cependant, sa titularisation contre Al-Raed d\u00e9pendra de l\u2019avis final de son entra\u00eeneur, Matthias Jaissle, qui souhaite s\u2019assurer que son \u00e9tat physique est optimal.<\/p>\n\n\n\n<p>C1592%2C774&amp;vis=1&amp;rsz=%7C%7Cs%7C&amp;abl=NS&amp;fu=128&amp;bc=31&amp;bz=1.02&amp;td=1&amp;tdf=2&amp;psd=W251bGwsbnVsbCxudWxsLDNd&amp;nt=1&amp;ifi=4&amp;uci=a!4&amp;btvi=2&amp;fsb=1&amp;dtd=268<\/p>\n\n\n\n<p>Ce retour est particuli\u00e8rement attendu par Al-Ahli, actuellement en qu\u00eate de stabilit\u00e9 en championnat, mais aussi par le S\u00e9n\u00e9gal. Le s\u00e9lectionneur des Lions de la Teranga, Pape Thiaw, a en effet convoqu\u00e9 Mendy pour les deux derni\u00e8res journ\u00e9es des \u00e9liminatoires de la CAN 2025. Le S\u00e9n\u00e9gal, qui vise \u00e0 boucler cette phase de qualification en force, affrontera le Burkina Faso et le Burundi les 14 et 19 novembre.<\/p>\n\n\n\n<p>Pour Al-Ahli, qui occupe actuellement la 9e place du championnat saoudien, la pr\u00e9sence de son gardien num\u00e9ro Un pourrait \u00eatre d\u00e9cisive dans sa qu\u00eate de redressement.<\/p>\n\n\n\n<p>wiwsport.com<\/p>\n","protected":false},"excerpt":{"rendered":"<p>Apr\u00e8s une p\u00e9riode marqu\u00e9e par des blessures et des rechutes, le gardien s\u00e9n\u00e9galais \u00c9douard Mendy pourrait retrouver la comp\u00e9tition d\u00e8s<\/p>\n","protected":false},"author":1,"featured_media":28783,"comment_status":"open","ping_status":"open","sticky":false,"template":"","format":"standard","meta":{"footnotes":""},"categories":[9],"tags":[],"class_list":["post-45992","post","type-post","status-publish","format-standard","has-post-thumbnail","hentry","category-sports"],"_links":{"self":[{"href":"https:\/\/dekkbi.com\/index.php?rest_route=\/wp\/v2\/posts\/45992","targetHints":{"allow":["GET"]}}],"collection":[{"href":"https:\/\/dekkbi.com\/index.php?rest_route=\/wp\/v2\/posts"}],"about":[{"href":"https:\/\/dekkbi.com\/index.php?rest_route=\/wp\/v2\/types\/post"}],"author":[{"embeddable":true,"href":"https:\/\/dekkbi.com\/index.php?rest_route=\/wp\/v2\/users\/1"}],"replies":[{"embeddable":true,"href":"https:\/\/dekkbi.com\/index.php?rest_route=%2Fwp%2Fv2%2Fcomments&post=45992"}],"version-history":[{"count":2,"href":"https:\/\/dekkbi.com\/index.php?rest_route=\/wp\/v2\/posts\/45992\/revisions"}],"predecessor-version":[{"id":45994,"href":"https:\/\/dekkbi.com\/index.php?rest_route=\/wp\/v2\/posts\/45992\/revisions\/45994"}],"wp:featuredmedia":[{"embeddable":true,"href":"https:\/\/dekkbi.com\/index.php?rest_route=\/wp\/v2\/media\/28783"}],"wp:attachment":[{"href":"https:\/\/dekkbi.com\/index.php?rest_route=%2Fwp%2Fv2%2Fmedia&parent=45992"}],"wp:term":[{"taxonomy":"category","embeddable":true,"href":"https:\/\/dekkbi.com\/index.php?rest_route=%2Fwp%2Fv2%2Fcategories&post=45992"},{"taxonomy":"post_tag","embeddable":true,"href":"https:\/\/dekkbi.com\/index.php?rest_route=%2Fwp%2Fv2%2Ftags&post=45992"}],"curies":[{"name":"wp","href":"https:\/\/api.w.org\/{rel}","templated":true}]}}