{"id":45974,"date":"2024-11-08T11:07:44","date_gmt":"2024-11-08T11:07:44","guid":{"rendered":"https:\/\/dekkbi.com\/?p=45974"},"modified":"2024-11-08T11:07:45","modified_gmt":"2024-11-08T11:07:45","slug":"plaidoyer-en-faveur-dune-bonne-representation-des-femmes-a-lassemblee-nationale","status":"publish","type":"post","link":"https:\/\/dekkbi.com\/?p=45974","title":{"rendered":"Plaidoyer en faveur d\u2019une bonne repr\u00e9sentation des femmes \u00e0 l\u2019Assembl\u00e9e nationale"},"content":{"rendered":"\n<p>Dakar, 7 nov (APS) \u2013 Un atelier de sensibilisation et de plaidoyer en faveur d\u2019une bonne repr\u00e9sentation des femmes \u00e0 l\u2019Assembl\u00e9e nationale s\u2019est ouvert jeudi \u00e0 Dakar, a constat\u00e9 l\u2019APS.<\/p>\n\n\n\n<p>La rencontre vise \u00e0 renforcer la qualit\u00e9 de la participation des femmes en am\u00e9liorant leurs capacit\u00e9s en termes de communication dans le cadre de la campagne \u00e9lectorale pour les l\u00e9gislatives anticip\u00e9es du 17 novembre.<\/p>\n\n\n\n<p>\u2018\u2019Bien que l\u2019existence d\u2019un cadre juridique (\u2026) offre l\u2019opportunit\u00e9 de maintenir la courbe ascendante en mati\u00e8re de repr\u00e9sentation et de participation des femmes \u00e0 l\u2019h\u00e9micycle (\u2026) il est plus qu\u2019urgent de mener des interventions concr\u00e8tes\u2019\u2019, a d\u00e9clar\u00e9 la directrice int\u00e9rimaire d\u2019ONU Femmes S\u00e9n\u00e9gal, Fanta Sow Diagne \u00e0 l\u2019ouverture de l\u2019atelier.<\/p>\n\n\n\n<p>Elle a notamment insist\u00e9 sur l\u2019importance de cr\u00e9er les conditions d\u2019une participation qualitative des femmes candidates \u00e0 travers le renforcement de capacit\u00e9s, la cr\u00e9ation d\u2019un environnement favorable aux \u00e9lections en tant qu\u2019\u00e9lectrices et candidates et la sensibilisation des acteurs sur la n\u00e9cessit\u00e9 de tenir des \u00e9lections apais\u00e9es\u2019\u2019.<\/p>\n\n\n\n<p>La responsable d\u2019ONU Femmes S\u00e9n\u00e9gal a \u00e9galement rappel\u00e9 que la rencontre s\u2019inscrivait sur un plan plus large de promotion de la repr\u00e9sentation des femmes dans les sph\u00e8res de d\u00e9cision politique du S\u00e9n\u00e9gal.<\/p>\n\n\n\n<p>\u2018\u2019Nous souhaitons particuli\u00e8rement accro\u00eetre le nombre de femmes de tout \u00e2ge qui participent pleinement, dirigent et s\u2019engagent dans les institutions et les politiques\u2019\u2019, a-t-elle indiqu\u00e9 citant les statistiques des \u00e9lections l\u00e9gislatives 31 juillet 2022 pour lesquelles \u201d73 des 165 d\u00e9put\u00e9s \u00e9taient des femmes, soit un niveau de repr\u00e9sentation correspondant \u00e0 44%, contre 56% des hommes\u2019\u2019.<\/p>\n\n\n\n<p>La fonctionnaire du syst\u00e8me des Nations unies a tout de m\u00eame salu\u00e9 les efforts consentis dans le cadre d\u2019initiatives ayant permis de favoriser une participation politique \u00e9gale entre les hommes et les femmes dans les processus de d\u00e9veloppement du pays.<\/p>\n\n\n\n<p>A l\u2019en croire, \u2018\u2019le S\u00e9n\u00e9gal occupe la quatri\u00e8me place au niveau africain et la 18e sur le plan mondial concernant la repr\u00e9sentation des femmes dans les parlements nationaux, selon le classement de l\u2019Union inter-parlementaire\u2019\u2019.<\/p>\n\n\n\n<p>Elle a exhort\u00e9 les futures d\u00e9put\u00e9es \u00e0 \u2018\u2019briller\u2019\u2019 \u00e0 l\u2019h\u00e9micycle \u00e0 travers le vote des lois, le contr\u00f4le de l\u2019action du gouvernement et des politiques publiques, mais \u00e9galement \u00e0 d\u00e9fendre l\u2019int\u00e9r\u00eat des femmes et des filles.<\/p>\n\n\n\n<p>Pr\u00e9sidant la c\u00e9r\u00e9monie d\u2019ouverture de l\u2019atelier, Astou Diouf Gu\u00e8ye, directrice de l\u2019Equit\u00e9 et de l\u2019Egalit\u00e9 de Genre au minist\u00e8re de la Famille et des Solidarit\u00e9s, a estim\u00e9 que les chiffres masquent les r\u00e9alit\u00e9s sur le terrain.<\/p>\n\n\n\n<p>\u2018\u2019Plus de dix ans apr\u00e8s l\u2019application de la loi sur la parit\u00e9, nous faisons encore face \u00e0 des d\u00e9fis persistants, malgr\u00e9 les avanc\u00e9es significatives obtenues, aussi bien dans les instances \u00e9lectives et semi-\u00e9lectives\u2019\u2019, a-t-elle dit.<\/p>\n\n\n\n<p>\u2018\u2019Si on se r\u00e9f\u00e8re aux donn\u00e9es de la derni\u00e8re l\u00e9gislature, qui \u00e9tait de 44,2% de repr\u00e9sentation f\u00e9minine, il est possible d\u2019esp\u00e9rer avoir pour cette pr\u00e9sente [l\u00e9gislature] une parit\u00e9 optimale \u00e0 d\u00e9faut d\u2019en avoir une parfaite\u2019\u2019, a-t-elle rappel\u00e9.<\/p>\n\n\n\n<p>Mme Gu\u00e8ye a plaid\u00e9 pour une optimisation de la repr\u00e9sentation des femmes dans les bureaux et commissions de l\u2019Assembl\u00e9e nationale malgr\u00e9 les difficult\u00e9s qui freinent la parit\u00e9 absolue homme-femme.<\/p>\n\n\n\n<p>La rencontre s\u2019est d\u00e9roul\u00e9e en pr\u00e9sence du pr\u00e9sident du Collectif des Organisations de la Soci\u00e9t\u00e9 Civile pour les \u00c9lections (COSCE), Babacar Gueye, du charg\u00e9 de programme au \u201dNational Democratic Institute\u201d (NDI), Ahmadou El Bachir Seck,&nbsp; du directeur de cabinet du pr\u00e9sident du Conseil national de r\u00e9gulation de l\u2019audiovisuel (CNRA), Matar Sall.<\/p>\n","protected":false},"excerpt":{"rendered":"<p>Dakar, 7 nov (APS) \u2013 Un atelier de sensibilisation et de plaidoyer en faveur d\u2019une bonne repr\u00e9sentation des femmes \u00e0<\/p>\n","protected":false},"author":1,"featured_media":45975,"comment_status":"open","ping_status":"open","sticky":false,"template":"","format":"standard","meta":{"footnotes":""},"categories":[21],"tags":[],"class_list":["post-45974","post","type-post","status-publish","format-standard","has-post-thumbnail","hentry","category-societe"],"_links":{"self":[{"href":"https:\/\/dekkbi.com\/index.php?rest_route=\/wp\/v2\/posts\/45974","targetHints":{"allow":["GET"]}}],"collection":[{"href":"https:\/\/dekkbi.com\/index.php?rest_route=\/wp\/v2\/posts"}],"about":[{"href":"https:\/\/dekkbi.com\/index.php?rest_route=\/wp\/v2\/types\/post"}],"author":[{"embeddable":true,"href":"https:\/\/dekkbi.com\/index.php?rest_route=\/wp\/v2\/users\/1"}],"replies":[{"embeddable":true,"href":"https:\/\/dekkbi.com\/index.php?rest_route=%2Fwp%2Fv2%2Fcomments&post=45974"}],"version-history":[{"count":1,"href":"https:\/\/dekkbi.com\/index.php?rest_route=\/wp\/v2\/posts\/45974\/revisions"}],"predecessor-version":[{"id":45976,"href":"https:\/\/dekkbi.com\/index.php?rest_route=\/wp\/v2\/posts\/45974\/revisions\/45976"}],"wp:featuredmedia":[{"embeddable":true,"href":"https:\/\/dekkbi.com\/index.php?rest_route=\/wp\/v2\/media\/45975"}],"wp:attachment":[{"href":"https:\/\/dekkbi.com\/index.php?rest_route=%2Fwp%2Fv2%2Fmedia&parent=45974"}],"wp:term":[{"taxonomy":"category","embeddable":true,"href":"https:\/\/dekkbi.com\/index.php?rest_route=%2Fwp%2Fv2%2Fcategories&post=45974"},{"taxonomy":"post_tag","embeddable":true,"href":"https:\/\/dekkbi.com\/index.php?rest_route=%2Fwp%2Fv2%2Ftags&post=45974"}],"curies":[{"name":"wp","href":"https:\/\/api.w.org\/{rel}","templated":true}]}}