{"id":4597,"date":"2022-12-08T17:01:17","date_gmt":"2022-12-08T17:01:17","guid":{"rendered":"https:\/\/dekkbi.com\/?p=4597"},"modified":"2022-12-08T17:01:18","modified_gmt":"2022-12-08T17:01:18","slug":"mondial-a-doha-lattraction-mbappe-sous-les-projecteurs","status":"publish","type":"post","link":"https:\/\/dekkbi.com\/?p=4597","title":{"rendered":"Mondial: \u00e0 Doha, l&rsquo;attraction Mbapp\u00e9 sous les projecteurs"},"content":{"rendered":"\n<p><a href=\"https:\/\/www.addthis.com\/bookmark.php?v=300\"><\/a><a href=\"https:\/\/www.addthis.com\/bookmark.php?v=300\"><\/a><a rel=\"noreferrer noopener\" href=\"https:\/\/www.addthis.com\/bookmark.php?v=300\" target=\"_blank\"><\/a><a rel=\"noreferrer noopener\" href=\"https:\/\/www.addthis.com\/bookmark.php?v=300\" target=\"_blank\"><\/a>Sur les buildings de Doha comme sur les pelouses, on ne voit que lui: Kylian Mbapp\u00e9 illumine le Mondial-2022 de ses buts avec l&rsquo;\u00e9quipe de France et ses statistiques impressionnantes le propulsent sur le devant de la sc\u00e8ne.<\/p>\n\n\n\n<p>Avant d&rsquo;affronter l&rsquo;Angleterre, samedi (20h00) en quarts de finale au stade al-Bayt d&rsquo;al-Khor, la star des Bleus est \u00e0 la hauteur des objectifs \u00e9lev\u00e9s qu&rsquo;elle s&rsquo;est fix\u00e9s pour cette Coupe du monde, son \u00ab\u00a0obsession\u00a0\u00bb, \u00ab\u00a0la comp\u00e9tition de (s)es r\u00eaves\u00a0\u00bb, comme l&rsquo;a rappel\u00e9 l&rsquo;attaquant apr\u00e8s France-Pologne.<\/p>\n\n\n\n<p>Avec cinq buts en quatre matches (et trois titularisations) au Qatar, le buteur du Paris SG porte les champions du monde fran\u00e7ais et fait office de menace N.1 chez les adversaires, au point que l&rsquo;Angleterre tout enti\u00e8re s&rsquo;inqui\u00e8te des mani\u00e8res de stopper le ph\u00e9nom\u00e8ne de 23 ans.<\/p>\n\n\n\n<p>La folle agitation s&rsquo;est empar\u00e9e des tablo\u00efds anglais: \u00ab\u00a0Kylian Mbapp\u00e9 vit \u00e0 Leicester\u00a0\u00bb, titre jeudi The Sun, qui a trouv\u00e9 en Angleterre un homonyme de l&rsquo;attaquant fran\u00e7ais, \u00e2g\u00e9 de 16 ans et supporter des Three Lions.<\/p>\n\n\n\n<p>A Doha, la moiti\u00e9 des questions en conf\u00e9rence de presse portent sur le N.10 des Bleus, qu&rsquo;elles soient adress\u00e9es aux Anglais ou aux Fran\u00e7ais, comme Olivier Giroud ou le s\u00e9lectionneur adjoint Guy St\u00e9phan, venus mardi devant la presse pour dresser l&rsquo;\u00e9loge du Bondynois.<\/p>\n\n\n\n<p>\u00ab\u00a0Il l&rsquo;a exprim\u00e9 lui-m\u00eame: il a fait de la Coupe du monde un pic de sa saison\u00a0\u00bb, a expliqu\u00e9 le technicien. \u00ab\u00a0C&rsquo;est s\u00fbr qu&rsquo;avec Kylian, on a un joueur hors normes\u00a0\u00bb.<\/p>\n\n\n\n<p>&#8211; Compar\u00e9 \u00e0 Pel\u00e9 &#8211;<\/p>\n\n\n\n<p>Et lorsque \u00ab\u00a0Kyky\u00a0\u00bb privil\u00e9gie un travail en salle \u00e0 l&rsquo;entra\u00eenement mardi, alors que ses co\u00e9quipiers apparaissent sur le terrain, l&rsquo;information se r\u00e9pand comme une train\u00e9e de poudre au sein de la presse anglaise qui \u00e9voque imm\u00e9diatement l&rsquo;hypoth\u00e8se d&rsquo;une blessure, rapidement d\u00e9mentie par l&rsquo;encadrement des Bleus.<\/p>\n\n\n\n<p>\u00ab\u00a0Kylian, c&rsquo;est une personne qui ne regarde pas la presse, d\u00e9sol\u00e9 pour vous tous\u00a0\u00bb, a plaisant\u00e9 son partenaire Youssouf Fofana jeudi aupr\u00e8s des journalistes. \u00ab\u00a0Il se concentre sur son match. Je le sens tr\u00e8s calme et tr\u00e8s d\u00e9termin\u00e9\u00a0\u00bb.<\/p>\n\n\n\n<p>Pour le Qatar, propri\u00e9taire du PSG, l&rsquo;attraction Mbapp\u00e9 est une occasion en or de mettre en avant l&rsquo;homme fort du club champion de France, quelques mois apr\u00e8s sa prolongation de contrat fracassante.<\/p>\n\n\n\n<p>Depuis quelques jours, le nom et le portrait de Mbapp\u00e9 fleurissent dans la ville, comme sur les hautes \u00ab\u00a0tours jumelles\u00a0\u00bb d&rsquo;al-Jaber, dans le quartier de Lusail, au nord de la ville.<\/p>\n\n\n\n<p>De multiples LED, install\u00e9es sur ces gratte-ciels, tracent le parall\u00e8le entre le prodige fran\u00e7ais et le \u00ab\u00a0Roi\u00a0\u00bb Pel\u00e9, hospitalis\u00e9 au Br\u00e9sil, en comparant leurs statistiques.<\/p>\n\n\n\n<p>Comme son a\u00een\u00e9 br\u00e9silien, Mbapp\u00e9 affole les compteurs avec neuf buts en onze matches de Coupe du monde, r\u00e9partis sur deux \u00e9ditions. Il reste sur une s\u00e9rie de 16 buts sur ses 14 derniers matches en s\u00e9lection et il vient de d\u00e9passer Zin\u00e9dine Zidane avec 33 buts sous le maillot bleu, un chiffre in\u00e9dit \u00e0 son \u00e2ge.<\/p>\n\n\n\n<p>Avant leurs 24 ans &#8211; Mbapp\u00e9 les f\u00eatera le 20 d\u00e9cembre -, ni Cristiano Ronaldo, ni Lionel Messi, ni Diego Maradona ne comptaient autant de s\u00e9lections ni de buts internationaux. Seule la l\u00e9gende br\u00e9silienne fait mieux, avec 43 buts en 42 s\u00e9lections.<\/p>\n\n\n\n<p>&#8211; Le \u00ab\u00a0meilleur\u00a0\u00bb \u00e0 venir? &#8211;<\/p>\n\n\n\n<p>\u00ab\u00a0C&rsquo;est \u00e9videmment le meilleur attaquant avec lequel j&rsquo;ai jou\u00e9. Je pense qu&rsquo;on n&rsquo;a pas encore vu le meilleur de Kylian\u00a0\u00bb, l&rsquo;a compliment\u00e9 Giroud, conscient que son record de buts en \u00e9quipe de France (52) ne tiendra pas longtemps face au jeune ph\u00e9nom\u00e8ne.<\/p>\n\n\n\n<p>Rest\u00e9 discret m\u00e9diatiquement jusqu&rsquo;\u00e0 sa venue en conf\u00e9rence de presse apr\u00e8s France-Pologne, Kylian Mbapp\u00e9 impressionne au Qatar par l&rsquo;\u00e9tendue de sa palette technique.<\/p>\n\n\n\n<p>Contre l&rsquo;Australie (4-1), il a marqu\u00e9 de la t\u00eate, son point faible. Contre le Danemark (2-1), il a fait parler la poudre en contre-attaque, sa sp\u00e9cialit\u00e9. Et face aux Polonais (3-1), il fait la diff\u00e9rence sur deux frappes pleines de sang-froid.<\/p>\n\n\n\n<p>En t\u00eate du classement des buteurs au Mondial (5), en championnat de France (12) et en Ligue des champions (7), Mbapp\u00e9 postule forc\u00e9ment d\u00e9j\u00e0 pour le titre de Soulier d&rsquo;Or europ\u00e9en (le meilleur buteur de la saison), mais aussi pour le Ballon d&rsquo;Or, apr\u00e8s cinq \u00e9ditions dans le top 10.<\/p>\n\n\n\n<p>\u00ab\u00a0Je suis venu pour gagner la Coupe du monde, pas pour gagner le +Golden Ball+ ou le +Golden Boot+\u00a0\u00bb, r\u00e9torque le Fran\u00e7ais. Il lui reste trois matches \u00e0 gagner pour rejoindre dans l&rsquo;histoire son illustre a\u00een\u00e9: le Br\u00e9sil de Pel\u00e9 est la derni\u00e8re nation \u00e0 avoir remport\u00e9 deux Mondiaux de suite, en 1958 et 1962.<\/p>\n\n\n\n<p>Par Antoine MAIGNAN et J\u00e9r\u00e9my TALBOT<\/p>\n\n\n\n<p>AFP<\/p>\n","protected":false},"excerpt":{"rendered":"<p>Sur les buildings de Doha comme sur les pelouses, on ne voit que lui: Kylian Mbapp\u00e9 illumine le Mondial-2022 de<\/p>\n","protected":false},"author":1,"featured_media":4598,"comment_status":"open","ping_status":"open","sticky":false,"template":"","format":"standard","meta":{"footnotes":""},"categories":[9],"tags":[],"class_list":["post-4597","post","type-post","status-publish","format-standard","has-post-thumbnail","hentry","category-sports"],"_links":{"self":[{"href":"https:\/\/dekkbi.com\/index.php?rest_route=\/wp\/v2\/posts\/4597","targetHints":{"allow":["GET"]}}],"collection":[{"href":"https:\/\/dekkbi.com\/index.php?rest_route=\/wp\/v2\/posts"}],"about":[{"href":"https:\/\/dekkbi.com\/index.php?rest_route=\/wp\/v2\/types\/post"}],"author":[{"embeddable":true,"href":"https:\/\/dekkbi.com\/index.php?rest_route=\/wp\/v2\/users\/1"}],"replies":[{"embeddable":true,"href":"https:\/\/dekkbi.com\/index.php?rest_route=%2Fwp%2Fv2%2Fcomments&post=4597"}],"version-history":[{"count":1,"href":"https:\/\/dekkbi.com\/index.php?rest_route=\/wp\/v2\/posts\/4597\/revisions"}],"predecessor-version":[{"id":4599,"href":"https:\/\/dekkbi.com\/index.php?rest_route=\/wp\/v2\/posts\/4597\/revisions\/4599"}],"wp:featuredmedia":[{"embeddable":true,"href":"https:\/\/dekkbi.com\/index.php?rest_route=\/wp\/v2\/media\/4598"}],"wp:attachment":[{"href":"https:\/\/dekkbi.com\/index.php?rest_route=%2Fwp%2Fv2%2Fmedia&parent=4597"}],"wp:term":[{"taxonomy":"category","embeddable":true,"href":"https:\/\/dekkbi.com\/index.php?rest_route=%2Fwp%2Fv2%2Fcategories&post=4597"},{"taxonomy":"post_tag","embeddable":true,"href":"https:\/\/dekkbi.com\/index.php?rest_route=%2Fwp%2Fv2%2Ftags&post=4597"}],"curies":[{"name":"wp","href":"https:\/\/api.w.org\/{rel}","templated":true}]}}