{"id":45949,"date":"2024-11-08T09:34:53","date_gmt":"2024-11-08T09:34:53","guid":{"rendered":"https:\/\/dekkbi.com\/?p=45949"},"modified":"2024-11-08T09:34:54","modified_gmt":"2024-11-08T09:34:54","slug":"ousseynou-ly-porte-parole-de-la-presidence-repond-a-macky-sall","status":"publish","type":"post","link":"https:\/\/dekkbi.com\/?p=45949","title":{"rendered":"Ousseynou Ly, porte-Parole de la Pr\u00e9sidence, r\u00e9pond \u00e0 Macky Sall"},"content":{"rendered":"\n<h3 class=\"wp-block-heading\"><strong>Macky Sall, quand l\u2019ind\u00e9cence prend la parole.<\/strong><\/h3>\n\n\n\n<p>Baye Fallou S\u00e8ne, Sidiya Diallo, Bouna Sarr, Alpha Yoro Tounkara\u2026 Ces jeunes innocents, tomb\u00e9s sous les balles de votre r\u00e9pression brutale, inscrivent \u00e0 jamais dans l\u2019histoire du S\u00e9n\u00e9gal des pages sombres qui ne seront jamais effac\u00e9es. Leurs noms r\u00e9sonnent comme des symboles de r\u00e9sistance dans la conscience collective du peuple s\u00e9n\u00e9galais. Leurs voix, celles de tous les martyrs de votre r\u00e9gime, vous interpellent d\u2019outre-tombe. \u00c0 leurs c\u00f4t\u00e9s, les milliers de bless\u00e9s, mutil\u00e9s \u00e0 vie, et emprisonn\u00e9s sans autre motif que la d\u00e9fense de leur dignit\u00e9, t\u00e9moignent de la violence exerc\u00e9e contre un peuple \u00e9pris de libert\u00e9 et de justice.<\/p>\n\n\n\n<p>Comment osez-vous, depuis l\u2019\u00e9tranger, tenter de vous poser en d\u00e9fenseur des droits du peuple que vous avez vous-m\u00eame r\u00e9prim\u00e9 ? Comment pouvez-vous avoir la pr\u00e9tention de revendiquer un bilan de paix et de r\u00e9conciliation, alors que votre gouvernance a sem\u00e9 la discorde et plong\u00e9 le pays dans un cycle de violences destructrices ?<\/p>\n\n\n\n<p><strong>Quelle ind\u00e9cence, Monsieur Sall ! Quelle indignit\u00e9 !<\/strong><\/p>\n\n\n\n<p>Vous, qui avez exerc\u00e9 le pouvoir avec une poigne de fer, r\u00e9primant sans rel\u00e2che toute forme de contestation, \u00e9touffant les libert\u00e9s les plus \u00e9l\u00e9mentaires, osez aujourd&rsquo;hui pr\u00e9tendre donner des le\u00e7ons de gouvernance. Vous, qui avez b\u00e2illonn\u00e9 la d\u00e9mocratie, musel\u00e9 la presse, et utilis\u00e9 la force pour r\u00e9duire au silence des opposants l\u00e9gitimes, avez perdu tout droit moral de vous exprimer au nom du peuple s\u00e9n\u00e9galais. Il est difficile de ne pas \u00eatre frapp\u00e9 par tant de cynisme et d\u2019arrogance. Vous avez bris\u00e9 des vies, laiss\u00e9 des familles endeuill\u00e9es, plong\u00e9 des m\u00e8res dans une douleur insupportable, et aujourd\u2019hui, vous tentez de vous draper dans une posture d\u2019homme d\u2019\u00c9tat soucieux de l\u2019int\u00e9r\u00eat g\u00e9n\u00e9ral.<\/p>\n\n\n\n<p>Votre d\u00e9claration est une insulte \u00e0 la m\u00e9moire de vos victimes et \u00e0 la souffrance de leurs familles.<br>Vous parlez de l\u2019\u00e9mergence \u00e9conomique que vous auriez fa\u00e7onn\u00e9e, mais sous votre gouvernance, cette \u00e9mergence n\u2019a jamais \u00e9t\u00e9 qu\u2019une illusion, un miroir aux alouettes destin\u00e9 \u00e0 masquer les in\u00e9galit\u00e9s grandissantes, la corruption syst\u00e9mique, et l\u2019abandon des plus vuln\u00e9rables. Les infrastructures que vous vantez, construites \u00e0 coup de dettes insoutenables, n\u2019ont fait que renforcer l\u2019\u00e9cart entre une minorit\u00e9 privil\u00e9gi\u00e9e et la majorit\u00e9 du peuple laiss\u00e9e pour compte. Vous avez l\u00e9gu\u00e9 un pays pris au pi\u00e8ge de la dette et gangren\u00e9 par des scandales financiers soigneusement dissimul\u00e9s.<\/p>\n\n\n\n<p>Et maintenant, vous osez parler de \u00ab\u00a0sursaut citoyen\u00a0\u00bb, vous qui avez r\u00e9prim\u00e9 toute forme de dissidence et an\u00e9anti toute voix contraire. Vous, qui avez fractur\u00e9 le pays comme rarement dans son histoire, pr\u00e9tendez vouloir \u0153uvrer pour la r\u00e9conciliation nationale ? Vos mains restent tach\u00e9es du sang de ceux qui, \u00e0 travers leur engagement, ont incarn\u00e9 l\u2019espoir d\u2019un S\u00e9n\u00e9gal meilleur.<\/p>\n\n\n\n<p>Vous parlez d\u2019amnistie, mais cette loi que vous avez impos\u00e9e n\u2019est rien d\u2019autre qu\u2019un acte de l\u00e2chet\u00e9. Vous l\u2019avez mise en place non pour apaiser les c\u0153urs ou favoriser une r\u00e9conciliation sinc\u00e8re, mais pour prot\u00e9ger ceux qui, sous vos ordres, ont commis des actes inqualifiables. Cette loi n\u2019a pas pour objectif de panser les plaies du peuple, mais de blanchir les responsables de crimes de sang, dont vous-m\u00eame et vos plus fid\u00e8les ex\u00e9cutants. Vous avez tent\u00e9 de couvrir vos erreurs, d\u2019effacer le sang vers\u00e9 sous votre r\u00e8gne, et de garantir l\u2019impunit\u00e9 \u00e0 ceux qui ont pi\u00e9tin\u00e9 les aspirations l\u00e9gitimes de tout un peuple.<\/p>\n\n\n\n<p>Une v\u00e9ritable r\u00e9conciliation ne peut \u00eatre fond\u00e9e sur le mensonge ou l\u2019oubli. Elle exige v\u00e9rit\u00e9 et justice, des principes que vous avez syst\u00e9matiquement ignor\u00e9s.<br>Aujourd&rsquo;hui, un gouvernement responsable s\u2019efforce de r\u00e9parer les torts caus\u00e9s, de restaurer la justice et la transparence, et de reb\u00e2tir un avenir fond\u00e9 sur l\u2019espoir et non la peur. Le pays que vous d\u00e9crivez comme \u00e9tant en ruine est celui que vous avez laiss\u00e9, \u00e9puis\u00e9 par plus d\u2019une d\u00e9cennie de mal-gouvernance. Nous redressons aujourd\u2019hui l\u2019\u00e9conomie, nous mettons fin \u00e0 l\u2019impunit\u00e9 et nous restaurons la confiance de la nation en ses dirigeants.<\/p>\n\n\n\n<p>Le S\u00e9n\u00e9gal que vous avez dirig\u00e9 avec brutalit\u00e9 et arrogance tourne d\u00e9finitivement la page de votre r\u00e8gne. Vos paroles n\u2019ont plus de prise sur le peuple s\u00e9n\u00e9galais, qui aspire d\u00e9sormais \u00e0 une gouvernance bas\u00e9e sur la justice, la v\u00e9rit\u00e9 et la dignit\u00e9.<\/p>\n\n\n\n<p>Le temps de l\u2019impunit\u00e9 est r\u00e9volu. L\u2019histoire retiendra la v\u00e9rit\u00e9, et elle jugera chacun d\u2019entre nous \u00e0 l\u2019aune de nos actes. Le peuple s\u00e9n\u00e9galais ne vous a pas oubli\u00e9, mais il a d\u00e9cid\u00e9 d\u2019avancer, loin des ombres de votre pass\u00e9.<\/p>\n\n\n\n<p><strong>Ousseynou Ly, Ministre \u2013 Porte-parole de la Pr\u00e9sidence de la R\u00e9publique.&nbsp;<\/strong><\/p>\n","protected":false},"excerpt":{"rendered":"<p>Macky Sall, quand l\u2019ind\u00e9cence prend la parole. Baye Fallou S\u00e8ne, Sidiya Diallo, Bouna Sarr, Alpha Yoro Tounkara\u2026 Ces jeunes innocents,<\/p>\n","protected":false},"author":1,"featured_media":45950,"comment_status":"open","ping_status":"open","sticky":false,"template":"","format":"standard","meta":{"footnotes":""},"categories":[6],"tags":[],"class_list":["post-45949","post","type-post","status-publish","format-standard","has-post-thumbnail","hentry","category-politics"],"_links":{"self":[{"href":"https:\/\/dekkbi.com\/index.php?rest_route=\/wp\/v2\/posts\/45949","targetHints":{"allow":["GET"]}}],"collection":[{"href":"https:\/\/dekkbi.com\/index.php?rest_route=\/wp\/v2\/posts"}],"about":[{"href":"https:\/\/dekkbi.com\/index.php?rest_route=\/wp\/v2\/types\/post"}],"author":[{"embeddable":true,"href":"https:\/\/dekkbi.com\/index.php?rest_route=\/wp\/v2\/users\/1"}],"replies":[{"embeddable":true,"href":"https:\/\/dekkbi.com\/index.php?rest_route=%2Fwp%2Fv2%2Fcomments&post=45949"}],"version-history":[{"count":1,"href":"https:\/\/dekkbi.com\/index.php?rest_route=\/wp\/v2\/posts\/45949\/revisions"}],"predecessor-version":[{"id":45951,"href":"https:\/\/dekkbi.com\/index.php?rest_route=\/wp\/v2\/posts\/45949\/revisions\/45951"}],"wp:featuredmedia":[{"embeddable":true,"href":"https:\/\/dekkbi.com\/index.php?rest_route=\/wp\/v2\/media\/45950"}],"wp:attachment":[{"href":"https:\/\/dekkbi.com\/index.php?rest_route=%2Fwp%2Fv2%2Fmedia&parent=45949"}],"wp:term":[{"taxonomy":"category","embeddable":true,"href":"https:\/\/dekkbi.com\/index.php?rest_route=%2Fwp%2Fv2%2Fcategories&post=45949"},{"taxonomy":"post_tag","embeddable":true,"href":"https:\/\/dekkbi.com\/index.php?rest_route=%2Fwp%2Fv2%2Ftags&post=45949"}],"curies":[{"name":"wp","href":"https:\/\/api.w.org\/{rel}","templated":true}]}}