{"id":45943,"date":"2024-11-08T09:27:23","date_gmt":"2024-11-08T09:27:23","guid":{"rendered":"https:\/\/dekkbi.com\/?p=45943"},"modified":"2024-11-08T09:27:23","modified_gmt":"2024-11-08T09:27:23","slug":"kolda-un-bus-de-militants-de-la-coalition-takku-wallu-prend-feu","status":"publish","type":"post","link":"https:\/\/dekkbi.com\/?p=45943","title":{"rendered":"Kolda : Un bus de militants de la coalition Takku Wallu prend feu"},"content":{"rendered":"\n<h3 class=\"wp-block-heading\">Le pire a \u00e9t\u00e9 \u00e9vit\u00e9 sur l&rsquo;axe Kolda &#8211; Salik\u00e9gn\u00e9, dans la commune rurale de Guiro Yoro Bocar. Sur le chemin du retour, le bus qui ramenait au bercail les nombreux militants venus \u00e0 Kolda accueillir la caravane de la coalition nationale Takku Wallu, a pris feu. Le chauffeur a r\u00e9ussi \u00e0 immobiliser le v\u00e9hicule, permettant aux passagers de se sauver. On ne d\u00e9plore aucun bless\u00e9. Quant au bus, il a \u00e9t\u00e9 compl\u00e8tement calcin\u00e9. L&rsquo;origine de cet incident serait due \u00e0 une d\u00e9faillance \u00e9lectrique.<\/h3>\n\n\n\n<p>D\u2019apr\u00e8s \u00ab\u00a0Seneweb\u00a0\u00bb, ces militants des communes de Guiro Yoro Bocar et de Salik\u00e9gn\u00e9, \u00e9taient dans la commune de Kolda, \u00e0 l&rsquo;accueil de Sidiki Kaba et de sa suite, en campagne \u00e9lectorale pour les L\u00e9gislatives anticip\u00e9es du 17 novembre prochain.<\/p>\n\n\n\n<p>Longtemps rest\u00e9s la chasse gard\u00e9e du ministre Moussa Bald\u00e9, t\u00eate de liste d\u00e9partementale de la coalition Takku Wallu, ces militants du monde rural pr\u00eatent aujourd&rsquo;hui main forte \u00e0 cette coalition.<\/p>\n\n\n\n<p>En effet, Pr. Bald\u00e9 a toujours compt\u00e9 sur le monde rural lors des diff\u00e9rentes \u00e9ch\u00e9ances \u00e9lectorales. Un monde rural qu&rsquo;il a servi et conquis depuis son poste de DG de la SODAGRI en 2013, avant d&rsquo;occuper le poste de ministre de l&rsquo;Agriculture.<\/p>\n\n\n\n<p>Ousmane Wade<\/p>\n\n\n\n<p>LERAL<\/p>\n","protected":false},"excerpt":{"rendered":"<p>Le pire a \u00e9t\u00e9 \u00e9vit\u00e9 sur l&rsquo;axe Kolda &#8211; Salik\u00e9gn\u00e9, dans la commune rurale de Guiro Yoro Bocar. Sur le<\/p>\n","protected":false},"author":1,"featured_media":45944,"comment_status":"open","ping_status":"open","sticky":false,"template":"","format":"standard","meta":{"footnotes":""},"categories":[26],"tags":[],"class_list":["post-45943","post","type-post","status-publish","format-standard","has-post-thumbnail","hentry","category-fait-divers"],"_links":{"self":[{"href":"https:\/\/dekkbi.com\/index.php?rest_route=\/wp\/v2\/posts\/45943","targetHints":{"allow":["GET"]}}],"collection":[{"href":"https:\/\/dekkbi.com\/index.php?rest_route=\/wp\/v2\/posts"}],"about":[{"href":"https:\/\/dekkbi.com\/index.php?rest_route=\/wp\/v2\/types\/post"}],"author":[{"embeddable":true,"href":"https:\/\/dekkbi.com\/index.php?rest_route=\/wp\/v2\/users\/1"}],"replies":[{"embeddable":true,"href":"https:\/\/dekkbi.com\/index.php?rest_route=%2Fwp%2Fv2%2Fcomments&post=45943"}],"version-history":[{"count":1,"href":"https:\/\/dekkbi.com\/index.php?rest_route=\/wp\/v2\/posts\/45943\/revisions"}],"predecessor-version":[{"id":45945,"href":"https:\/\/dekkbi.com\/index.php?rest_route=\/wp\/v2\/posts\/45943\/revisions\/45945"}],"wp:featuredmedia":[{"embeddable":true,"href":"https:\/\/dekkbi.com\/index.php?rest_route=\/wp\/v2\/media\/45944"}],"wp:attachment":[{"href":"https:\/\/dekkbi.com\/index.php?rest_route=%2Fwp%2Fv2%2Fmedia&parent=45943"}],"wp:term":[{"taxonomy":"category","embeddable":true,"href":"https:\/\/dekkbi.com\/index.php?rest_route=%2Fwp%2Fv2%2Fcategories&post=45943"},{"taxonomy":"post_tag","embeddable":true,"href":"https:\/\/dekkbi.com\/index.php?rest_route=%2Fwp%2Fv2%2Ftags&post=45943"}],"curies":[{"name":"wp","href":"https:\/\/api.w.org\/{rel}","templated":true}]}}