{"id":45918,"date":"2024-11-08T09:01:49","date_gmt":"2024-11-08T09:01:49","guid":{"rendered":"https:\/\/dekkbi.com\/?p=45918"},"modified":"2024-11-08T09:35:29","modified_gmt":"2024-11-08T09:35:29","slug":"celebration-de-la-journee-des-forces-armees-diomaye-mis-a-lepreuve","status":"publish","type":"post","link":"https:\/\/dekkbi.com\/?p=45918","title":{"rendered":"C\u00e9l\u00e9bration de la journ\u00e9e des forces arm\u00e9es : Diomaye mis \u00e0 l\u2019\u00e9preuve"},"content":{"rendered":"\n<p><strong>La Journ\u00e9e des Forces Arm\u00e9es \u00e9dition 2024, une grande premi\u00e8re pour le pr\u00e9sident de la R\u00e9publique, Bassirou Diomaye Faye en tant que Chef Supr\u00eame des Arm\u00e9es, se tient ce jour, vendredi 8 novembre 2024, avec comme th\u00e8me&nbsp;: \u00abVers la souverainet\u00e9 technologique et industrielle des Forces Arm\u00e9es\u00bb. La rencontre sera l\u2019occasion pour Bassirou Diomaye Faye, nouveau locataire du Palais de l\u2019avenue Roume, d\u2019\u00eatre en contact avec les Forces de d\u00e9fense et de d\u00e9cliner sa politique. Son pr\u00e9d\u00e9cesseur Macky Sall, avait fait du renforcement des moyens mat\u00e9riels et humains de l\u2019Arm\u00e9e, sa&nbsp;<em>\u00abmont\u00e9e en puissance\u00bb<\/em>, un engagement fort durant toute sa gouvernance.<\/strong><\/p>\n\n\n\n<p>Le pr\u00e9sident de la R\u00e9publique, Bassirou Diomaye Faye, pr\u00e9side, ce vendredi 8 novembre 2024, la Journ\u00e9e des Forces Arm\u00e9es au camp Dial Diop de Dakar. Le th\u00e8me de cette ann\u00e9e est&nbsp;:&nbsp;<em>\u00abVers la souverainet\u00e9 technologique et industrielle des Forces Arm\u00e9es\u00bb<\/em>. Ce jour marque donc un rendez-vous important entre le Chef Supr\u00eame des Arm\u00e9es et la Grande muette. En effet, depuis son \u00e9lection comme pr\u00e9sident de la R\u00e9publique du S\u00e9n\u00e9gal, il n\u2019y a pas eu encore une rencontre de grande envergure entre le pr\u00e9sident de la R\u00e9publique et les Forces Arm\u00e9es s\u00e9n\u00e9galaises. Cette journ\u00e9e sera une occasion pour lui de d\u00e9cliner sa feuille de route et ses ambitions pour l\u2019Arm\u00e9e s\u00e9n\u00e9galaise qui a \u00e9t\u00e9 marqu\u00e9e, ces derni\u00e8res ann\u00e9es, par un renforcement de ses effectifs et des moyens mat\u00e9riels.<\/p>\n\n\n\n<p>En faisant ses adieux aux Arm\u00e9es lors de l\u2019\u00e9dition de la Journ\u00e9e des Forces Arm\u00e9es l\u2019ann\u00e9e derni\u00e8re, le pr\u00e9sident Macky Sall avait annonc\u00e9 une hausse du budget et des moyens destin\u00e9s \u00e0 la d\u00e9fense durant son magist\u00e8re.&nbsp;<em>\u00abLes chiffres parlent d\u2019eux-m\u00eames. Notre budget de d\u00e9fense a connu une hausse sans pr\u00e9c\u00e9dent de 250%, entre 2012 et 2023 ; ce qui nous a permis de renforcer consid\u00e9rablement les moyens op\u00e9rationnels de nos Forces de D\u00e9fense et de S\u00e9curit\u00e9 dans leurs composantes terrestre, maritime et a\u00e9rienne. Quant aux effectifs, ils ont augment\u00e9 de plus de 60%, offrant ainsi un maillage complet du territoire national\u00bb<\/em>, avait-il dit.<\/p>\n\n\n\n<p>Parlant de ses r\u00e9alisations, Macky Sall \u00e9tait aussi revenu sur la cr\u00e9ation d\u2019un Centre des hautes \u00e9tudes de d\u00e9fense et de s\u00e9curit\u00e9 (CHEDS), un Institut de d\u00e9fense du S\u00e9n\u00e9gal (IDS) et plusieurs \u00c9coles de formation et d\u2019application,&nbsp;<em>\u00abpour doter nos Forces Arm\u00e9es des meilleures comp\u00e9tences en ressources humaines\u00bb<\/em>. Le r\u00e9gime pr\u00e9c\u00e9dent a aussi fait des efforts pour l\u2019am\u00e9lioration du traitement salarial du militaire et ses conditions de vie, y compris les bless\u00e9s et mutil\u00e9s de guerre.<\/p>\n\n\n\n<p>Rappelons que les militaires ont eu le droit de vote sous le magist\u00e8re de son devancier, l\u2019ancien pr\u00e9sident de la R\u00e9publique Me Abdoulaye Wade.&nbsp; Pour sa part, en juillet dernier, lors de la sortie de la 6<sup>\u00e8me<\/sup>&nbsp;promotion de l\u2019Ecole de l\u2019Etat-major et la 3<sup>\u00e8me<\/sup>&nbsp;promotion de l\u2019Ecole de guerre de l\u2019Institut de D\u00e9fense du S\u00e9n\u00e9gal (IDS), le pr\u00e9sident de la R\u00e9publique, Bassirou Diomaye Faye, a invit\u00e9 le minist\u00e8re des Forces Arm\u00e9es, en relation avec les d\u00e9partements de la Recherche scientifique et de l\u2019Industrie,&nbsp;<em>\u00ab\u00e0 b\u00e2tir rapidement les cadres de coop\u00e9ration n\u00e9cessaires pour d\u00e9velopper des capacit\u00e9s endog\u00e8nes de production des \u00e9quipements de d\u00e9fense\u00bb<\/em>.<\/p>\n\n\n\n<p>Alors que les Etablissements de sant\u00e9 militaire jouent un r\u00f4le important dans la prise en charge des civils, il serait important que ce nouveau r\u00e9gime promeuve davantage la proximit\u00e9 entre l\u2019Arm\u00e9e s\u00e9n\u00e9galaise et les citoyens, conform\u00e9ment au concept Arm\u00e9e-Nation. Les retraites aux flambeaux dans les art\u00e8res de la capitale, \u00e0 la veille de la c\u00e9l\u00e9bration de la f\u00eate de l\u2019ind\u00e9pendance, les S\u00e9n\u00e9galais s\u2019en souviennent avec nostalgie. Il en est de m\u00eame pour les bals des Arm\u00e9es, pr\u00e9sid\u00e9s \u00e0 l\u2019\u00e9poque par le pr\u00e9sident de la R\u00e9publique. Le saut de parachutistes, notamment au camp du Bataillon des Parachutistes de Thiaroye est ancr\u00e9 dans les m\u00e9moires de ceux qui l\u2019ont v\u00e9cu.<\/p>\n\n\n\n<p><strong>FATOU NDIAYE<\/strong><br>SUDQUOTIDIEN<\/p>\n","protected":false},"excerpt":{"rendered":"<p>La Journ\u00e9e des Forces Arm\u00e9es \u00e9dition 2024, une grande premi\u00e8re pour le pr\u00e9sident de la R\u00e9publique, Bassirou Diomaye Faye en<\/p>\n","protected":false},"author":1,"featured_media":45919,"comment_status":"open","ping_status":"open","sticky":false,"template":"","format":"standard","meta":{"footnotes":""},"categories":[21],"tags":[],"class_list":["post-45918","post","type-post","status-publish","format-standard","has-post-thumbnail","hentry","category-societe"],"_links":{"self":[{"href":"https:\/\/dekkbi.com\/index.php?rest_route=\/wp\/v2\/posts\/45918","targetHints":{"allow":["GET"]}}],"collection":[{"href":"https:\/\/dekkbi.com\/index.php?rest_route=\/wp\/v2\/posts"}],"about":[{"href":"https:\/\/dekkbi.com\/index.php?rest_route=\/wp\/v2\/types\/post"}],"author":[{"embeddable":true,"href":"https:\/\/dekkbi.com\/index.php?rest_route=\/wp\/v2\/users\/1"}],"replies":[{"embeddable":true,"href":"https:\/\/dekkbi.com\/index.php?rest_route=%2Fwp%2Fv2%2Fcomments&post=45918"}],"version-history":[{"count":1,"href":"https:\/\/dekkbi.com\/index.php?rest_route=\/wp\/v2\/posts\/45918\/revisions"}],"predecessor-version":[{"id":45920,"href":"https:\/\/dekkbi.com\/index.php?rest_route=\/wp\/v2\/posts\/45918\/revisions\/45920"}],"wp:featuredmedia":[{"embeddable":true,"href":"https:\/\/dekkbi.com\/index.php?rest_route=\/wp\/v2\/media\/45919"}],"wp:attachment":[{"href":"https:\/\/dekkbi.com\/index.php?rest_route=%2Fwp%2Fv2%2Fmedia&parent=45918"}],"wp:term":[{"taxonomy":"category","embeddable":true,"href":"https:\/\/dekkbi.com\/index.php?rest_route=%2Fwp%2Fv2%2Fcategories&post=45918"},{"taxonomy":"post_tag","embeddable":true,"href":"https:\/\/dekkbi.com\/index.php?rest_route=%2Fwp%2Fv2%2Ftags&post=45918"}],"curies":[{"name":"wp","href":"https:\/\/api.w.org\/{rel}","templated":true}]}}