{"id":45912,"date":"2024-11-08T08:56:25","date_gmt":"2024-11-08T08:56:25","guid":{"rendered":"https:\/\/dekkbi.com\/?p=45912"},"modified":"2024-11-08T09:24:05","modified_gmt":"2024-11-08T09:24:05","slug":"ouverture-de-la-biennale-la-martiniquaise-agnes-brezephin-honoree","status":"publish","type":"post","link":"https:\/\/dekkbi.com\/?p=45912","title":{"rendered":"Ouverture de la Biennale : La Martiniquaise Agn\u00e8s Br\u00e9z\u00e9phin honor\u00e9e"},"content":{"rendered":"\n<p><strong>Le clap d\u2019ouverture de la 15e \u00e9dition de la Biennale de l\u2019art africain contemporain de Dakar (Dak\u2019Art) a \u00e9t\u00e9 donn\u00e9 hier, au Grand Th\u00e9\u00e2tre Doudou Ndiaye Coumba Rose, par le Pr\u00e9sident Bassirou Diomaye Diakhar Faye. Protecteur des arts et des lettres, il a rappel\u00e9 que la biennale ne se limite pas \u00e0 une simple exposition d\u2019\u0153uvres d\u2019art. Elle est aussi un v\u00e9ritable catalyseur de la jeunesse et de la culture. Il a appel\u00e9 \u00e0 une mobilisation g\u00e9n\u00e9rale pour que l\u2019art devienne un moteur de d\u00e9veloppement \u00e9conomique et social.<\/strong><\/p>\n\n\n\n<p>Par Ousmane SOW \u2013 Un public nombreux s\u2019est d\u00e9plac\u00e9 hier pour assister \u00e0 la c\u00e9r\u00e9monie d\u2019ouverture de la 15e \u00e9dition de la Biennale de l\u2019art africain contemporain de Dakar (Dak\u2019Art) qui se d\u00e9roulera jusqu\u2019au 7 d\u00e9cembre 2024. La c\u00e9r\u00e9monie, pr\u00e9sid\u00e9e par le chef de l\u2019Etat Bassirou Diomaye Faye, a \u00e9t\u00e9 marqu\u00e9e par la pr\u00e9sence des membres du gouvernement, du corps diplomatique accr\u00e9dit\u00e9 \u00e0 Dakar, des repr\u00e9sentants d\u2019institutions internationales et des personnalit\u00e9s du monde de l\u2019art. C\u2019est \u00e0 10h que le Pr\u00e9sident Bassirou Diomaye Faye arrive dans la salle. Accueilli par les supporters du \u00ab12\u00e8me Ga\u00efnd\u00e9\u00bb, la c\u00e9r\u00e9monie a \u00e9t\u00e9 \u00e9galement rythm\u00e9e par des sonorit\u00e9s endiabl\u00e9es d\u2019assiko et un d\u00e9cor empreint de tradition et de modernit\u00e9, avec une mise en sc\u00e8ne d\u2019ouverture sign\u00e9e Madiaw Ndiaye. Tout \u00e9tait en place pour \u00e9gayer et aiguiser les consciences culturelles au cours de cette f\u00eate dont les deux pays invit\u00e9s d\u2019honneur sont les Etats-Unis et le Cap-Vert.<\/p>\n\n\n\n<p>Dans son discours d\u2019ouverture, le Pr\u00e9sident Bassirou Diomaye Faye a soulign\u00e9 d\u2019abord l\u2019importance de cet \u00e9v\u00e9nement culturel majeur de l\u2019art africain contemporain, qui se d\u00e9roulera jusqu\u2019au 7 d\u00e9cembre 2024. \u00abJe voudrais exprimer toute ma satisfaction et le plaisir que j\u2019\u00e9prouve de retrouver aujourd\u2019hui la grande famille de la culture \u00e0 l\u2019occasion de l\u2019ouverture officielle de la 15e \u00e9dition de la Biennale de l\u2019art africain contemporain. Pen\u00addant un mois donc, soit du 7 novembre au 7 d\u00e9cembre 2024, Dakar et le S\u00e9n\u00e9gal seront au c\u0153ur d\u2019un bouillonnement artistique intense\u00bb, d\u00e9clare-t-il. Il a \u00e9galement mis un accent particulier sur les artistes qui ont marqu\u00e9 cette biennale et salu\u00e9 l\u2019engagement des 129 cr\u00e9ateurs du programme officiel \u00abIn\u00bb,&nbsp;les 3 pavillons nationaux et ceux de la manifestation \u00abOff\u00bb qui \u00e9tend les limites g\u00e9ographiques de la biennale au-del\u00e0 de Dakar, avant de rendre hommage aux d\u00e9funts artistes Issa Samb dit Joe Ouakam, Ousmane Sow, Souleymane Ke\u00efta, Alpha Sow, Yacine Ndiaye, Djiby Ndiaye, Amadou Sow et Ndary L\u00f4, parmi d\u2019autres. \u00abA tous, je dis au nom de la R\u00e9publique reconnaissante, nous ne vous oublierons jamais\u00bb, a-t-il t\u00e9moign\u00e9. Le Pr\u00e9sident Dio\u00admaye Faye a aussi salu\u00e9 le choix des organisateurs de cette \u00e9dition de rendre hommage \u00e0 deux artistes plasticiens talentueux, Anta Germaine Gaye, sp\u00e9cialiste reconnue de la peinture sous verre, et au d\u00e9funt artiste Mohamadou Ndoye Dout\u2019s d\u00e9c\u00e9d\u00e9 en juin 2023.<\/p>\n\n\n\n<p><strong>\u00abLa culture refl\u00e8te nos identit\u00e9s\u00bb<\/strong><\/p>\n\n\n\n<p>L\u2019art, selon Bassirou Diomaye Faye, occupe une place essentielle dans le d\u00e9veloppement des soci\u00e9t\u00e9s africaines et doit \u00eatre valoris\u00e9 sous toutes ses formes. \u00abLa Biennale de Dakar dont nous c\u00e9l\u00e9brons la 15e \u00e9dition, s\u2019est impos\u00e9e au fil des ann\u00e9es comme une activit\u00e9 de r\u00e9f\u00e9rence en mati\u00e8re d\u2019art contemporain en Afrique et dans le monde\u00bb, a-t-il affirm\u00e9, avant d\u2019ajouter\u00a0: \u00abLa biennale est un \u00e9v\u00e9nement majeur de promotion de la culture en g\u00e9n\u00e9ral, du march\u00e9 de l\u2019art en particulier, en d\u00e9pit des menaces de toutes sortes qui auraient pu entraver sa croissance.\u00bb Dans son discours, le Pr\u00e9sident a soulign\u00e9 le r\u00f4le essentiel de la culture dans la construction d\u2019une Nation forte et unie. \u00abDakar et le S\u00e9n\u00e9gal renforcent leur position d\u2019espace de\u00a0 cr\u00e9ation, de r\u00e9flexion autour de l\u2019esth\u00e9tique de l\u2019art comme des grands enjeux de notre monde en mutation. Et c\u2019est pour cette raison que je tiens \u00e0 saluer le th\u00e8me de la pr\u00e9sente \u00e9dition \u00abThe Wake, l\u2019Eveil, X\u00e0ll wi\u00bb, et f\u00e9licite la directrice artistique pour son \u00e9minente contribution \u00e0 la r\u00e9flexion. Une vocation artistique assum\u00e9e consiste donc \u00e0 organiser le chaos du monde pour lui attribuer un sens. Et la culture refl\u00e8te nos identit\u00e9s et les nourrit en retour\u00bb, a-t-il fait savoir.<\/p>\n\n\n\n<p><strong>\u00abLa culture participe \u00e0 notre souverainet\u00e9 morale et intellectuelle\u00bb<\/strong><\/p>\n\n\n\n<p>La biennale, a-t-il rappel\u00e9, ne se limite pas \u00e0 une simple exposition d\u2019\u0153uvres d\u2019art. Elle est aussi un v\u00e9ritable catalyseur de la jeunesse et de la culture. \u00abC\u2019est bien la culture qui donne un lien \u00e0 notre trajectoire individuelle et collective menac\u00e9e d\u2019\u00e9parpillement en raison des agressions multiformes de la vie moderne. La culture dans sa diversit\u00e9 est le terreau fertile \u00e0 notre commun vouloir de vie collective. L\u2019\u00e9motion qui nous saisit devant une \u0153uvre d\u2019art peut modifier durablement notre vision du monde et orienter nos actions\u00bb, a-t-il soulign\u00e9, avant d\u2019ajouter que \u00abl\u2019art facilite la compr\u00e9hension du monde, le rend moins angoissant et aide \u00e0 d\u00e9fricher la place que l\u2019homme doit occuper en symbiose avec les autres \u00eatres\u00bb. Toutefois, le Pr\u00e9sident Bassirou Diomaye Faye a appel\u00e9 \u00e0 une mobilisation g\u00e9n\u00e9rale pour que l\u2019art devienne un moteur de d\u00e9veloppement \u00e9conomique et social. Il a insist\u00e9 sur l\u2019importance de la d\u00e9centralisation culturelle et du soutien aux industries cr\u00e9atives. \u00abLa culture, au regard de sa dimension transversale, est appel\u00e9e \u00e0 insuffler un suppl\u00e9ment d\u2019\u00e2me \u00e0 nos politiques pour qu\u2019elles adh\u00e8rent sans cesse et mieux \u00e0 ce que nous sommes et aspirons \u00e0 devenir. La culture participe \u00e0 notre souverainet\u00e9 morale et intellectuelle. Et j\u2019en appelle au sens \u00e9lev\u00e9 de la responsabilit\u00e9 de tous les acteurs pour cultiver ensemble les vertus de solidarit\u00e9, de collaboration, de concertation entre l\u2019institution \u00e9tatique et les professionnels de la culture. L\u2019art fait r\u00eaver et r\u00e9fl\u00e9chir. Il enseigne et \u00e9duque. J\u2019invite les populations, particuli\u00e8rement les jeunes, \u00e0 prendre part massivement aux diff\u00e9rentes manifestations de la biennale\u00bb, a-t-il lanc\u00e9.<\/p>\n\n\n\n<p>SOUCE LEQUOTIDIEN<\/p>\n","protected":false},"excerpt":{"rendered":"<p>Le clap d\u2019ouverture de la 15e \u00e9dition de la Biennale de l\u2019art africain contemporain de Dakar (Dak\u2019Art) a \u00e9t\u00e9 donn\u00e9<\/p>\n","protected":false},"author":1,"featured_media":45942,"comment_status":"open","ping_status":"open","sticky":false,"template":"","format":"standard","meta":{"footnotes":""},"categories":[21],"tags":[],"class_list":["post-45912","post","type-post","status-publish","format-standard","has-post-thumbnail","hentry","category-societe"],"_links":{"self":[{"href":"https:\/\/dekkbi.com\/index.php?rest_route=\/wp\/v2\/posts\/45912","targetHints":{"allow":["GET"]}}],"collection":[{"href":"https:\/\/dekkbi.com\/index.php?rest_route=\/wp\/v2\/posts"}],"about":[{"href":"https:\/\/dekkbi.com\/index.php?rest_route=\/wp\/v2\/types\/post"}],"author":[{"embeddable":true,"href":"https:\/\/dekkbi.com\/index.php?rest_route=\/wp\/v2\/users\/1"}],"replies":[{"embeddable":true,"href":"https:\/\/dekkbi.com\/index.php?rest_route=%2Fwp%2Fv2%2Fcomments&post=45912"}],"version-history":[{"count":1,"href":"https:\/\/dekkbi.com\/index.php?rest_route=\/wp\/v2\/posts\/45912\/revisions"}],"predecessor-version":[{"id":45914,"href":"https:\/\/dekkbi.com\/index.php?rest_route=\/wp\/v2\/posts\/45912\/revisions\/45914"}],"wp:featuredmedia":[{"embeddable":true,"href":"https:\/\/dekkbi.com\/index.php?rest_route=\/wp\/v2\/media\/45942"}],"wp:attachment":[{"href":"https:\/\/dekkbi.com\/index.php?rest_route=%2Fwp%2Fv2%2Fmedia&parent=45912"}],"wp:term":[{"taxonomy":"category","embeddable":true,"href":"https:\/\/dekkbi.com\/index.php?rest_route=%2Fwp%2Fv2%2Fcategories&post=45912"},{"taxonomy":"post_tag","embeddable":true,"href":"https:\/\/dekkbi.com\/index.php?rest_route=%2Fwp%2Fv2%2Ftags&post=45912"}],"curies":[{"name":"wp","href":"https:\/\/api.w.org\/{rel}","templated":true}]}}