{"id":45893,"date":"2024-11-07T16:34:32","date_gmt":"2024-11-07T16:34:32","guid":{"rendered":"https:\/\/dekkbi.com\/?p=45893"},"modified":"2024-11-07T16:34:51","modified_gmt":"2024-11-07T16:34:51","slug":"senegaal-kese-un-engagement-determine-pour-proteger-notre-environnement-et-lavenir-du-senegal","status":"publish","type":"post","link":"https:\/\/dekkbi.com\/?p=45893","title":{"rendered":"Senegaal Kese : Un engagement d\u00e9termin\u00e9 pour prot\u00e9ger notre environnement et l&rsquo;avenir du S\u00e9n\u00e9gal"},"content":{"rendered":"\n<p>L\u2019enjeu \u00e9cologique au S\u00e9n\u00e9gal, notamment \u00e0 travers le code rural, est malheureusement souvent sous-estim\u00e9 et peu discut\u00e9. Alors que nous faisons face \u00e0 des crises environnementales croissantes, des inondations d\u00e9vastatrices et une d\u00e9forestation ill\u00e9gale persistante, il est imp\u00e9ratif de prendre conscience des cons\u00e9quences de notre inaction. \u00ab\u00a0<em>Agir aujourd&rsquo;hui pour un S\u00e9n\u00e9gal durable demain !<\/em>\u00a0\u00bb devrait devenir notre credo.<\/p>\n\n\n\n<p>Ousmane Sonko, en tant que Premier ministre, pr\u00e9tend incarner le roi de la Casamance, mais son silence sur la d\u00e9forestation de la Casamance est inqui\u00e9tant. Les ressources foresti\u00e8res de notre pays se r\u00e9duisent chaque jour un peu plus, et malgr\u00e9 ses promesses, les collectivit\u00e9s locales ne constatent pas d\u2019actions concr\u00e8tes pour endiguer cette menace. \u00ab\u00a0<em>Prot\u00e9ger nos for\u00eats, c\u2019est pr\u00e9server notre avenir !<\/em>\u00ab\u00a0, doit \u00eatre un appel \u00e0 l&rsquo;action.<\/p>\n\n\n\n<p>Les enjeux environnementaux ne doivent plus \u00eatre des sujets tabous : \u00ab\u00a0<em>L&rsquo;\u00e9cologie, c&rsquo;est une affaire de tous et pour tous !<\/em>\u00a0\u00bb Le S\u00e9n\u00e9gal fait face \u00e0 un choix d\u00e9cisif aujourd&rsquo;hui, car Horizon 2050 ne se b\u00e2tira pas sur des promesses vides, mais sur des actions r\u00e9elles et significatives. \u00ab\u00a0<em>Sans terre, pas de futur : luttons pour la justice environnementale !<\/em>\u00ab\u00a0<\/p>\n\n\n\n<p>La coalition Senegaal Kese se positionne r\u00e9solument au c\u0153ur de ce combat pour l\u2019\u00e9cologie. Chaque r\u00e9gion, chaque zone de notre pays est pr\u00e9cieuse et m\u00e9rite protection. Nous sommes fermement convaincus que les solutions se trouvent dans la participation citoyenne et la mise en \u0153uvre d&rsquo;un code rural effectif. \u00ab\u00a0<em>Unissons nos voix pour faire entendre le cri de la terre !<\/em>\u00ab\u00a0<\/p>\n\n\n\n<p>Nous devons \u00e9veiller les consciences sur l&rsquo;importance de la biodiversit\u00e9 et la n\u00e9cessit\u00e9 de sanctionner les actes de d\u00e9forestation ill\u00e9gale. \u00ab\u00a0<em>Pas de d\u00e9forestation, pas de compromission !<\/em>\u00a0\u00bb doit devenir le mantra de notre lutte. Aussi, \u00e0 l&rsquo;avenir, l&rsquo;Etat devrait anticiper sur la crue qui menace une bonne partie des habitations le long de la Falem\u00e9, dont les populations, \u00e0 terme, risquent de se trouver dans la pr\u00e9carit\u00e9.<\/p>\n\n\n\n<p>Ensemble, faisons front pour un avenir o\u00f9 l&rsquo;\u00e9cologie et le progr\u00e8s social se rejoignent. Nous ne pouvons plus rester passifs face \u00e0 ces d\u00e9fis. \u00ab\u00a0<em>Pour un S\u00e9n\u00e9gal vert, solidaire et durable !<\/em>\u00a0\u00bb est notre appel \u00e0 tous les citoyens. Mobilisons-nous, exigeons des politiques responsables et engageons-nous pour prot\u00e9ger notre patrimoine naturel pour les g\u00e9n\u00e9rations futures. Le moment d\u2019agir, c\u2019est maintenant !<\/p>\n\n\n\n<p><strong>Abdoul Mbaye<\/strong><br>LERAL<\/p>\n","protected":false},"excerpt":{"rendered":"<p>L\u2019enjeu \u00e9cologique au S\u00e9n\u00e9gal, notamment \u00e0 travers le code rural, est malheureusement souvent sous-estim\u00e9 et peu discut\u00e9. Alors que nous<\/p>\n","protected":false},"author":1,"featured_media":45894,"comment_status":"open","ping_status":"open","sticky":false,"template":"","format":"standard","meta":{"footnotes":""},"categories":[6],"tags":[],"class_list":["post-45893","post","type-post","status-publish","format-standard","has-post-thumbnail","hentry","category-politics"],"_links":{"self":[{"href":"https:\/\/dekkbi.com\/index.php?rest_route=\/wp\/v2\/posts\/45893","targetHints":{"allow":["GET"]}}],"collection":[{"href":"https:\/\/dekkbi.com\/index.php?rest_route=\/wp\/v2\/posts"}],"about":[{"href":"https:\/\/dekkbi.com\/index.php?rest_route=\/wp\/v2\/types\/post"}],"author":[{"embeddable":true,"href":"https:\/\/dekkbi.com\/index.php?rest_route=\/wp\/v2\/users\/1"}],"replies":[{"embeddable":true,"href":"https:\/\/dekkbi.com\/index.php?rest_route=%2Fwp%2Fv2%2Fcomments&post=45893"}],"version-history":[{"count":1,"href":"https:\/\/dekkbi.com\/index.php?rest_route=\/wp\/v2\/posts\/45893\/revisions"}],"predecessor-version":[{"id":45895,"href":"https:\/\/dekkbi.com\/index.php?rest_route=\/wp\/v2\/posts\/45893\/revisions\/45895"}],"wp:featuredmedia":[{"embeddable":true,"href":"https:\/\/dekkbi.com\/index.php?rest_route=\/wp\/v2\/media\/45894"}],"wp:attachment":[{"href":"https:\/\/dekkbi.com\/index.php?rest_route=%2Fwp%2Fv2%2Fmedia&parent=45893"}],"wp:term":[{"taxonomy":"category","embeddable":true,"href":"https:\/\/dekkbi.com\/index.php?rest_route=%2Fwp%2Fv2%2Fcategories&post=45893"},{"taxonomy":"post_tag","embeddable":true,"href":"https:\/\/dekkbi.com\/index.php?rest_route=%2Fwp%2Fv2%2Ftags&post=45893"}],"curies":[{"name":"wp","href":"https:\/\/api.w.org\/{rel}","templated":true}]}}