{"id":45888,"date":"2024-11-07T16:26:46","date_gmt":"2024-11-07T16:26:46","guid":{"rendered":"https:\/\/dekkbi.com\/?p=45888"},"modified":"2024-11-07T16:26:47","modified_gmt":"2024-11-07T16:26:47","slug":"absence-polemique-de-mbappe-la-reponse-cash-de-deschamps","status":"publish","type":"post","link":"https:\/\/dekkbi.com\/?p=45888","title":{"rendered":"Absence pol\u00e9mique de Mbapp\u00e9: la r\u00e9ponse cash de Deschamps"},"content":{"rendered":"\n<p>iGFM (Dakar) &#8211; Didier Deschamps, s\u00e9lectionneur de l&rsquo;\u00e9quipe de France, apr\u00e8s avoir r\u00e9v\u00e9l\u00e9 la liste des Bleus pour les deux prochains matches, a r\u00e9pondu aux questions sur l&rsquo;absence de son capitaine.<\/p>\n\n\n\n<p>Deschamps continue de faire face aux questions sur l&rsquo;absence de Kylian Mbapp\u00e9 : \u00abJe vous r\u00e9p\u00e8te : c\u2019est ma d\u00e9cision. Je peux comprendre que \u00e7a ne vous suffise pas. Je ne veux pas vous en dire plus. Je peux la prendre jusqu\u2019\u00e0 13h59, \u00e7a peut arriver au dernier moment. Peu importe. L\u2019essentiel est que, quand je suis ici, j\u2019ai act\u00e9 la d\u00e9cision.\u00bb.<\/p>\n\n\n\n<p><strong>\u00abJ&rsquo;ai discut\u00e9 avec lui et j&rsquo;ai pris cette d\u00e9cision\u00bb<\/strong><br><br>\u00abJ&rsquo;ai discut\u00e9 avec lui et j&rsquo;ai pris cette d\u00e9cision pour ce rassemblement-l\u00e0 parce que je pense que c&rsquo;est mieux comme \u00e7a. Je ne vais pas argumenter. Je peux vous dire deux choses. La premi\u00e8re c&rsquo;est que \u00a0Kylian voulait venir. La deuxi\u00e8me, c&rsquo;est que ce ne sont pas les probl\u00e8mes extra sportifs qui entrent en compte puisque la pr\u00e9somption d&rsquo;innocence existe et doit exister. C&rsquo;est une d\u00e9cision ponctuelle. C&rsquo;est ma d\u00e9cision parce que je pense que c&rsquo;est mieux comme \u00e7a. Je ne veux pas vous en dire plus, j&rsquo;assume cette d\u00e9cision.\u00bb<br><br><strong>\u00abC&rsquo;est mieux comme \u00e7a\u00bb<\/strong><br><br>Interrog\u00e9 sur le fait de savoir si cette absence est plus b\u00e9n\u00e9fique \u00e0 Mbapp\u00e9 qu&rsquo;\u00e0 l&rsquo;\u00e9quipe de France, le s\u00e9lectionneur botte en touche. \u00abJe le r\u00e9p\u00e8te, c&rsquo;est mieux comme \u00e7a\u00bb, explique Deschamps.<br><br><strong>Qui sera capitaine ?<\/strong><br><br>Kyian Mbapp\u00e9 absent, la question du capitanat des Bleus se pose \u00e0 nouveau. \u00abVous le serez jeudi pour le premier match, a r\u00e9pondu Didier Deschamps en conf\u00e9rence de presse. Ou mercredi, si je d\u00e9cide d&rsquo;envoyer le capitaine en conf\u00e9rence de presse, parce que ce n&rsquo;est pas une obligation. Ce ne sera pas non plus Aur\u00e9lien Tchouam\u00e9ni puisqu&rsquo;il est bless\u00e9. \u00c7a permet aussi de responsabiliser d&rsquo;autres joueurs et d&rsquo;entretenir une dynamique\u00bb.<\/p>\n","protected":false},"excerpt":{"rendered":"<p>iGFM (Dakar) &#8211; Didier Deschamps, s\u00e9lectionneur de l&rsquo;\u00e9quipe de France, apr\u00e8s avoir r\u00e9v\u00e9l\u00e9 la liste des Bleus pour les deux<\/p>\n","protected":false},"author":1,"featured_media":45889,"comment_status":"open","ping_status":"open","sticky":false,"template":"","format":"standard","meta":{"footnotes":""},"categories":[9],"tags":[],"class_list":["post-45888","post","type-post","status-publish","format-standard","has-post-thumbnail","hentry","category-sports"],"_links":{"self":[{"href":"https:\/\/dekkbi.com\/index.php?rest_route=\/wp\/v2\/posts\/45888","targetHints":{"allow":["GET"]}}],"collection":[{"href":"https:\/\/dekkbi.com\/index.php?rest_route=\/wp\/v2\/posts"}],"about":[{"href":"https:\/\/dekkbi.com\/index.php?rest_route=\/wp\/v2\/types\/post"}],"author":[{"embeddable":true,"href":"https:\/\/dekkbi.com\/index.php?rest_route=\/wp\/v2\/users\/1"}],"replies":[{"embeddable":true,"href":"https:\/\/dekkbi.com\/index.php?rest_route=%2Fwp%2Fv2%2Fcomments&post=45888"}],"version-history":[{"count":1,"href":"https:\/\/dekkbi.com\/index.php?rest_route=\/wp\/v2\/posts\/45888\/revisions"}],"predecessor-version":[{"id":45890,"href":"https:\/\/dekkbi.com\/index.php?rest_route=\/wp\/v2\/posts\/45888\/revisions\/45890"}],"wp:featuredmedia":[{"embeddable":true,"href":"https:\/\/dekkbi.com\/index.php?rest_route=\/wp\/v2\/media\/45889"}],"wp:attachment":[{"href":"https:\/\/dekkbi.com\/index.php?rest_route=%2Fwp%2Fv2%2Fmedia&parent=45888"}],"wp:term":[{"taxonomy":"category","embeddable":true,"href":"https:\/\/dekkbi.com\/index.php?rest_route=%2Fwp%2Fv2%2Fcategories&post=45888"},{"taxonomy":"post_tag","embeddable":true,"href":"https:\/\/dekkbi.com\/index.php?rest_route=%2Fwp%2Fv2%2Ftags&post=45888"}],"curies":[{"name":"wp","href":"https:\/\/api.w.org\/{rel}","templated":true}]}}