{"id":4587,"date":"2022-12-08T13:22:08","date_gmt":"2022-12-08T13:22:08","guid":{"rendered":"https:\/\/dekkbi.com\/?p=4587"},"modified":"2022-12-08T13:22:09","modified_gmt":"2022-12-08T13:22:09","slug":"mahmoud-moradkhani-neveu-du-guide-supreme-iranien-le-regime-est-tres-fragile-en-ce-moment","status":"publish","type":"post","link":"https:\/\/dekkbi.com\/?p=4587","title":{"rendered":"Mahmoud Moradkhani, neveu du guide supr\u00eame iranien: \u00abLe r\u00e9gime est tr\u00e8s fragile en ce moment\u00bb"},"content":{"rendered":"\n<p><\/p>\n\n\n\n<p>Mercredi 7 d\u00e9cembre, Badri Hosseini Khameini, la s\u0153ur du guide supr\u00eame Ali Khamenei, a post\u00e9 une lettre ouverte sur les r\u00e9seaux sociaux, critiquant son fr\u00e8re et le r\u00e9gime \u00ab&nbsp;<em>despotique&nbsp;<\/em>\u00bb qu\u2019il dirige. Elle y exprime sa solidarit\u00e9 avec le peuple iranien et souhaite la victoire des protestataires dans leur lutte pour la libert\u00e9. Son fils, Mahmoud Moradkhani, neveu d\u2019Ali Khamenei, opposant iranien&nbsp;install\u00e9 en France,&nbsp;explique \u00e0 RFI le geste de sa m\u00e8re.&nbsp;<\/p>\n\n\n\n<p>PUBLICIT\u00c9<\/p>\n\n\n\n<p><strong>RFI : Votre m\u00e8re, Madame Badri Hosseini Khamenei, la s\u0153ur du guide supr\u00eame de la R\u00e9publique islamique d&rsquo;Iran, vient de publier une lettre ouverte dans laquelle&nbsp;elle rappelle sa rupture ancienne avec le r\u00e9gime iranien et son fr\u00e8re Ali Khamenei et affirme sa solidarit\u00e9 avec le peuple d&rsquo;Iran et surtout avec les m\u00e8res des victimes de la r\u00e9pression.&nbsp;<\/strong><strong>\u00c9tait-ce important de le faire en ce moment ?<\/strong><\/p>\n\n\n\n<p><strong>Mahmoud Moradkhani :&nbsp;<\/strong>Oui, je pense que c&rsquo;\u00e9tait important. Notre famille n&rsquo;a jamais \u00e9t\u00e9 dans ce r\u00e9gime, on n&rsquo;avait aucun r\u00f4le, ma m\u00e8re en particulier, aucun r\u00f4le dans ce r\u00e9gime. Et il faudrait rappeler \u00e7a, parce que beaucoup d&rsquo;Iraniens pensent que c&rsquo;est quelque chose de nouveau. Notre opposition date du d\u00e9but de ce r\u00e9gime, y compris pour ma m\u00e8re.<\/p>\n\n\n\n<p><strong>Quel est l&rsquo;objectif de cette lettre ?<\/strong><\/p>\n\n\n\n<p>Ma m\u00e8re voulait depuis un certain temps annoncer qu&rsquo;elle \u00e9tait contre son fr\u00e8re, qu&rsquo;elle \u00e9tait&nbsp;avec le peuple. C&rsquo;\u00e9tait une occasion int\u00e9ressante [de le faire], \u00e7a a toujours \u00e9t\u00e9&nbsp;un souci pour notre famille. Moi, depuis que je suis en France, j&rsquo;ai toujours milit\u00e9 contre le r\u00e9gime, et contre mon oncle en particulier, je n&rsquo;ai pas arr\u00eat\u00e9 de donner mon avis.&nbsp;Donc, je pense que c&rsquo;\u00e9tait une envie depuis un certain temps, et c&rsquo;\u00e9tait un bon moment pour le faire.<\/p>\n\n\n\n<p><strong>\u00c0 votre avis, que pourrait \u00eatre la port\u00e9e de cette prise de position ?<\/strong><\/p>\n\n\n\n<p>Je pense que c&rsquo;est important. Le r\u00e9gime&nbsp;et certainement Ali Khamenei&nbsp;vont \u00eatre en col\u00e8re, quelle que soit leur r\u00e9action [publique]. Actuellement, ils sont dans une situation tr\u00e8s difficile, ils savent tr\u00e8s bien que le r\u00e9gime a \u00e9t\u00e9 attaqu\u00e9 par le peuple. Ils sont vraiment fragiles. Et une erreur de leur part&nbsp;finira par entra\u00eener leur destruction.<\/p>\n\n\n\n<p>Je pense que pour le peuple iranien aussi, c&rsquo;est un encouragement, afin qu&rsquo;il continue la protestation. Cet encouragement \u00e9tait n\u00e9cessaire.<\/p>\n\n\n\n<p><strong>Dans sa lettre, votre m\u00e8re n&rsquo;\u00e9pargne ni son fr\u00e8re, ni le r\u00e9gime dans son ensemble. Craint-elle des cons\u00e9quences<\/strong>&nbsp;<strong>?<\/strong><\/p>\n\n\n\n<p>\u00c7a serait bien ! Au maximum, ils vont la mettre&nbsp;en prison, \u00e7a serait tr\u00e8s bien. Cela montrera que les dictateurs &#8211;&nbsp;bien s\u00fbr, Ali Khamenei&nbsp;n&rsquo;est pas le premier dictateur, ni le dernier&nbsp;&#8211;&nbsp;ne respectent personne, qu&rsquo;ils sont contre tous ceux qui sont contre leur avis, que ce soit la famille, que ce soit les enfants&#8230; Donc quelle que soit leur r\u00e9action, \u00e7a sera \u00e0 leur encontre.<\/p>\n\n\n\n<p><strong>Il y a quelques jours, votre s\u0153ur aussi avait post\u00e9 une vid\u00e9o sur les r\u00e9seaux sociaux pour d\u00e9noncer fortement le r\u00e9gime et soutenir les contestations.&nbsp;Elle est en ce moment en prison. Comment va-t-elle et que risque-t-elle ?<\/strong><\/p>\n\n\n\n<p>On a des nouvelles.&nbsp;Effectivement,&nbsp;elle est en prison, mais ils ne l&rsquo;ont pas mise \u00e0 Evin,&nbsp;la prison o\u00f9 il y a tous les prisonniers politiques.&nbsp;Peut-\u00eatre parce qu&rsquo;il n&rsquo;y avait plus de place. Elle a \u00e9t\u00e9 plac\u00e9e dans une structure de r\u00e9\u00e9ducation, avec des criminels de droit commun, mais elle n&rsquo;a pas subi pour l&rsquo;instant de torture, ou d&rsquo;autres choses&#8230; Bien s\u00fbr, le r\u00e9gime \u00e9pargne un petit peu sa famille, mais avec le peuple, il est beaucoup plus violent.<\/p>\n\n\n\n<p><strong>Quel est le fondement de l&rsquo;opposition de votre m\u00e8re, de votre s\u0153ur, jadis de votre p\u00e8re, disons de votre famille \u00e0 R\u00e9publique islamique<\/strong>&nbsp;<strong>?&nbsp;Pensez-vous que la religion et la politique ne font pas bon m\u00e9nage ?<\/strong><\/p>\n\n\n\n<p>Effectivement. C&rsquo;est la raison principale.&nbsp;Mon p\u00e8re a dit tr\u00e8s rapidement et&nbsp;directement \u00e0 Khomeini [fondateur de la R\u00e9publique islamique, NDLR] que la religion ne doit pas gouverner. Les religieux ne doivent pas gouverner.&nbsp;C&rsquo;\u00e9tait la raison de sa protestation. Il a \u00e9t\u00e9 emprisonn\u00e9 deux&nbsp;trois ans, pour la premi\u00e8re fois au d\u00e9but de la r\u00e9volution, et pendant dix ans apr\u00e8s son retour de l&rsquo;Irak.<\/p>\n\n\n\n<p><strong>Depuis quelques jours, certaines personnalit\u00e9s proches du r\u00e9gime, comme&nbsp;l&rsquo;ancien pr\u00e9sident Mohammad Khatami, ont fait des d\u00e9clarations assez vagues en saluant par exemple le slogan \u00ab<\/strong>&nbsp;<strong>femme, vie, libert\u00e9<\/strong>&nbsp;<strong>\u00bb.&nbsp;S&rsquo;agit-il, \u00e0 votre avis, d&rsquo;un ralliement discret ou est-ce que cela rel\u00e8ve de l&rsquo;hypocrisie<\/strong>&nbsp;<strong>?<\/strong><\/p>\n\n\n\n<p>Non, je pense qu&rsquo;ils sont contre,&nbsp;au moins, une grande partie de ce qui se passe en R\u00e9publique islamique sous la coupe d&rsquo;Ali Khamenei. Mohammad Khatami n&rsquo;\u00e9tait pas sur la m\u00eame ligne qu&rsquo;Ali Khamenei. Par contre, les r\u00e9formistes en Iran ont particip\u00e9 \u00e0 ce r\u00e9gime, ils ont peur de demain&nbsp;et se pr\u00e9parent.<\/p>\n\n\n\n<p><strong>Newsletter<\/strong>Recevez toute l&rsquo;actualit\u00e9 internationale directement dans votre boite mail<a href=\"https:\/\/emailing.rfi.fr\/fr\/subscribe\" target=\"_blank\" rel=\"noreferrer noopener\">Je m&rsquo;abonne<\/a><\/p>\n\n\n\n<p>Apr\u00e8s ce r\u00e9gime, il y aura des tribunaux et on demandera aux r\u00e9formistes ce qu&rsquo;ils ont fait pendant qu&rsquo;ils \u00e9taient au pouvoir. \u00c7a, c&rsquo;est s\u00fbr&#8230; Ils se pr\u00e9parent pour l&rsquo;apr\u00e8s-r\u00e9gime islamique, mais une partie sont contre quand m\u00eame.<\/p>\n\n\n\n<p>Par ailleurs, il y a dans les r\u00e9formistes, et je ne pense pas forc\u00e9ment \u00e0 Khatami, mais dans le clerg\u00e9 chiite, des mollahs et des religieux qui sont \u00e9galement contre ce r\u00e9gime.&nbsp;Mais ils ne le disent pas.<\/p>\n\n\n\n<p><strong>Pourquoi ils ne le disent pas ?<\/strong><\/p>\n\n\n\n<p>Parce qu&rsquo;ils ont peur de \u00ab&nbsp;l&rsquo;apr\u00e8s&nbsp;\u00bb.&nbsp;Je sais et&nbsp;je l&rsquo;ai entendu&nbsp;: \u00ab&nbsp;<em>Si le r\u00e9gime disparait, nous, on disparait&nbsp;avec ce r\u00e9gime. Donc, on est oblig\u00e9 de le maintenir.<\/em>&nbsp;\u00bb&nbsp;Et malheureusement, comme on n&rsquo;a pas dans l&rsquo;opposition une bonne organisation, on ne peut pas garantir une certaine libert\u00e9 pour les religieux apr\u00e8s ce r\u00e9gime.<\/p>\n\n\n\n<p>Ils pensent qu&rsquo;apr\u00e8s le r\u00e9gime islamique en Iran, l&rsquo;islam, les mosqu\u00e9es et les religieux vont \u00eatre effac\u00e9s de la soci\u00e9t\u00e9. Bien s\u00fbr, l&rsquo;id\u00e9e n&rsquo;est pas \u00e7a, nous sommes la\u00efques, c&rsquo;est-\u00e0-dire que\u00a0nous respectons la religion, nous respectons les religieux. Nous disons juste qu&rsquo;ils ne doivent pas participer et\u00a0intervenir dans la vie civile et politique. Mais il\u00a0faudrait qu&rsquo;il y ait vraiment une garantie politique de la part de l&rsquo;opposition qui va prendre le pouvoir apr\u00e8s ce r\u00e9gime.<\/p>\n\n\n\n<p><\/p>\n\n\n\n<p>SOURCE RFI<\/p>\n","protected":false},"excerpt":{"rendered":"<p>Mercredi 7 d\u00e9cembre, Badri Hosseini Khameini, la s\u0153ur du guide supr\u00eame Ali Khamenei, a post\u00e9 une lettre ouverte sur les<\/p>\n","protected":false},"author":1,"featured_media":4588,"comment_status":"open","ping_status":"open","sticky":false,"template":"","format":"standard","meta":{"footnotes":""},"categories":[51],"tags":[],"class_list":["post-4587","post","type-post","status-publish","format-standard","has-post-thumbnail","hentry","category-general"],"_links":{"self":[{"href":"https:\/\/dekkbi.com\/index.php?rest_route=\/wp\/v2\/posts\/4587","targetHints":{"allow":["GET"]}}],"collection":[{"href":"https:\/\/dekkbi.com\/index.php?rest_route=\/wp\/v2\/posts"}],"about":[{"href":"https:\/\/dekkbi.com\/index.php?rest_route=\/wp\/v2\/types\/post"}],"author":[{"embeddable":true,"href":"https:\/\/dekkbi.com\/index.php?rest_route=\/wp\/v2\/users\/1"}],"replies":[{"embeddable":true,"href":"https:\/\/dekkbi.com\/index.php?rest_route=%2Fwp%2Fv2%2Fcomments&post=4587"}],"version-history":[{"count":1,"href":"https:\/\/dekkbi.com\/index.php?rest_route=\/wp\/v2\/posts\/4587\/revisions"}],"predecessor-version":[{"id":4589,"href":"https:\/\/dekkbi.com\/index.php?rest_route=\/wp\/v2\/posts\/4587\/revisions\/4589"}],"wp:featuredmedia":[{"embeddable":true,"href":"https:\/\/dekkbi.com\/index.php?rest_route=\/wp\/v2\/media\/4588"}],"wp:attachment":[{"href":"https:\/\/dekkbi.com\/index.php?rest_route=%2Fwp%2Fv2%2Fmedia&parent=4587"}],"wp:term":[{"taxonomy":"category","embeddable":true,"href":"https:\/\/dekkbi.com\/index.php?rest_route=%2Fwp%2Fv2%2Fcategories&post=4587"},{"taxonomy":"post_tag","embeddable":true,"href":"https:\/\/dekkbi.com\/index.php?rest_route=%2Fwp%2Fv2%2Ftags&post=4587"}],"curies":[{"name":"wp","href":"https:\/\/api.w.org\/{rel}","templated":true}]}}