{"id":45863,"date":"2024-11-07T11:53:44","date_gmt":"2024-11-07T11:53:44","guid":{"rendered":"https:\/\/dekkbi.com\/?p=45863"},"modified":"2024-11-07T11:53:44","modified_gmt":"2024-11-07T11:53:44","slug":"a-louga-mamadou-racine-sy-promet-doeuvrer-pour-une-revalorisation-des-pensions-de-retraite","status":"publish","type":"post","link":"https:\/\/dekkbi.com\/?p=45863","title":{"rendered":"A Louga, Mamadou Racine Sy promet d\u2019\u0153uvrer pour une revalorisation des pensions de retraite"},"content":{"rendered":"\n<p>Louga, (APS) \u2013\u00a0La t\u00eate de liste de la coalition \u201cAnd Ligguey S\u00e9n\u00e9gal ak Racine\u201d (ALSAR), Mamadou Racine Sy, a promis, mercredi, de d\u00e9fendre les int\u00e9r\u00eats des retrait\u00e9s en \u0153uvrant pour une augmentation des pensions de retraite, s\u2019il est \u00e9lu d\u00e9put\u00e9 \u00e0 l\u2019Assembl\u00e9e nationale.\u00a0\u00a0<\/p>\n\n\n\n<p>\u2018\u2019Dans le cadre de notre programme, nous nous battrons \u00e0 l\u2019Assembl\u00e9e nationale pour augmenter les pensions des retrait\u00e9s afin qu\u2019ils puissent vivre dans la dignit\u00e9 et l\u2019aisance, et qu\u2019ils ne prennent pas leur retraite avec un sentiment de pr\u00e9carit\u00e9 et de pauvret\u00e9\u2019\u2019, a-t-il d\u00e9clar\u00e9, lors d\u2019un meeting.&nbsp;<\/p>\n\n\n\n<p>M. Sy a d\u00e9taill\u00e9 \u00e0 cette occasion son programme dont un des points phares est la mise en place d\u2019un \u201csyst\u00e8me de pourcentage\u201d des pensions.<\/p>\n\n\n\n<p>Selon lui, \u2018\u2019ce dispositif permettrait aux futurs retrait\u00e9s de conna\u00eetre \u00e0 l\u2019avance le montant de leur pension, offrant ainsi une meilleure s\u00e9curit\u00e9 financi\u00e8re\u2019\u2019.<\/p>\n\n\n\n<p>Il a relev\u00e9 que les retrait\u00e9s soutiennent encore leurs familles, surtout dans un contexte o\u00f9 les jeunes peinent \u00e0 trouver un emploi.<\/p>\n\n\n\n<p>Mamadou Racine Sy dit qu\u2019il souhaite \u00e9galement \u2018\u2019promouvoir la formation professionnelle, notamment pour les jeunes, en les pr\u00e9parant aux besoins sp\u00e9cifiques du S\u00e9n\u00e9gal, devenu entre temps un pays producteur de gaz et de p\u00e9trole\u2019\u2019. \u2018\u2019Nos enfants doivent \u00eatre form\u00e9s aux m\u00e9tiers n\u00e9cessaires pour le d\u00e9veloppement du pays\u201d, a-t-il fait valoir.<\/p>\n\n\n\n<p>Le candidat de la coalition ALSAR a appel\u00e9 \u00e0 \u2018\u2019l\u2019unit\u00e9 et \u00e0 la coop\u00e9ration post-\u00e9lectorale pour le d\u00e9veloppement du pays\u2019\u2019, en exhortant \u2018\u2019les diff\u00e9rents acteurs politiques et la soci\u00e9t\u00e9 civile \u00e0 travailler ensemble, au-del\u00e0 des clivages partisans\u2019\u2019.<\/p>\n\n\n\n<p>DS\/AB\/AKS<\/p>\n","protected":false},"excerpt":{"rendered":"<p>Louga, (APS) \u2013\u00a0La t\u00eate de liste de la coalition \u201cAnd Ligguey S\u00e9n\u00e9gal ak Racine\u201d (ALSAR), Mamadou Racine Sy, a promis,<\/p>\n","protected":false},"author":1,"featured_media":45864,"comment_status":"open","ping_status":"open","sticky":false,"template":"","format":"standard","meta":{"footnotes":""},"categories":[21],"tags":[],"class_list":["post-45863","post","type-post","status-publish","format-standard","has-post-thumbnail","hentry","category-societe"],"_links":{"self":[{"href":"https:\/\/dekkbi.com\/index.php?rest_route=\/wp\/v2\/posts\/45863","targetHints":{"allow":["GET"]}}],"collection":[{"href":"https:\/\/dekkbi.com\/index.php?rest_route=\/wp\/v2\/posts"}],"about":[{"href":"https:\/\/dekkbi.com\/index.php?rest_route=\/wp\/v2\/types\/post"}],"author":[{"embeddable":true,"href":"https:\/\/dekkbi.com\/index.php?rest_route=\/wp\/v2\/users\/1"}],"replies":[{"embeddable":true,"href":"https:\/\/dekkbi.com\/index.php?rest_route=%2Fwp%2Fv2%2Fcomments&post=45863"}],"version-history":[{"count":1,"href":"https:\/\/dekkbi.com\/index.php?rest_route=\/wp\/v2\/posts\/45863\/revisions"}],"predecessor-version":[{"id":45865,"href":"https:\/\/dekkbi.com\/index.php?rest_route=\/wp\/v2\/posts\/45863\/revisions\/45865"}],"wp:featuredmedia":[{"embeddable":true,"href":"https:\/\/dekkbi.com\/index.php?rest_route=\/wp\/v2\/media\/45864"}],"wp:attachment":[{"href":"https:\/\/dekkbi.com\/index.php?rest_route=%2Fwp%2Fv2%2Fmedia&parent=45863"}],"wp:term":[{"taxonomy":"category","embeddable":true,"href":"https:\/\/dekkbi.com\/index.php?rest_route=%2Fwp%2Fv2%2Fcategories&post=45863"},{"taxonomy":"post_tag","embeddable":true,"href":"https:\/\/dekkbi.com\/index.php?rest_route=%2Fwp%2Fv2%2Ftags&post=45863"}],"curies":[{"name":"wp","href":"https:\/\/api.w.org\/{rel}","templated":true}]}}