{"id":45848,"date":"2024-11-07T11:12:17","date_gmt":"2024-11-07T11:12:17","guid":{"rendered":"https:\/\/dekkbi.com\/?p=45848"},"modified":"2024-11-07T12:09:07","modified_gmt":"2024-11-07T12:09:07","slug":"renforcement-de-la-cooperation-senegalo-marocaine-la-cciad-et-la-ccis-de-souss-massa-signent-leur-1er-accord-de-partenariat","status":"publish","type":"post","link":"https:\/\/dekkbi.com\/?p=45848","title":{"rendered":"Renforcement de la coop\u00e9ration s\u00e9n\u00e9galo-marocaine"},"content":{"rendered":"\n<p><strong>La Cciad et la Ccis de Souss-Massa signent leur 1er accord de partenariat .<\/strong> Apr\u00e8s une premi\u00e8re mission \u00e9conomique au S\u00e9n\u00e9gal en 2022, une d\u00e9l\u00e9gation de la Chambre de commerce, d\u2019industrie et des services (Ccis) de la r\u00e9gion de Souss-Massa, au Maroc, est de retour \u00e0 Dakar pour officialiser leur collaboration avec la Chambre de commerce, d\u2019industrie et d\u2019agriculture de Dakar (Cciad). A la t\u00eate d\u2019une d\u00e9l\u00e9gation de plus de 30 chefs d\u2019entreprise, le pr\u00e9sident de cette chambre consulaire r\u00e9gionale, Said Dor, a sign\u00e9 une convention de partenariat avec le pr\u00e9sident de la Cciad, Abdoulaye Sow. \u00abForts du succ\u00e8s de notre pr\u00e9c\u00e9dente mission en d\u00e9cembre 2022, qui a mis en lumi\u00e8re le potentiel consid\u00e9rable de collaboration entre nos deux r\u00e9gions, nous voici de retour, anim\u00e9s par la volont\u00e9 de tisser des liens durables et d\u2019explorer de nouveaux horizons\u00bb, a d\u00e9clar\u00e9 le pr\u00e9sident de la Ccis de Souss-Massa. Pour lui, cette deuxi\u00e8me mission \u00abne repr\u00e9sente pas seulement une opportunit\u00e9 pour les entrepreneurs et les investisseurs de d\u00e9couvrir de nouveaux horizons, mais aussi une chance de b\u00e2tir des partenariats durables et de promouvoir le co-d\u00e9veloppement de nos \u00e9conomies respectives\u00bb. En rassemblant des acteurs \u00e9conomiques des deux r\u00e9gions, consid\u00e8re-t-il, \u00abnous \u0153uvrons pour le renforcement de la coop\u00e9ration sud-sud, avec l\u2019ambition de r\u00e9pondre aux d\u00e9fis globaux qui nous concernent tous : la cr\u00e9ation d\u2019emplois, l\u2019innovation et la transition vers une \u00e9conomie durable et inclusive\u00bb.<\/p>\n\n\n\n<p>Du c\u00f4t\u00e9 de la Cciad, les responsables s\u2019engagent \u00e0 ne m\u00e9nager aucun effort pour la r\u00e9ussite de cette collaboration. Car, soutient Abdoulaye Sow, le renforcement des liens \u00e9conomiques entre les deux les pays, mais \u00e9galement entre les deux r\u00e9gions, est crucial. Le pr\u00e9sident de la Cciad leur rappelle ainsi que l\u2019environnement des affaires est aussi en constante am\u00e9lioration et fait du S\u00e9n\u00e9gal une \u00abdestination s\u00fbre pour les investissements\u00bb. Par ailleurs, souligne M. Sow, \u00abl\u2019Etat du S\u00e9n\u00e9gal, \u00e0 travers le minist\u00e8re de l\u2019Industrie et du commerce, a lanc\u00e9 r\u00e9cemment les Etat g\u00e9n\u00e9raux de l\u2019industrie sur toute l\u2019\u00e9tendue du territoire national. L\u2019objectif est de peaufiner les strat\u00e9gies pour la promotion d\u2019un environnement des affaires attractif en vue de favoriser les investissements directs \u00e9trangers et un meilleur positionnement international des produits et services \u00abMade in S\u00e9n\u00e9gal\u00bb, mais \u00e9galement d\u2019acc\u00e9l\u00e9rer le d\u00e9veloppement industriel et commercial pour assurer la souverainet\u00e9 nationale et la comp\u00e9titivit\u00e9 des produits et services s\u00e9n\u00e9galais sur le march\u00e9 international\u00bb.<\/p>\n\n\n\n<p>La strat\u00e9gie, selon lui, \u00ababoutira, \u00e0 terme, \u00e0 la mise en place d\u2019une nouvelle politique industrielle et d\u2019une strat\u00e9gie commerciale pour le S\u00e9n\u00e9gal \u00e0 l\u2019horizon 2050. Cette politique industrielle et commerciale ambitieuse refl\u00e8te la volont\u00e9 du S\u00e9n\u00e9gal de construire une \u00e9conomie durable, r\u00e9siliente et diversifi\u00e9e, capable de soutenir une croissance \u00e9conomique endog\u00e8ne, de cr\u00e9er des emplois de qualit\u00e9 et d\u2019am\u00e9liorer le niveau de vie des citoyens\u00bb. Aussi invite-t-il toutes les entreprises locales \u00e0 faire leurs les conclusions de ces Etats g\u00e9n\u00e9raux et, aux investisseurs marocaines de s\u2019inscrire dans cette dynamique de croissance de l\u2019industrie s\u00e9n\u00e9galaise en venant travailler dans le cadre d\u2019un partenariat gagnant-gagnant avec leurs homologues s\u00e9n\u00e9galais.<\/p>\n\n\n\n<p><strong>Par Dialigu\u00e9 FAYE \u2013 dialigue@lequotidien.sn<\/strong><\/p>\n","protected":false},"excerpt":{"rendered":"<p>La Cciad et la Ccis de Souss-Massa signent leur 1er accord de partenariat . Apr\u00e8s une premi\u00e8re mission \u00e9conomique au<\/p>\n","protected":false},"author":1,"featured_media":45849,"comment_status":"open","ping_status":"open","sticky":false,"template":"","format":"standard","meta":{"footnotes":""},"categories":[3],"tags":[],"class_list":["post-45848","post","type-post","status-publish","format-standard","has-post-thumbnail","hentry","category-event-more-news"],"_links":{"self":[{"href":"https:\/\/dekkbi.com\/index.php?rest_route=\/wp\/v2\/posts\/45848","targetHints":{"allow":["GET"]}}],"collection":[{"href":"https:\/\/dekkbi.com\/index.php?rest_route=\/wp\/v2\/posts"}],"about":[{"href":"https:\/\/dekkbi.com\/index.php?rest_route=\/wp\/v2\/types\/post"}],"author":[{"embeddable":true,"href":"https:\/\/dekkbi.com\/index.php?rest_route=\/wp\/v2\/users\/1"}],"replies":[{"embeddable":true,"href":"https:\/\/dekkbi.com\/index.php?rest_route=%2Fwp%2Fv2%2Fcomments&post=45848"}],"version-history":[{"count":2,"href":"https:\/\/dekkbi.com\/index.php?rest_route=\/wp\/v2\/posts\/45848\/revisions"}],"predecessor-version":[{"id":45877,"href":"https:\/\/dekkbi.com\/index.php?rest_route=\/wp\/v2\/posts\/45848\/revisions\/45877"}],"wp:featuredmedia":[{"embeddable":true,"href":"https:\/\/dekkbi.com\/index.php?rest_route=\/wp\/v2\/media\/45849"}],"wp:attachment":[{"href":"https:\/\/dekkbi.com\/index.php?rest_route=%2Fwp%2Fv2%2Fmedia&parent=45848"}],"wp:term":[{"taxonomy":"category","embeddable":true,"href":"https:\/\/dekkbi.com\/index.php?rest_route=%2Fwp%2Fv2%2Fcategories&post=45848"},{"taxonomy":"post_tag","embeddable":true,"href":"https:\/\/dekkbi.com\/index.php?rest_route=%2Fwp%2Fv2%2Ftags&post=45848"}],"curies":[{"name":"wp","href":"https:\/\/api.w.org\/{rel}","templated":true}]}}