{"id":45842,"date":"2024-11-07T11:08:59","date_gmt":"2024-11-07T11:08:59","guid":{"rendered":"https:\/\/dekkbi.com\/?p=45842"},"modified":"2024-11-07T11:09:00","modified_gmt":"2024-11-07T11:09:00","slug":"a-sedhiou-la-coalition-takku-wallu-senegal-non-partante","status":"publish","type":"post","link":"https:\/\/dekkbi.com\/?p=45842","title":{"rendered":"A S\u00e9dhiou, la coalition \u201cTakku Wallu S\u00e9n\u00e9gal\u201d non partante"},"content":{"rendered":"\n<p>S\u00e9dhiou, (APS) \u2013 La coalition \u201cTakku Wallu S\u00e9n\u00e9gal\u201d, a fait le choix de ne pas investir de candidat dans le d\u00e9partement de S\u00e9dhiou (sud) pour les \u00e9lections l\u00e9gislatives du 17 novembre prochain, une mani\u00e8re de donner de meilleures chances aux alliances qu\u2019elle a nou\u00e9es dans cette circonscription, a confirm\u00e9 le coordonnateur de son comit\u00e9 communal, El Hadji Oumar Kant\u00e9.<\/p>\n\n\n\n<p>\u201dCette situation est due \u00e0 une d\u00e9cision de l\u2019inter-coalition qui a conduit \u00e0 l\u2019absence de repr\u00e9sentants de Takku Wallu S\u00e9n\u00e9gal parmi les investis du d\u00e9partement de S\u00e9dhiou\u201d, a-t-il d\u00e9clar\u00e9 dans un entretien avec l\u2019APS.<\/p>\n\n\n\n<p>Takku Wallu S\u00e9n\u00e9gal, qui regroupe des partis tels que l\u2019Alliance pour la R\u00e9publique (APR), Rewmi et le Parti d\u00e9mocratique s\u00e9n\u00e9galais (PDS), n\u2019a donc pas investi de candidat dans le d\u00e9partement de S\u00e9dhiou.<\/p>\n\n\n\n<p>C\u2019est finalement la coalition \u201cSamm Sa Kaddu\u201d qui a obtenu les investitures pour ce d\u00e9partement, a indiqu\u00e9 le coordonnateur du comit\u00e9 communal de la coalition \u201cTakku Wallu S\u00e9n\u00e9gal\u201d.<\/p>\n\n\n\n<p>El Hadji Oumar Kant\u00e9 et les membres de sa coalition ont, sur cette base, d\u00e9cid\u00e9 de soutenir la liste nationale de Takku Wallu S\u00e9n\u00e9gal, conduite par le pr\u00e9sident sortant Macky Sall.<\/p>\n\n\n\n<p>Selon lui, cette d\u00e9cision vise \u00e0 \u201cmaximiser l\u2019impact\u201d des voix de ses membres et \u00e0 assurer \u201cune repr\u00e9sentation efficace de leurs int\u00e9r\u00eats au niveau national\u201d.<\/p>\n\n\n\n<p>El Hadj Omar Kant\u00e9 a soulign\u00e9 l\u2019importance de la coh\u00e9sion au sein de cette inter-coalition de l\u2019opposition pour \u201cgarantir une repr\u00e9sentation \u00e9quilibr\u00e9e\u201d des forces politiques \u00e0 l\u2019Assembl\u00e9e nationale et renforcer la d\u00e9mocratie locale et nationale.<\/p>\n\n\n\n<p>OB\/ASB\/BK\/SMD<\/p>\n","protected":false},"excerpt":{"rendered":"<p>S\u00e9dhiou, (APS) \u2013 La coalition \u201cTakku Wallu S\u00e9n\u00e9gal\u201d, a fait le choix de ne pas investir de candidat dans le<\/p>\n","protected":false},"author":1,"featured_media":45843,"comment_status":"open","ping_status":"open","sticky":false,"template":"","format":"standard","meta":{"footnotes":""},"categories":[21],"tags":[],"class_list":["post-45842","post","type-post","status-publish","format-standard","has-post-thumbnail","hentry","category-societe"],"_links":{"self":[{"href":"https:\/\/dekkbi.com\/index.php?rest_route=\/wp\/v2\/posts\/45842","targetHints":{"allow":["GET"]}}],"collection":[{"href":"https:\/\/dekkbi.com\/index.php?rest_route=\/wp\/v2\/posts"}],"about":[{"href":"https:\/\/dekkbi.com\/index.php?rest_route=\/wp\/v2\/types\/post"}],"author":[{"embeddable":true,"href":"https:\/\/dekkbi.com\/index.php?rest_route=\/wp\/v2\/users\/1"}],"replies":[{"embeddable":true,"href":"https:\/\/dekkbi.com\/index.php?rest_route=%2Fwp%2Fv2%2Fcomments&post=45842"}],"version-history":[{"count":1,"href":"https:\/\/dekkbi.com\/index.php?rest_route=\/wp\/v2\/posts\/45842\/revisions"}],"predecessor-version":[{"id":45844,"href":"https:\/\/dekkbi.com\/index.php?rest_route=\/wp\/v2\/posts\/45842\/revisions\/45844"}],"wp:featuredmedia":[{"embeddable":true,"href":"https:\/\/dekkbi.com\/index.php?rest_route=\/wp\/v2\/media\/45843"}],"wp:attachment":[{"href":"https:\/\/dekkbi.com\/index.php?rest_route=%2Fwp%2Fv2%2Fmedia&parent=45842"}],"wp:term":[{"taxonomy":"category","embeddable":true,"href":"https:\/\/dekkbi.com\/index.php?rest_route=%2Fwp%2Fv2%2Fcategories&post=45842"},{"taxonomy":"post_tag","embeddable":true,"href":"https:\/\/dekkbi.com\/index.php?rest_route=%2Fwp%2Fv2%2Ftags&post=45842"}],"curies":[{"name":"wp","href":"https:\/\/api.w.org\/{rel}","templated":true}]}}