{"id":45839,"date":"2024-11-07T11:06:14","date_gmt":"2024-11-07T11:06:14","guid":{"rendered":"https:\/\/dekkbi.com\/?p=45839"},"modified":"2024-11-07T11:06:15","modified_gmt":"2024-11-07T11:06:15","slug":"ouverture-de-la-biennale-un-mois-de-in-et-off-a-dakar","status":"publish","type":"post","link":"https:\/\/dekkbi.com\/?p=45839","title":{"rendered":"Ouverture de la Biennale : Un mois de In et Off \u00e0 Dakar"},"content":{"rendered":"\n<p><strong>Initialement pr\u00e9vue du 16 mai au 16 juin, la Biennale de Dakar, Dak\u2019art, a \u00e9t\u00e9 report\u00e9e \u00e0 la p\u00e9riode du 7 novembre au 7 d\u00e9cembre 2024. Rendez-vous est donc pris aujourd\u2019hui au Grand Th\u00e9\u00e2tre pour une c\u00e9r\u00e9monie officielle d\u2019ouverture pr\u00e9sid\u00e9e par le chef de l\u2019Etat, Bassirou Diomaye Diakhar Faye. Cette 15\u1d49 \u00e9dition de la Biennale, plac\u00e9e sous le commissariat de Salimata Diop, a pour th\u00e8me g\u00e9n\u00e9ral : \u00abThe Wake, l\u2019Eveil, X\u00e0ll wi\u00bb, et aura comme invit\u00e9s d\u2019honneur les Etats-Unis d\u2019Am\u00e9rique et la R\u00e9publique du Cap-Vert.<\/strong><\/p>\n\n\n\n<p><strong>Par Ousmane SOW \u2013&nbsp;<\/strong>Pour les amateurs d\u2019art africain contemporain (Dak\u2019art) qui comptaient les jours en mai dernier, le voil\u00e0, enfin, ce rendez-vous tant attendu&nbsp;! Repouss\u00e9e de 6 mois, la 15\u1d49 \u00e9dition de la Biennale de Dakar ouvre ses portes ce jeudi 7 novembre, et ce jusqu\u2019au 7 d\u00e9cembre 2024. Plac\u00e9 sous le th\u00e8me&nbsp;: \u00abThe Wake, l\u2019Eveil, X\u00e0ll wi\u00bb, l\u2019\u00e9v\u00e9nement va mobiliser pr\u00e8s de 3000 artistes vivant sur et hors du continent africain. La c\u00e9r\u00e9monie d\u2019ouverture se tiendra ce matin \u00e0 10 heures, au Grand Th\u00e9\u00e2tre Doudou Ndiaye Coumba Rose, sous la pr\u00e9sidence du chef de l\u2019Etat, Bassirou Diomaye Diakhar Faye. Plac\u00e9e sous le commissariat de Salimata Diop, curatrice franco-s\u00e9n\u00e9galaise, cette 15\u1d49 \u00e9dition de la Biennale de Dakar s\u2019annonce prometteuse. Evidemment, un d\u00e9fi de taille dans un contexte o\u00f9 la biennale doit, plus que jamais, briller pour faire oublier ses reports. C\u2019est donc \u00e0 une biennale de r\u00e9silience et d\u2019\u00e9veil qu\u2019on va assister, comme nous le rappelle \u00e9loquemment le choix de la th\u00e9matique, qui jongle entre l\u2019anglais, le fran\u00e7ais et le wolof. \u00abThe Wake, l\u2019Eveil, X\u00e0ll wi\u00bb, une th\u00e9matique qui invite les artistes et le public \u00e0 r\u00e9fl\u00e9chir aux bouleversements et \u00e0 l\u2019\u00e9volution des soci\u00e9t\u00e9s africaines. Pour ce faire, le programme du Dak\u2019art pr\u00e9voit diverses manifestations r\u00e9unissant des artistes africains, de la diaspora et des professionnels de l\u2019art contemporain de tous les continents. Ainsi, des expositions sont organis\u00e9es dans toute la capitale, notamment dans des galeries, des centres culturels, des restaurants et des h\u00f4tels.<\/p>\n\n\n\n<p>Ministre de la Culture, Khady Di\u00e8ne Gaye s\u2019est \u00e9galement rendue \u00e0 l\u2019ancien Palais de justice du Cap Manuel de Dakar, o\u00f9 se d\u00e9rouleront plusieurs expositions officielles, notamment le volet \u00abIN\u00bb avec ses 58 artistes s\u00e9lectionn\u00e9s. De m\u00eame, la section design, qui n\u2019a plus \u00e9t\u00e9 en lice depuis plusieurs ann\u00e9es, marque son retour avec le commissaire Ousmane Mbaye et l\u2019hommage \u00e0 la plasticienne sous-verre Anta Ger\u00admaine Gaye et au d\u00e9funt Ndoye Douts.<\/p>\n\n\n\n<p><strong>\u00abLa Biennale de Dakar est une affaire de l\u2019Etat du S\u00e9n\u00e9gal et le restera\u00bb<\/strong><\/p>\n\n\n\n<p>Avec un budget d\u20191 milliard 800 millions de Cfa mobilis\u00e9 par l\u2019Etat, la Biennale de Dakar, l\u2019un des plus grands \u00e9v\u00e9nements du monde de l\u2019art moderne africain, est \u00abune affaire de l\u2019Etat du S\u00e9n\u00e9gal et elle le restera, car c\u2019est lui qui devra d\u00e9cider s\u2019il faut la tenir ou pas. C\u2019est aussi lui qui a la possibilit\u00e9 d\u2019en d\u00e9finir les modalit\u00e9s et le contenu\u00bb, a dit Khady Di\u00e8ne Gaye, une adresse probablement \u00e0 ceux qui soul\u00e8vent la question du statut de la biennale. Mais ce n\u2019est pas tout, le secteur priv\u00e9, ajoute-t-elle, a contribu\u00e9 autour de 291 millions de F Cfa. \u00abL\u2019Etat du S\u00e9n\u00e9gal a d\u00e9j\u00e0 mobilis\u00e9 1 milliard 800 millions de F Cfa. Et le secteur priv\u00e9, actuellement, sur la base du rapport qui m\u2019a \u00e9t\u00e9 communiqu\u00e9 hier soir (lundi soir), a contribu\u00e9 autour de 291 millions de F Cfa\u00bb, a-t-elle dit. La ministre de la Culture signale \u00e9galement que certains de ses homologues, comme les ministres en charge de la Culture de la Guin\u00e9e-Bissau et du Mali, sont aussi attendus au Dak\u2019art 2024. Pour cette \u00e9dition, souligne Khady Di\u00e8ne Gaye, une orientation a \u00e9t\u00e9 donn\u00e9e de pouvoir \u00abd\u00e9mocratiser\u00bb la biennale et faire en sorte que l\u2019\u00e9v\u00e9nement ne soit plus per\u00e7u comme une affaire r\u00e9serv\u00e9e \u00e0 une certaine \u00e9lite, une affaire de luxe. Ainsi, un coin des tout-petits a \u00e9t\u00e9 am\u00e9nag\u00e9 \u00e0 l\u2019ancien Palais de justice du Cap Manuel afin d\u2019impr\u00e9gner tr\u00e8s t\u00f4t les enfants aux \u0153uvres d\u2019art et \u00e0 la cr\u00e9ation artistique. Cette orientation, dit-elle, n\u00e9cessitera un certain accompagnement. C\u2019est ce qui explique, sans doute, la mise \u00e0 disposition de ressources financi\u00e8res cons\u00e9quentes.<\/p>\n\n\n\n<p><strong>La secr\u00e9taire d\u2019Etat adjointe Molly Phee \u00e0 Dakar<\/strong><\/p>\n\n\n\n<p>La secr\u00e9taire d\u2019Etat adjointe am\u00e9ricaine aux Affaires africaines, Molly Phee, va repr\u00e9senter les Etats-Unis \u00e0 la 15\u00e8me \u00e9dition de la Biennale de l\u2019art africain contemporain de Dakar (Dak\u2019art), pr\u00e9vue du 7 novembre au 7 d\u00e9cembre 2024. \u00abLa secr\u00e9taire d\u2019Etat adjointe Molly Phee sera accompagn\u00e9e du directeur du Mus\u00e9e national de l\u2019histoire et de la culture afro-am\u00e9ricaines du Smithsonian, Kevin Young, qui est \u00e9galement membre du Conseil consultatif du Pr\u00e9sident sur l\u2019engagement de la diaspora africaine\u00bb, informe un communiqu\u00e9 de presse de l\u2019ambassade des Etats-Unis au S\u00e9n\u00e9gal. Les Etats-Unis, pays invit\u00e9 d\u2019honneur, pr\u00e9senteront un pavillon national pr\u00e9sentant des \u0153uvres de 7 artistes am\u00e9ricains sur le th\u00e8me&nbsp;: \u00abThe Work of the Wake\u00bb, a indiqu\u00e9 la m\u00eame source. \u00abCes \u0153uvres explorent les liens culturels profonds entre les Etats-Unis et l\u2019Afrique, et pr\u00e9sentent des expressions diverses et puissantes de l\u2019identit\u00e9, de la r\u00e9silience et de l\u2019h\u00e9ritage culturel\u00bb, ajoute le communiqu\u00e9, tout en pr\u00e9cisant que la secr\u00e9taire adjointe Molly Phee et le directeur Young souligneront l\u2019importance des \u00e9changes culturels et du partenariat de longue date entre les peuples des Etats-Unis et du S\u00e9n\u00e9gal.<\/p>\n\n\n\n<p>SOURCE LEQUOTIDIEN<\/p>\n","protected":false},"excerpt":{"rendered":"<p>Initialement pr\u00e9vue du 16 mai au 16 juin, la Biennale de Dakar, Dak\u2019art, a \u00e9t\u00e9 report\u00e9e \u00e0 la p\u00e9riode du<\/p>\n","protected":false},"author":1,"featured_media":45840,"comment_status":"open","ping_status":"open","sticky":false,"template":"","format":"standard","meta":{"footnotes":""},"categories":[3],"tags":[],"class_list":["post-45839","post","type-post","status-publish","format-standard","has-post-thumbnail","hentry","category-event-more-news"],"_links":{"self":[{"href":"https:\/\/dekkbi.com\/index.php?rest_route=\/wp\/v2\/posts\/45839","targetHints":{"allow":["GET"]}}],"collection":[{"href":"https:\/\/dekkbi.com\/index.php?rest_route=\/wp\/v2\/posts"}],"about":[{"href":"https:\/\/dekkbi.com\/index.php?rest_route=\/wp\/v2\/types\/post"}],"author":[{"embeddable":true,"href":"https:\/\/dekkbi.com\/index.php?rest_route=\/wp\/v2\/users\/1"}],"replies":[{"embeddable":true,"href":"https:\/\/dekkbi.com\/index.php?rest_route=%2Fwp%2Fv2%2Fcomments&post=45839"}],"version-history":[{"count":1,"href":"https:\/\/dekkbi.com\/index.php?rest_route=\/wp\/v2\/posts\/45839\/revisions"}],"predecessor-version":[{"id":45841,"href":"https:\/\/dekkbi.com\/index.php?rest_route=\/wp\/v2\/posts\/45839\/revisions\/45841"}],"wp:featuredmedia":[{"embeddable":true,"href":"https:\/\/dekkbi.com\/index.php?rest_route=\/wp\/v2\/media\/45840"}],"wp:attachment":[{"href":"https:\/\/dekkbi.com\/index.php?rest_route=%2Fwp%2Fv2%2Fmedia&parent=45839"}],"wp:term":[{"taxonomy":"category","embeddable":true,"href":"https:\/\/dekkbi.com\/index.php?rest_route=%2Fwp%2Fv2%2Fcategories&post=45839"},{"taxonomy":"post_tag","embeddable":true,"href":"https:\/\/dekkbi.com\/index.php?rest_route=%2Fwp%2Fv2%2Ftags&post=45839"}],"curies":[{"name":"wp","href":"https:\/\/api.w.org\/{rel}","templated":true}]}}