{"id":45834,"date":"2024-11-07T11:00:22","date_gmt":"2024-11-07T11:00:22","guid":{"rendered":"https:\/\/dekkbi.com\/?p=45834"},"modified":"2024-11-07T11:00:23","modified_gmt":"2024-11-07T11:00:23","slug":"le-communique-du-conseil-des-ministres-du-6-novembre-2024","status":"publish","type":"post","link":"https:\/\/dekkbi.com\/?p=45834","title":{"rendered":"\u00a0Le communiqu\u00e9 du Conseil des Ministres du 6 novembre 2024"},"content":{"rendered":"\n<p>Le Chef de l\u2019Etat, Son Excellence, Monsieur Bassirou Diomaye Diakhar FAYE a pr\u00e9sid\u00e9, ce mercredi 06 novembre 2024, la r\u00e9union hebdomadaire du Conseil des Ministres, au Palais de la R\u00e9publique.<\/p>\n\n\n\n<p>Le Pr\u00e9sident de la R\u00e9publique s\u2019est inclin\u00e9, \u00e0 l\u2019entame du Conseil des Ministres, devant la m\u00e9moire de Monsieur Mamadou Moustapha BA, ancien Ministre de l\u2019Economie, des Finances et du Plan, rappel\u00e9 \u00e0 Dieu le lundi 04 octobre 2024. Il a pr\u00e9sent\u00e9 les condol\u00e9ances de la Nation \u00e0 sa famille et au personnel du Minist\u00e8re.<\/p>\n\n\n\n<p>Le Chef de l\u2019Etat a ensuite r\u00e9it\u00e9r\u00e9 son appel aux acteurs politiques et aux populations pour le d\u00e9roulement dans le calme, la s\u00e9r\u00e9nit\u00e9 et le respect des r\u00e8gles d\u00e9mocratiques de la campagne pour les \u00e9lections l\u00e9gislatives anticip\u00e9es du 17 novembre 2024. Il a demand\u00e9 au Ministre de l\u2019Int\u00e9rieur et de la S\u00e9curit\u00e9 publique et au Garde des Sceaux, Ministre de la Justice de prendre, conform\u00e9ment aux lois et r\u00e8glements, toutes les mesures et dispositions qui s\u2019imposent pour une campagne \u00e9lectorale apais\u00e9e sur l\u2019\u00e9tendue du territoire national.<\/p>\n\n\n\n<p>Le Pr\u00e9sident de la R\u00e9publique a \u00e9voqu\u00e9 la question de la formalisation du secteur informel. Il a, dans ce sens, demand\u00e9 au Gouvernement de d\u00e9finir avec toutes les parties prenantes, une doctrine nationale de formalisation du secteur informel autour d\u2019une meilleure structuration des activit\u00e9s et des acteurs, mais \u00e9galement d\u2019une r\u00e9organisation optimale de l\u2019encadrement des diff\u00e9rentes entit\u00e9s de l\u2019Etat dans les domaines de la formation, du financement, de la fiscalit\u00e9 et de l\u2019installation dans des zones sp\u00e9ciales, sites et espaces d\u00e9di\u00e9s. Dans cet \u00e9lan, il a indiqu\u00e9 au Premier Ministre l\u2019importance de la tenue de concertations avec les Chambres consulaires du S\u00e9n\u00e9gal pour acc\u00e9l\u00e9rer la transformation syst\u00e9mique de l\u2019\u00e9conomie informelle.<\/p>\n\n\n\n<p>Le Chef de l\u2019Etat a, par ailleurs, rappel\u00e9 son attachement particulier \u00e0 la modernisation de l\u2019Artisanat national, secteur strat\u00e9gique dans la transformation de l\u2019\u00e9conomie informelle et l\u2019am\u00e9lioration globale de la productivit\u00e9 nationale. Il a soulign\u00e9 l\u2019urgence pour les structures publiques d\u2019encadrement et de financement (DER\/FJ, 3FPT) d\u2019accentuer leurs efforts aux c\u00f4t\u00e9s des interventions de l\u2019Agence de Promotion et de D\u00e9veloppement de l\u2019Artisanat (APDA) et des Chambres des m\u00e9tiers pour soutenir davantage les unit\u00e9s de production des artisans du S\u00e9n\u00e9gal qui doivent \u00e9voluer rapidement en v\u00e9ritables PME ou PMI. Il a, d\u2019ores et d\u00e9j\u00e0, demand\u00e9 au Premier Ministre de saisir l\u2019opportunit\u00e9 de la cr\u00e9ation prochaine de l\u2019entit\u00e9 de mutualisation et de centralisation des achats publics, pour accentuer la responsabilisation des artisans locaux dans l\u2019ex\u00e9cution de la commande publique. D\u00e8s lors, il convient, pour toutes les fili\u00e8res de promouvoir le \u00ab made in S\u00e9n\u00e9gal \u00bb et la consommation des produits locaux \u00e0 travers les espaces commerciaux, sites d\u2019expositions et foires<em>.<\/em><\/p>\n\n\n\n<p>Le Pr\u00e9sident de la R\u00e9publique s\u2019est f\u00e9licit\u00e9 de l\u2019organisation r\u00e9guli\u00e8re du mois du&nbsp;\u00ab Consommer local \u00bb. Il a signal\u00e9 l\u2019imp\u00e9ratif de la modernisation et de la r\u00e9orientation de la Foire internationale de Dakar vers la promotion et la valorisation de la production nationale.<\/p>\n\n\n\n<p>Evoquant le r\u00f4le fondamental de la culture dans l\u2019agenda national de transformation, le Chef de l\u2019Etat a rappel\u00e9 au Gouvernement la place primordiale de la culture dans la \u00ab Vision S\u00e9n\u00e9gal 2050 \u00bb. Il a adress\u00e9 ses f\u00e9licitations et encouragements aux acteurs culturels pour leur r\u00f4le majeur dans le rayonnement du S\u00e9n\u00e9gal, la pr\u00e9servation de la stabilit\u00e9 sociale et du vivre ensemble dans le respect de nos valeurs et traditions. Il a exhort\u00e9 le Ministre de la Jeunesse, des Sports et de la Culture et le Secr\u00e9taire d\u2019Etat \u00e0 la Culture, aux Industries cr\u00e9atives et au Patrimoine historique \u00e0 veiller \u00e0 la d\u00e9centralisation soutenue des actions, aupr\u00e8s des populations, dans l\u2019\u00e9laboration inclusive et l\u2019ex\u00e9cution consensuelle de l\u2019agenda culturel du S\u00e9n\u00e9gal. Il a \u00e9galement demand\u00e9 au Gouvernement de lui proposer un programme national de r\u00e9alisation d\u2019infrastructures culturelles int\u00e9grant les P\u00f4les et prenant en compte les sp\u00e9cificit\u00e9s et potentialit\u00e9s de nos terroirs.<\/p>\n\n\n\n<p>Le Pr\u00e9sident de la R\u00e9publique a invit\u00e9 le Ministre de la Culture \u00e0 davantage travailler \u00e0 la vulgarisation de notre patrimoine culturel et historique et de veiller \u00e0 la pr\u00e9servation du patrimoine historique class\u00e9 notamment Gor\u00e9e, \u00eele-m\u00e9moire, qui doit b\u00e9n\u00e9ficier d\u2019une attention sp\u00e9ciale. Pour clore ce chapitre, il a inform\u00e9 le Conseil qu\u2019il pr\u00e9sidera, le jeudi 07 novembre 2024 au Grand Th\u00e9\u00e2tre national Doudou Ndiaye Coumba Rose, la c\u00e9r\u00e9monie d\u2019ouverture de la 15<sup>\u00e8me<\/sup>&nbsp;\u00e9dition de la Biennale de l\u2019Art africain contemporain.<\/p>\n\n\n\n<p>Parlant du tourisme qui demeure un secteur moteur de croissance et de cr\u00e9ation d\u2019emplois, le Chef de l\u2019Etat a demand\u00e9 au Ministre du Tourisme et de l\u2019Artisanat de redynamiser l\u2019ensemble des organismes de promotion de la \u00ab destination S\u00e9n\u00e9gal \u00bb en parfaite synergie avec les acteurs locaux, les op\u00e9rateurs de circuits touristiques et autres professionnels du secteur. Il a indiqu\u00e9 l\u2019imp\u00e9ratif d\u2019une maitrise strat\u00e9gique des am\u00e9nagements et des constructions d\u2019\u00e9tablissements h\u00f4teliers et touristiques sur le littoral national et les sites plac\u00e9s sous la gestion de la Soci\u00e9t\u00e9 d\u2019Am\u00e9nagement et de Promotion des C\u00f4tes et zones touristiques du S\u00e9n\u00e9gal (SAPCO). Dans le m\u00eame sillage, il a soulign\u00e9 l\u2019urgence d\u2019am\u00e9liorer significativement le cadre de vie et la s\u00e9curit\u00e9 dans les zones et sites touristiques mais \u00e9galement de veiller au renforcement permanent de la police touristique pour mieux s\u00e9curiser les activit\u00e9s.<\/p>\n\n\n\n<p>Dans la dynamique de d\u00e9veloppement de l\u2019emploi des jeunes, le Pr\u00e9sident de la R\u00e9publique a demand\u00e9 au Gouvernement de positionner en priorit\u00e9 le tourisme dans les dispositifs du 3FPT et de la convention nationale Etat-Employeur. Il s\u2019agit aussi de soutenir l\u2019Ecole nationale de Formation h\u00f4teli\u00e8re et touristique ainsi que les centres de formation aux m\u00e9tiers du tourisme. Il a demand\u00e9 au Ministre du Tourisme et de l\u2019Artisanat et au Ministre des Finances et du Budget d\u2019\u00e9valuer, de restructurer et de renforcer le financement du tourisme \u00e0 travers le r\u00e9ajustement des interventions du cr\u00e9dit h\u00f4telier, m\u00e9canisme qui doit asseoir la relance rapide et le d\u00e9veloppement durable du secteur. Il a, par ailleurs, indiqu\u00e9 au Ministre du Tourisme de travailler en relation avec le Ministre des Transports a\u00e9riens, le secteur priv\u00e9 et les compagnies a\u00e9riennes, \u00e0 l\u2019organisation annuelle au S\u00e9n\u00e9gal, d\u2019un grand salon international du tourisme afin de promouvoir la \u00ab destination S\u00e9n\u00e9gal \u00bb mais aussi d\u00e9velopper le tourisme int\u00e9rieur.<\/p>\n\n\n\n<p>Le Chef de l\u2019Etat est enfin revenu sur le cinquantenaire de l\u2019Institut s\u00e9n\u00e9galais de Recherches agricoles. Il a saisi cette occasion pour adresser ses chaleureuses f\u00e9licitations et ses encouragements \u00e0 l\u2019ensemble des personnels scientifique, technique et administratif de l\u2019ISRA. Il a demand\u00e9 au Ministre de l\u2019Agriculture, de la Souverainet\u00e9 alimentaire et de&nbsp;l\u2019Elevage et au Ministre des Finances et du Budget d\u2019accentuer le renforcement des moyens d\u2019intervention et la transformation de l\u2019ISRA en vue de consolider la place strat\u00e9gique de l\u2019\u00e9tablissement public dans la recherche sur les productions v\u00e9g\u00e9tales, animales et halieutiques, la reconstitution du capital semencier et l\u2019acc\u00e9l\u00e9ration de la mise en \u0153uvre des politiques et programmes de souverainet\u00e9 alimentaire.<\/p>\n\n\n\n<p>Le Pr\u00e9sident de la R\u00e9publique a f\u00e9licit\u00e9 l\u2019\u00e9quipe nationale de \u00ab Beach soccer \u00bb pour avoir brillamment remport\u00e9 son huiti\u00e8me titre continental et l\u2019\u00e9quipe nationale de football U17 qui a assur\u00e9 sa qualification \u00e0 la CAN 2025 et remport\u00e9 le troph\u00e9e UFOA\/A.<\/p>\n\n\n\n<p>Le Chef de l\u2019Etat a inform\u00e9 le Conseil qu\u2019il pr\u00e9sidera la journ\u00e9e des Arm\u00e9es au Camp Dial DIOP le vendredi 08 novembre 2024.<\/p>\n\n\n\n<p>Enfin, le Pr\u00e9sident de la R\u00e9publique est revenu sur ses s\u00e9jours au Royaume d\u2019Arabie saoudite et en R\u00e9publique de T\u00fcrkiye marqu\u00e9s par des \u00e9changes fructueux et l\u2019engagement de leurs dirigeants respectifs, Son Altesse Royale Mohamed Ben Salman et le Pr\u00e9sident Recep Tayyip Erdo\u011fan, \u00e0 soutenir notre pays dans la mise en \u0153uvre de la \u00ab Vision S\u00e9n\u00e9gal 2050 \u00bb.<\/p>\n\n\n\n<p>En marge de son s\u00e9jour en Arabie saoudite, le Pr\u00e9sident de la R\u00e9publique a effectu\u00e9 la Oumra \u00e0 la Mecque et la Ziara au Proph\u00e8te Mouhammad (SAS) \u00e0 M\u00e9dine. A cette occasion, le Gardien des deux Saintes Mosqu\u00e9es, le Roi Salman Ben Abdelaziz AL SAOUD lui a fait une faveur exceptionnelle en ordonnant l\u2019ouverture de la Kaaba. Cela t\u00e9moigne des liens privil\u00e9gi\u00e9s qui unissent nos deux pays et de la haute estime ainsi que de l\u2019attachement des Autorit\u00e9s saoudiennes pour le S\u00e9n\u00e9gal.<\/p>\n\n\n\n<p>Le Pr\u00e9sident de la R\u00e9publique a aussi appr\u00e9ci\u00e9 la chaleur et les marques d\u2019attention du Pr\u00e9sident Erdogan, ainsi que la qualit\u00e9 de leurs \u00e9changes qui ont port\u00e9, entre autres, sur les voies et moyens d\u2019approfondir le partenariat qui lie le S\u00e9n\u00e9gal et la T\u00fcrkiye.<\/p>\n\n\n\n<h1 class=\"wp-block-heading\">AU TITRE DES COMUNICATIONS DES MINISTRES :<\/h1>\n\n\n\n<ul class=\"wp-block-list\">\n<li>Le Ministre de l\u2019Int\u00e9rieur et de la S\u00e9curit\u00e9 publique a fait le point sur le processus \u00e9lectoral et sur les crues des fleuves S\u00e9n\u00e9gal, Gambie et Casamance ;<\/li>\n\n\n\n<li>Le Ministre de l\u2019Hydraulique et de l\u2019Assainissement a fait la situation hebdomadaire de la gestion des inondations ;<\/li>\n\n\n\n<li>Le Ministre de la Famille et des Solidarit\u00e9s a fait une communication sur le syst\u00e8me de Protection sociale au S\u00e9n\u00e9gal.<\/li>\n<\/ul>\n\n\n\n<h1 class=\"wp-block-heading\">AU TITRE DES MESURES INDIVIDUELLES,<\/h1>\n\n\n\n<p><strong>Le Pr\u00e9sident de la R\u00e9publique a pris les d\u00e9cisions suivantes :<\/strong><\/p>\n\n\n\n<h1 class=\"wp-block-heading\">Au titre du Minist\u00e8re de l\u2019Int\u00e9rieur et de la S\u00e9curit\u00e9 publique :<\/h1>\n\n\n\n<ul class=\"wp-block-list\">\n<li><strong>Monsieur Oumar Ngalla NDIAYE<\/strong>, Administrateur civil, matricule de solde n\u00b0722 189\/E, pr\u00e9c\u00e9demment Adjoint au Gouverneur de la r\u00e9gion de S\u00e9dhiou charg\u00e9 des Affaires administratives, est nomm\u00e9 Adjoint au Gouverneur de la r\u00e9gion de Dakar charg\u00e9 des Affaires administratives, poste vacant ;<\/li>\n\n\n\n<li><strong>Monsieur Georges Samba FAYE<\/strong>, Administrateur civil, maTricule de solde n\u00b0722 161\/K, pr\u00e9c\u00e9demment Adjoint au Gouverneur de la r\u00e9gion de K\u00e9dougou charg\u00e9 des Affaires administratives, est nomm\u00e9 Adjoint au Gouverneur de la r\u00e9gion de Thi\u00e8s charg\u00e9 des Affaires administratives, poste vacant ;<\/li>\n\n\n\n<li><strong>Monsieur Sidy Guiss\u00e9 DIONGUE<\/strong>, Administrateur civil, matricule de solde n\u00b0516 355\/G, pr\u00e9c\u00e9demment Adjoint au Gouverneur de la r\u00e9gion de Ziguinchor charg\u00e9 des Affaires administratives, est nomm\u00e9 Adjoint au Gouverneur de la r\u00e9gion de Saint-Louis charg\u00e9 des Affaires administratives, poste vacant ;<\/li>\n\n\n\n<li><strong>Madame Digou Yala Mathilde SADIO<\/strong>, Administrateur civil, matricule de solde n\u00b0744 879\/C, pr\u00e9c\u00e9demment en service \u00e0 la Direction g\u00e9n\u00e9rale de l\u2019Administration territoriale, est nomm\u00e9e Adjoint au Gouverneur de la r\u00e9gion de Dakar charg\u00e9 du d\u00e9veloppement, poste vacant ;<\/li>\n\n\n\n<li><strong>Monsieur Ababacar Sadikh NIANG<\/strong>, Administrateur civil, matricule de solde n\u00b0744 900\/B, pr\u00e9c\u00e9demment en service \u00e0 la Direction g\u00e9n\u00e9rale de l\u2019Administration territoriale, est nomm\u00e9 Adjoint au Gouverneur de la r\u00e9gion de Thi\u00e8s charg\u00e9 du d\u00e9veloppement, poste vacant ;<\/li>\n\n\n\n<li><strong>Monsieur Dominique Coumba Ndoff\u00e8ne Diouf<\/strong>, Administrateur civil, matricule de solde n\u00b0744 970\/E, pr\u00e9c\u00e9demment en service \u00e0 la Direction g\u00e9n\u00e9rale de l\u2019Administration territoriale, est nomm\u00e9 Adjoint au Gouverneur de la r\u00e9gion de Fatick charg\u00e9 du d\u00e9veloppement, poste vacant ;<\/li>\n\n\n\n<li><strong>Monsieur Mamadou Habib KAMARA,\u00a0<\/strong>Administrateur civil, matricule de solde n\u00b0716 358\/F, pr\u00e9c\u00e9demment en service \u00e0 la Direction g\u00e9n\u00e9rale de l\u2019Administration territoriale, est nomm\u00e9 Adjoint au Gouverneur de la r\u00e9gion de Kaolack charg\u00e9 du d\u00e9veloppement, poste vacant ;<\/li>\n\n\n\n<li><strong>Monsieur Als\u00e9ny BANGOURA<\/strong>, Administrateur civil, matricule de solde n\u00b0653 091\/L, pr\u00e9c\u00e9demment en service \u00e0 la Direction g\u00e9n\u00e9rale de l\u2019Administration territoriale, est nomm\u00e9 Adjoint au Gouverneur de la r\u00e9gion de Ziguinchor charg\u00e9 du d\u00e9veloppement, poste vacant ;<\/li>\n\n\n\n<li><strong>Monsieur El Hadji Mouhamadoul Moustapha GAYE<\/strong>, Administrateur civil, matricule de solde n\u00b0744 927\/G, pr\u00e9c\u00e9demment en service \u00e0 la Direction g\u00e9n\u00e9rale de l\u2019Administration territoriale, est nomm\u00e9 Adjoint au Gouverneur de la r\u00e9gion de K\u00e9dougou charg\u00e9 du d\u00e9veloppement, poste vacant ;<\/li>\n\n\n\n<li><strong>Madame Diarryatou NDIAYE<\/strong>, Administrateur civil, matricule de solde n\u00b0737 811\/C, pr\u00e9c\u00e9demment en service \u00e0 la Direction g\u00e9n\u00e9rale de l\u2019Administration territoriale, est nomm\u00e9e Adjoint au Gouverneur de la r\u00e9gion de Tambacounda charg\u00e9 du d\u00e9veloppement, poste vacant ;<\/li>\n\n\n\n<li><strong>Monsieur Papa La\u00efty MAR<\/strong>, Administrateur civil, matricule de solde n\u00b0650 042\/C, pr\u00e9c\u00e9demment en service \u00e0 la Direction g\u00e9n\u00e9rale de l\u2019Administration territoriale, est nomm\u00e9 Adjoint au Gouverneur de la r\u00e9gion de Louga charg\u00e9 du d\u00e9veloppement, poste vacant ;<\/li>\n\n\n\n<li><strong>Monsieur Djibril DIOP<\/strong>, Administrateur civil, matricule de solde n\u00b0718 238\/G, pr\u00e9c\u00e9demment en service \u00e0 la Direction g\u00e9n\u00e9rale de l\u2019Administration territoriale, est nomm\u00e9 Adjoint au Gouverneur de la r\u00e9gion de Diourbel charg\u00e9 du d\u00e9veloppement, poste vacant ;<\/li>\n\n\n\n<li><strong>Madame Lala CAMARA<\/strong>, Administrateur civil, matricule de solde n\u00b0744 941\/A, pr\u00e9c\u00e9demment en service \u00e0 la Direction g\u00e9n\u00e9rale de l\u2019Administration territoriale, est nomm\u00e9e Adjoint au Gouverneur de la r\u00e9gion de Kaffrine charg\u00e9 du d\u00e9veloppement, poste vacant ;<\/li>\n\n\n\n<li><strong>Monsieur Tafsir Baba ANNE<\/strong>, Administrateur civil, matricule de solde n\u00b0744 939\/H, pr\u00e9c\u00e9demment en service \u00e0 la Direction g\u00e9n\u00e9rale de l\u2019Administration territoriale, est nomm\u00e9 Adjoint au Gouverneur de la r\u00e9gion de Matam charg\u00e9 du d\u00e9veloppement, poste vacant ;<\/li>\n\n\n\n<li><strong>Monsieur Bonaventure KALAMO<\/strong>, Administrateur civil, matricule de solde n\u00b0683 111\/Z, pr\u00e9c\u00e9demment en service \u00e0 la Direction g\u00e9n\u00e9rale de l\u2019Administration territoriale, est nomm\u00e9 Adjoint au Gouverneur de la r\u00e9gion de Kolda charg\u00e9 du d\u00e9veloppement, poste vacant ;<\/li>\n\n\n\n<li><strong>Monsieur Ba Ousmane DANFAKHA<\/strong>, Administrateur civil, matricule de solde n\u00b0746 039\/C, pr\u00e9c\u00e9demment en service \u00e0 la Direction g\u00e9n\u00e9rale de l\u2019Administration territoriale, est nomm\u00e9 Adjoint au Gouverneur de la r\u00e9gion de S\u00e9dhiou charg\u00e9 du d\u00e9veloppement, poste vacant ;<\/li>\n\n\n\n<li><strong>Monsieur Cheikh NDIAYE<\/strong>, Instituteur, matricule de solde n\u00b0 609 092\/V, est nomm\u00e9 Adjoint au Sous-pr\u00e9fet de l\u2019Arrondissement de Ta\u00eff, D\u00e9partement de Mback\u00e9, poste vacant ;<\/li>\n\n\n\n<li><strong>Monsieur Bernard THIOMBANE<\/strong>, Assistant social, matricule de solde n\u00b0 631 714\/F, est nomm\u00e9 Adjoint au Sous-pr\u00e9fet de l\u2019Arrondissement de Kael, D\u00e9partement de Mback\u00e9, poste vacant ;<\/li>\n\n\n\n<li><strong>Monsieur Oumar DIOP<\/strong>, Instituteur, matricule de solde n\u00b0 627 373\/L, est nomm\u00e9 Adjoint au Sous-pr\u00e9fet de l\u2019Arrondissement de Ndorna, D\u00e9partement de M\u00e9dina Yoro Foulah, poste vacant ;<\/li>\n\n\n\n<li><strong>Monsieur Abdoulaye NDAO<\/strong>, Instituteur, matricule de solde n\u00b0 635 917\/G, est nomm\u00e9 Adjoint au Sous-pr\u00e9fet de l\u2019Arrondissement de Mampatim, D\u00e9partement de Kolda, poste vacant ;<\/li>\n\n\n\n<li><strong>Monsieur Papa Oumar SALL<\/strong>, Instituteur, matricule de solde n\u00b0 629 049\/H, est nomm\u00e9 Adjoint au Sous-pr\u00e9fet de l\u2019Arrondissement de Thill\u00e9 Boubacar, D\u00e9partement de Podor, poste vacant ;<\/li>\n\n\n\n<li><strong>Monsieur Brino Alouise TOUPANE<\/strong>, Instituteur, matricule de solde n\u00b0 626 790\/L, est nomm\u00e9 Adjoint au Sous-pr\u00e9fet de l\u2019Arrondissement de Boynguel Bamba, D\u00e9partement de Goudiry, poste vacant ;<\/li>\n\n\n\n<li><strong>Monsieur Damien DIEDHIOU<\/strong>, Instituteur, matricule de solde n\u00b0 669 342\/H, est nomm\u00e9 Adjoint au Sous-pr\u00e9fet de l\u2019Arrondissement de Tendouck, D\u00e9partement de Bignona, poste vacant ;<\/li>\n\n\n\n<li><strong>Monsieur Joseph DIATTA<\/strong>, Professeur d\u2019Enseignement moyen, matricule de solde n\u00b0 626 809\/G, est nomm\u00e9 Adjoint au Sous-pr\u00e9fet de l\u2019Arrondissement de Cabrousse, D\u00e9partement d\u2019Oussouye, poste vacant ;<\/li>\n\n\n\n<li><strong>Monsieur Ndiaw GNINGUE<\/strong>, Instituteur, matricule de solde n\u00b0 639 458\/E, est nomm\u00e9 Adjoint au Sous-pr\u00e9fet de l\u2019Arrondissement de Niakh\u00e8ne, D\u00e9partement de Tivaouane, poste vacant ;<\/li>\n\n\n\n<li><strong>Monsieur Kamire Arnaud MANEL<\/strong>, Instituteur, matricule de solde n\u00b0 677 251\/H, est nomm\u00e9 Adjoint au Sous-pr\u00e9fet de l\u2019Arrondissement de Loudia Ouoloff, D\u00e9partement d\u2019Oussouye, poste vacant ;<\/li>\n\n\n\n<li><strong>Monsieur Lamine MANE<\/strong>, Ma\u00eetre d\u2019enseignement Technique professionnel, matricule de solde 641 238\/D, est nomm\u00e9 Adjoint au Sous-pr\u00e9fet de Agnam Civol, D\u00e9partement de Matam, en remplacement de Monsieur Mor Dior GUEYE, appel\u00e9 \u00e0 d\u2019autres fonctions.<\/li>\n<\/ul>\n\n\n\n<p>Le Ministre de la Formation Professionnelle, <br>Porte-Parole du Gouvernement <br>Amadou Moustapha Njekk SARRE.<\/p>\n","protected":false},"excerpt":{"rendered":"<p>Le Chef de l\u2019Etat, Son Excellence, Monsieur Bassirou Diomaye Diakhar FAYE a pr\u00e9sid\u00e9, ce mercredi 06 novembre 2024, la r\u00e9union<\/p>\n","protected":false},"author":1,"featured_media":43464,"comment_status":"open","ping_status":"open","sticky":false,"template":"","format":"standard","meta":{"footnotes":""},"categories":[6],"tags":[],"class_list":["post-45834","post","type-post","status-publish","format-standard","has-post-thumbnail","hentry","category-politics"],"_links":{"self":[{"href":"https:\/\/dekkbi.com\/index.php?rest_route=\/wp\/v2\/posts\/45834","targetHints":{"allow":["GET"]}}],"collection":[{"href":"https:\/\/dekkbi.com\/index.php?rest_route=\/wp\/v2\/posts"}],"about":[{"href":"https:\/\/dekkbi.com\/index.php?rest_route=\/wp\/v2\/types\/post"}],"author":[{"embeddable":true,"href":"https:\/\/dekkbi.com\/index.php?rest_route=\/wp\/v2\/users\/1"}],"replies":[{"embeddable":true,"href":"https:\/\/dekkbi.com\/index.php?rest_route=%2Fwp%2Fv2%2Fcomments&post=45834"}],"version-history":[{"count":1,"href":"https:\/\/dekkbi.com\/index.php?rest_route=\/wp\/v2\/posts\/45834\/revisions"}],"predecessor-version":[{"id":45835,"href":"https:\/\/dekkbi.com\/index.php?rest_route=\/wp\/v2\/posts\/45834\/revisions\/45835"}],"wp:featuredmedia":[{"embeddable":true,"href":"https:\/\/dekkbi.com\/index.php?rest_route=\/wp\/v2\/media\/43464"}],"wp:attachment":[{"href":"https:\/\/dekkbi.com\/index.php?rest_route=%2Fwp%2Fv2%2Fmedia&parent=45834"}],"wp:term":[{"taxonomy":"category","embeddable":true,"href":"https:\/\/dekkbi.com\/index.php?rest_route=%2Fwp%2Fv2%2Fcategories&post=45834"},{"taxonomy":"post_tag","embeddable":true,"href":"https:\/\/dekkbi.com\/index.php?rest_route=%2Fwp%2Fv2%2Ftags&post=45834"}],"curies":[{"name":"wp","href":"https:\/\/api.w.org\/{rel}","templated":true}]}}