{"id":45772,"date":"2024-11-06T10:32:02","date_gmt":"2024-11-06T10:32:02","guid":{"rendered":"https:\/\/dekkbi.com\/?p=45772"},"modified":"2024-11-06T10:32:03","modified_gmt":"2024-11-06T10:32:03","slug":"lintegralite-du-message-de-macky-sall-tete-de-liste-de-la-coalition-takku-wallu-senegal","status":"publish","type":"post","link":"https:\/\/dekkbi.com\/?p=45772","title":{"rendered":"L\u2019int\u00e9gralit\u00e9 du message de Macky Sall, t\u00eate de liste de la Coalition Takku-Wallu S\u00e9n\u00e9gal"},"content":{"rendered":"\n<p><strong>\u00ab Mes chers compatriotes du S\u00e9n\u00e9gal et de la diaspora,<\/strong><\/p>\n\n\n\n<p>Avant tout propos, je tiens \u00e0 renouveler ma solidarit\u00e9 et ma compassion \u00e0 nos concitoyens victimes des inondations.<\/p>\n\n\n\n<p>Alors que la campagne \u00e9lectorale pour les l\u00e9gislatives du 17 novembre bat son plein, j\u2019ai souhait\u00e9 m&rsquo;adresser \u00e0 vous, pour vous entretenir des raisons qui m\u2019ont d\u00e9termin\u00e9 \u00e0 accepter de diriger la liste de la coalition Takku Wallu S\u00e9n\u00e9gal.<\/p>\n\n\n\n<p>En avril dernier, apr\u00e8s votre choix souverain du 24 mars, et fid\u00e8le \u00e0 notre tradition de d\u00e9mocratie majeure et apais\u00e9e, j\u2019ai assur\u00e9 la transmission ordonn\u00e9e et pacifique du pouvoir.<\/p>\n\n\n\n<p>Dans le m\u00eame esprit, par courtoisie r\u00e9publicaine, je me suis impos\u00e9 un temps de recul et de r\u00e9serve, pour permettre \u00e0 mon successeur et \u00e0 son gouvernement, de commencer en toute s\u00e9r\u00e9nit\u00e9, l\u2019exercice de leur mandat.<\/p>\n\n\n\n<p>Avec le soutien d\u2019hommes et de femmes de valeurs, d\u00e9vou\u00e9s et comp\u00e9tents, j\u2019ai laiss\u00e9 un pays r\u00e9solument install\u00e9 sur la trajectoire de l\u2019\u00e9mergence, avec une des rares \u00e9conomies au monde \u00e0 afficher un taux de croissance positif, apr\u00e8s l\u2019impact ravageur de la COVID-19 et malgr\u00e9 les effets collat\u00e9raux d\u2019une guerre majeure.<\/p>\n\n\n\n<p>J\u2019ai laiss\u00e9 un pays apais\u00e9, avec une loi d\u2019amnistie adopt\u00e9e dans un esprit de pardon et de r\u00e9conciliation nationale, apr\u00e8s trois ann\u00e9es de violences destructrices.<\/p>\n\n\n\n<p>J\u2019ai lass\u00e9 un pays dont la parole compte au plan international, un pays \u00e9cout\u00e9 et respect\u00e9 par ses partenaires bilat\u00e9raux et multilat\u00e9raux.<\/p>\n\n\n\n<p>J\u2019ai laiss\u00e9 un pays dont la gouvernance publique et la s\u00e9curit\u00e9 juridique inspirent la confiance propice \u00e0 l\u2019investissement, qui g\u00e9n\u00e8re la croissance et l\u2019emploi.<\/p>\n\n\n\n<p>J\u2019ai laiss\u00e9 un pays dont la fonction publique, toutes cat\u00e9gories confondues, a \u00e9t\u00e9 renforc\u00e9e en effectifs et revaloris\u00e9e en traitement.<\/p>\n\n\n\n<p>J\u2019ai laiss\u00e9 un pays avec des infrastructures structurantes, indispensables au d\u00e9veloppement \u00e9conomique et social : des routes, des autoroutes, des ponts et pistes de d\u00e9senclavement, le TER, le BRT, des centrales \u00e9lectriques, des a\u00e9roports modernes, le plus grand investissement priv\u00e9 de l\u2019histoire de notre pays ,avec le chantier du Port du Futur \u00e0 Ndayane, un projet de dessalement d\u2019eau mer en partenariat public-priv\u00e9, de nouvelles universit\u00e9s, des h\u00f4pitaux clefs en mains, des infrastructures sportives de derni\u00e8re g\u00e9n\u00e9ration et un projet finalis\u00e9 de conqu\u00eate de l\u2019espace, qui a abouti au lancement du premier satellite de notre pays.<\/p>\n\n\n\n<p>J\u2019ai laiss\u00e9 un pays avec des instruments d\u2019inclusion \u00e9conomique et de justice sociale op\u00e9rationnels, notamment la DER\/FJ, le 3FPT, le programme X\u00ebyu ndaw yi, les Bourses de s\u00e9curit\u00e9 familiale et la Couverture maladie universelle.<\/p>\n\n\n\n<p>Huit mois apr\u00e8s, h\u00e9las, nous constatons tous avec regret, que ces acquis sont gravement menac\u00e9s : l\u2019\u00e9conomie est en berne, comme en t\u00e9moignent la situation catastrophique de l\u2019agriculture, de l\u2019\u00e9levage, de la p\u00eache, de l\u2019artisanat, du petit commerce, qui occupent des millions de compatriotes et celle du BTP, avec des milliers d\u2019ouvriers au ch\u00f4mage et autant d\u2019activit\u00e9s connexes qui sont \u00e0 l\u2019arr\u00eat.<\/p>\n\n\n\n<p>Huit mois apr\u00e8s, et deux fois en l\u2019espace de quelques semaines, la note souveraine de notre pays a \u00e9t\u00e9 d\u00e9grad\u00e9e par deux agences d\u2019\u00e9valuation, suite \u00e0 des affirmations intempestives, calomnieuses et sans fondement, dont la derni\u00e8re, encore plus grotesque, qui porte sur un pr\u00e9tendu compte bancaire aux mille milliards FCfa a \u00e9t\u00e9 vite d\u00e9mentie par des professionnels de la banque et n\u2019a pu tromper personne. Au m\u00eame moment, les scandales pr\u00e9sum\u00e9s de l\u2019ONAS et de l\u2019ASER tardent \u00e0 \u00eatre \u00e9lucid\u00e9s.<\/p>\n\n\n\n<p>Voil\u00e0 ce qui n\u2019inspire la confiance d\u2019aucun bailleur, ni investisseur. Voil\u00e0 ce qui va assombrir davantage les perspectives de l\u2019\u00e9conomie nationale, mettre en p\u00e9ril des entreprises et des emplois, aggraver le ch\u00f4mage des jeunes et tuer \u00e0 petit feu, le secteur priv\u00e9, formel et informel.<\/p>\n\n\n\n<p>Aujourd\u2019hui, mes chers compatriotes, le reniement, le populisme, les contre-v\u00e9rit\u00e9s et la manipulation, tiennent lieu de mode de gouvernance, comme hier, ils avaient servi de promesses \u00e9lectoralistes.<\/p>\n\n\n\n<p>Aujourd\u2019hui, le temps de la parole st\u00e9rile a remplac\u00e9 le temps de l\u2019action utile aux populations, au moment o\u00f9 des urgences sont partout signal\u00e9es et des compatriotes victimes des inondations, appellent d\u00e9sesp\u00e9r\u00e9ment au secours.<\/p>\n\n\n\n<p>Aujourd\u2019hui, celui qui vous avait dit qu\u2019il n\u2019a pas besoin d\u2019\u00e9tat de gr\u00e2ce pour r\u00e9gler imm\u00e9diatement tous vos probl\u00e8mes, vous demande de patienter, en vous disant droit dans les yeux, que m\u00eame un mandat ne suffirait pas pour diminuer le co\u00fbt de la vie et r\u00e9soudre vos difficult\u00e9s.<\/p>\n\n\n\n<p>Aujourd\u2019hui, celui qui vous avait promis le paradis sur terre, peine \u00e0 payer les bourses des \u00e9tudiants et celles de la s\u00e9curit\u00e9 familiale.<\/p>\n\n\n\n<p>Aujourd\u2019hui, celui qui vous avait dit qu\u2019il ne faut pas donner au pouvoir ex\u00e9cutif la majorit\u00e9 \u00e0 l\u2019assembl\u00e9e nationale, vous r\u00e9clame une majorit\u00e9 \u00e9crasante.<\/p>\n\n\n\n<p>Aujourd\u2019hui, celui qui vous avait promis son PROJET comme solution miracle \u00e0 tous vos maux, s\u2019est finalement r\u00e9sign\u00e9 \u00e0 une mauvaise copie du Plan S\u00e9n\u00e9gal Emergent ; une copie sans coh\u00e9rence ni ambition, qui fait reculer notre objectif d\u2019\u00e9mergence de 2035 \u00e0 2050. Bref, les VARS se suivent, innombrables, r\u00e9v\u00e9lant au grand jour, les limites d\u2019une gouvernance incoh\u00e9rente, tatillonne et calamiteuse.<\/p>\n\n\n\n<p>Faut-il encore croire \u00e0 de nouveaux engagements et de nouvelles promesses sans lendemain ? Assur\u00e9ment non.<\/p>\n\n\n\n<p>Et notre pays ne va pas mieux sur le plan institutionnel. L\u2019Assembl\u00e9e nationale a \u00e9t\u00e9 dissoute dans un jeu de cache-cache indigne de l\u2019Etat et de la R\u00e9publique, alors m\u00eame qu\u2019elle \u00e9tait r\u00e9guli\u00e8rement convoqu\u00e9e en session extraordinaire et que la D\u00e9claration de politique g\u00e9n\u00e9rale du premier Ministre \u00e9tait inscrite en bonne et due forme \u00e0 son ordre du jour.<\/p>\n\n\n\n<p>Ce triste \u00e9pisode confirme le dysfonctionnement de nos institutions, englu\u00e9es dans une grave inversion des r\u00f4les entre le Premier ministre et le Chef de l\u2019Etat, dont la remise en cause publique des d\u00e9cisions par des ex\u00e9cutants, en est un exemple patent.<\/p>\n\n\n\n<p>Je n\u2019oublie pas les r\u00e8glements de compte inflig\u00e9s \u00e0 des agents de l\u2019Etat, les arrestations et sanctions arbitraires, les violences et menaces contre des opposants et toute voix discordante, les vaines tentatives de mus\u00e8lement de la presse, ainsi que les attaques r\u00e9p\u00e9t\u00e9es et impunies contre nos communaut\u00e9s religieuses<\/p>\n\n\n\n<p>Je vous le dis avec gravit\u00e9, mes chers compatriotes : autant de d\u00e9rives et de d\u00e9rapages en si peu de temps, n\u2019augurent rien de bon. Liy raam ci \u00f1ak bi la j\u00ebm. Le populisme et l\u2019autoritarisme m\u00e8nent directement \u00e0 la dictature, \u00e0 la destruction des fondements de notre d\u00e9mocratie, de notre \u00e9conomie et de notre vivre ensemble dans la paix, la libert\u00e9 et la coh\u00e9sion nationale ; autant d\u2019id\u00e9aux et de valeurs que nous ch\u00e9rissons et qui fondent notre h\u00e9ritage commun.<\/p>\n\n\n\n<p>Ces id\u00e9aux et valeurs qui nous rassemblent, nous ne pouvons les laisser d\u00e9p\u00e9rir, parce que c\u2019est un h\u00e9ritage re\u00e7u des anciens, un h\u00e9ritage qui nous sert de viatique sur le chemin qui nous r\u00e9unit et un h\u00e9ritage que nous devons transmettre aux g\u00e9n\u00e9rations futures.<\/p>\n\n\n\n<p>Devant ce tableau sombre, j\u2019aurais pu ne pas agir, rester dans le confort de ma r\u00e9serve et garder la distance par rapport aux affaires nationales. Ce serait fuir mes responsabilit\u00e9s de citoyen suffisamment averti des affaires de l\u2019Etat, de la R\u00e9publique et de la Nation, \u00e0 l\u2019\u00e9preuve du pouvoir.<\/p>\n\n\n\n<p>Voil\u00e0, mes chers compatriotes, ce qui a justifi\u00e9 ma d\u00e9cision d\u2019accepter de diriger la grande coalition Takku Wallu S\u00e9n\u00e9gal, avec des hommes et des femmes d\u2019exp\u00e9rience, non pour un quelconque positionnement politique, mais pour cr\u00e9er les conditions d&rsquo;un sursaut citoyen d&rsquo;envergure, qui transcende les clivages partisans, afin de nous mobiliser tous pour enrayer les dangers qui s\u2019accumulent sur notre pays et engager les redressements n\u00e9cessaires.<\/p>\n\n\n\n<p>Sur cette base, si vous lui accordez votre confiance le 17 novembre, la coalition Takku Wallu S\u00e9n\u00e9gal prend les engagements suivants :<\/p>\n\n\n\n<p>\u27a2\uf0a0Premi\u00e8rement, la restauration du fonctionnement r\u00e9gulier des Institution de la R\u00e9publique et de la stabilit\u00e9 nationale, par la mise en place d\u2019un Gouvernement d\u2019Union, de Stabilit\u00e9 et de R\u00e9conciliation nationales, qui travaillera en bonne intelligence avec le pr\u00e9sident de la R\u00e9publique, dans l\u2019int\u00e9r\u00eat sup\u00e9rieur de la nation ;<\/p>\n\n\n\n<p>\u27a2\uf0a0Deuxi\u00e8mement, la convocation, dans les trois mois qui suivent, des Assises de la R\u00e9conciliation et de la Stabilit\u00e9 nationales, associant toutes les forces vives de la nation ;<\/p>\n\n\n\n<p>\u27a2\uf0a0Troisi\u00e8mement, un Programme d\u2019urgence en faveur des impact\u00e9s des inondations ;<\/p>\n\n\n\n<p>\u27a2\uf0a0Quatri\u00e8mement, un Programme d\u2019urgence pour la formation professionnelle, l\u2019entreprenariat et l\u2019emploi des jeunes, la lutte contre l\u2019\u00e9migration clandestine et l\u2019institution d\u2019un m\u00e9canisme de soutien aux jeunes dipl\u00f4m\u00e9s de l\u2019enseignement sup\u00e9rieur, en attendant leur insertion ;<\/p>\n\n\n\n<p>\u27a2\uf0a0Cinqui\u00e8mement, un Programme de rationalisation des Institutions et de r\u00e9duction du train de vie de l\u2019Etat et du Secteur parapublic ;<\/p>\n\n\n\n<p>\u27a2\uf0a0Sixi\u00e8mement, la r\u00e9duction du co\u00fbt de la vie par la ma\u00eetrise de l\u2019inflation des prix des denr\u00e9es de premi\u00e8re n\u00e9cessit\u00e9 ;<\/p>\n\n\n\n<p>\u27a2\uf0a0Septi\u00e8mement, l\u2019acc\u00e9l\u00e9ration de la mise en \u0153uvre des programmes, projets et r\u00e9formes phares du PSE et la reprise de tous les chantiers \u00e0 l\u2019arr\u00eat.<\/p>\n\n\n\n<p>Toutes ces mesures sont \u00e0 notre port\u00e9e. Et la coalition TakkuWallu S\u00e9n\u00e9gal dont toutes les composantes sont habitu\u00e9es \u00e0 la gestion des affaires publiques, est suffisamment pr\u00e9par\u00e9e \u00e0 leur mise en \u0153uvre imm\u00e9diate.<\/p>\n\n\n\n<p>Ce faisant, nous restons convaincus qu\u2019en d\u00e9mocratie, ce qui doit pr\u00e9dominer, c\u2019est le d\u00e9bat d\u2019id\u00e9es, c\u2019est la force des arguments, c\u2019est la coh\u00e9rence et la faisabilit\u00e9 des propositions. Ce qui doit \u00eatre exclu, c\u2019est la violence, c\u2019est la haine, c\u2019est le bellicisme, c\u2019est la calomnie outranci\u00e8re.<\/p>\n\n\n\n<p>C&rsquo;est l&rsquo;occasion pour moi de saluer avec respect et affection, notre doyen, le Pr\u00e9sident Abdoulaye Wade et lui rendre un vibrant hommage, pour avoir encourag\u00e9 et soutenu notre coalition.<\/p>\n\n\n\n<p>De m\u00eame, je salue et remercie l&rsquo;ensemble des leaders de partis et mouvements de notre coalition, et de l\u2019inter coalition avec qui nous partageons la volont\u00e9 de r\u00e9tablir les \u00e9quilibres de nos Institutions, aider \u00e0 faire red\u00e9marrer notre \u00e9conomie, redonner espoir \u00e0 notre jeunesse, travailler \u00e0 la r\u00e9duction du co\u00fbt de la vie et revitaliser les m\u00e9canismes d\u2019inclusion \u00e9conomique et de justice sociale.<\/p>\n\n\n\n<p>Apr\u00e8s toutes ces ann\u00e9es de tensions inutiles et de violences, le souhait ardent que je partage avec nos alli\u00e9s, c&rsquo;est qu&rsquo;au sortir de l\u2019\u00e9ch\u00e9ance d\u00e9cisive du 17 novembre, notre pays entre dans un nouveau cycle de d\u00e9mocratie apais\u00e9e, de compromis dynamique et de dialogue serein entre les Institutions.<\/p>\n\n\n\n<p>C\u2019est ainsi que nous pourrons construire ensemble le S\u00e9n\u00e9gal de nos r\u00eaves, un S\u00e9n\u00e9gal r\u00e9concili\u00e9 avec lui-m\u00eame, pour continuer sa marche r\u00e9solue vers le progr\u00e8s, dans la paix et la coh\u00e9sion nationale. C\u2019est \u00e0 cela que je vous convie, mes chers compatriotes.<\/p>\n\n\n\n<p>Vive le S\u00e9n\u00e9gal ! Vive l\u2019Afrique ! \u00bb<\/p>\n\n\n\n<p><strong>Macky Sall, t\u00eate de liste de la Coalition Takku Wallu S\u00e9n\u00e9gal<\/strong><\/p>\n","protected":false},"excerpt":{"rendered":"<p>\u00ab Mes chers compatriotes du S\u00e9n\u00e9gal et de la diaspora, Avant tout propos, je tiens \u00e0 renouveler ma solidarit\u00e9 et<\/p>\n","protected":false},"author":1,"featured_media":43922,"comment_status":"open","ping_status":"open","sticky":false,"template":"","format":"standard","meta":{"footnotes":""},"categories":[6],"tags":[],"class_list":["post-45772","post","type-post","status-publish","format-standard","has-post-thumbnail","hentry","category-politics"],"_links":{"self":[{"href":"https:\/\/dekkbi.com\/index.php?rest_route=\/wp\/v2\/posts\/45772","targetHints":{"allow":["GET"]}}],"collection":[{"href":"https:\/\/dekkbi.com\/index.php?rest_route=\/wp\/v2\/posts"}],"about":[{"href":"https:\/\/dekkbi.com\/index.php?rest_route=\/wp\/v2\/types\/post"}],"author":[{"embeddable":true,"href":"https:\/\/dekkbi.com\/index.php?rest_route=\/wp\/v2\/users\/1"}],"replies":[{"embeddable":true,"href":"https:\/\/dekkbi.com\/index.php?rest_route=%2Fwp%2Fv2%2Fcomments&post=45772"}],"version-history":[{"count":1,"href":"https:\/\/dekkbi.com\/index.php?rest_route=\/wp\/v2\/posts\/45772\/revisions"}],"predecessor-version":[{"id":45773,"href":"https:\/\/dekkbi.com\/index.php?rest_route=\/wp\/v2\/posts\/45772\/revisions\/45773"}],"wp:featuredmedia":[{"embeddable":true,"href":"https:\/\/dekkbi.com\/index.php?rest_route=\/wp\/v2\/media\/43922"}],"wp:attachment":[{"href":"https:\/\/dekkbi.com\/index.php?rest_route=%2Fwp%2Fv2%2Fmedia&parent=45772"}],"wp:term":[{"taxonomy":"category","embeddable":true,"href":"https:\/\/dekkbi.com\/index.php?rest_route=%2Fwp%2Fv2%2Fcategories&post=45772"},{"taxonomy":"post_tag","embeddable":true,"href":"https:\/\/dekkbi.com\/index.php?rest_route=%2Fwp%2Fv2%2Ftags&post=45772"}],"curies":[{"name":"wp","href":"https:\/\/api.w.org\/{rel}","templated":true}]}}