{"id":45732,"date":"2024-11-05T11:14:37","date_gmt":"2024-11-05T11:14:37","guid":{"rendered":"https:\/\/dekkbi.com\/?p=45732"},"modified":"2024-11-05T11:14:37","modified_gmt":"2024-11-05T11:14:37","slug":"inondations-meurtrieres-en-espagne-pourquoi-la-boue-represente-un-risque-supplementaire-et-complique-les-operations-de-nettoyage","status":"publish","type":"post","link":"https:\/\/dekkbi.com\/?p=45732","title":{"rendered":"Inondations meurtri\u00e8res en Espagne: pourquoi la boue repr\u00e9sente un risque suppl\u00e9mentaire et complique les op\u00e9rations de nettoyage"},"content":{"rendered":"\n<p>Une semaine apr\u00e8s la catastrophe, les autorit\u00e9s espagnoles ne peuvent toujours pas acc\u00e9der \u00e0 certaines endroits. Elles craignent une crise dans la crise avec des cons\u00e9quences sanitaires.<\/p>\n\n\n\n<p>Il y en a partout. Absolument partout. Dans les moteurs des\u00a0voitures, \u00e0 l&rsquo;int\u00e9rieur des compteurs \u00e9lectriques, dans des bidons d&rsquo;essence, au fond des poubelles et aussi sur les visages fatigu\u00e9s des sinistr\u00e9s. Une semaine est pass\u00e9e mais\u00a0les communes touch\u00e9es par les inondations meurtri\u00e8res dans le sud-est de l&rsquo;Espagne\u00a0ressemblent toujours \u00e0 un gigantesque champ de boue.\u00a0<em>\u00ab\u00a0C&rsquo;est toujours le m\u00eame mot qui me vient en t\u00eate\u00a0: apocalyptique\u00a0\u00bb<\/em>, d\u00e9crit Thierry Velu, le pr\u00e9sident de l&rsquo;ONG Groupe de secours catastrophe fran\u00e7ais, qui a d\u00e9p\u00each\u00e9 en urgence des hommes et du mat\u00e9riel sur place.<\/p>\n\n\n\n<p>La boue (\u00ab\u00a0lodo\u00a0\u00bb ou \u00ab\u00a0barro\u00a0\u00bb en espagnol) colle aux basques \u00e0 quiconque s&rsquo;aventure sur son terrain. Et ce ne sont pas les nouvelles pluies&nbsp;tr\u00e8s intenses tomb\u00e9es lundi 4 novembre qui vont arranger la situation.&nbsp;<em>\u00ab\u00a0Vu la quantit\u00e9 de boue, ce ne sont pas des pelles et des balais dont a besoin. Il faut des engins de travaux publics pour aller plus vite\u00a0\u00bb<\/em>, insiste Thierry Velu.&nbsp;Lui compare la catastrophe en cours en Espagne au tsunami de 2004 en Asie du Sud-Est.<em>&nbsp;\u00ab\u00a0J&rsquo;\u00e9tais all\u00e9 sur place, et je revois ces millions de m\u00e8tres cubes d&rsquo;eau, de gravats et de boue qui avaient tout envahi.\u00a0\u00bb<\/em><\/p>\n\n\n\n<h2 class=\"wp-block-heading\">D\u00e9tritus, produits toxiques et bact\u00e9ries<\/h2>\n\n\n\n<p>Les impressionnantes quantit\u00e9s de boue compliquent, de fait, les recherches. Sept jours apr\u00e8s, certains endroits ne sont toujours pas accessibles.&nbsp;<em>\u00ab\u00a0<\/em><em><\/em><em>Tout prend beaucoup plus de temps<\/em>, continue Thierry Velu.&nbsp;<em>Il faut d&rsquo;abord nettoyer le passage avant d&rsquo;atteindre l&rsquo;endroit en question et commencer \u00e0 l&rsquo;inspecter.\u00a0\u00bb<\/em>&nbsp;A ce jour, d&rsquo;ailleurs, les autorit\u00e9s espagnoles demeurent incapables de d\u00e9terminer le nombre de personnes port\u00e9es disparues.<\/p>\n\n\n\n<p>Cette boue, qui a atterri ce week-end\u00a0jusque sur le visage et le col de chemise du roi d&rsquo;Espagne et de son Premier ministre Pedro Sanchez, n&rsquo;est pas seulement compos\u00e9e d&rsquo;eau, de terre et des<em>\u00a0<\/em>\u00e9l\u00e9ments naturels que l&rsquo;on trouve dans une rivi\u00e8re, un fleuve ou la mer.\u00a0<em>\u00ab\u00a0Lors des inondations en milieux urbanis\u00e9s, les boues se composent de deux aspects\u00a0\u00bb<\/em>,<em>\u00a0<\/em>d\u00e9taille\u00a0Val\u00e9rie Emphoux, responsable de la gestion du risque inondation dans la communaut\u00e9 d&rsquo;agglom\u00e9ration d&rsquo;Antibes.<\/p>\n\n\n\n<p><em>\u00ab\u00a0On trouve bien s\u00fbr d<\/em><em>es graviers, des pierres, des v\u00e9g\u00e9taux, du sable, des feuilles<\/em><em>&#8230; Mais la boue va aussi se m\u00e9langer \u00e0 tou<\/em><em>t ce qu&rsquo;elle trouve sur son passage. Des&nbsp;d\u00e9tritus en tout genre, les containers d&rsquo;ordures, les m\u00e9gots de cigarettes, les fientes, les produits phytosanitaires, et m\u00eame, aussi, des cadavres d&rsquo;humains ou d&rsquo;animaux.\u00a0\u00bb<\/em><\/p>\n\n\n\n<p>A Valence, comme apr\u00e8s \u00e0 chaque&nbsp;inondation, c&rsquo;est une course contre la montre qui s&rsquo;engage.&nbsp;<em>\u00ab\u00a0Il faut si possible&nbsp;<\/em><em>nettoyer avant que les boues s\u00e8chent<\/em>,<em>&nbsp;<\/em>insiste Val\u00e9rie Emphoux.&nbsp;<em>Plus on va vite, moins les germes, moins les bact\u00e9ries ont le temps de se d\u00e9velopper. Une fois que la terre est s\u00e8che, c&rsquo;est malheureusement presque impossible de tout enlever.\u00a0\u00bb<\/em><\/p>\n\n\n\n<h2 class=\"wp-block-heading\">Des pr\u00e9cautions pour \u00e9viter les maladies<\/h2>\n\n\n\n<p>Ce m\u00e9lange h\u00e9t\u00e9rog\u00e8ne n&rsquo;est&nbsp;<em>\u00ab\u00a0\u00e9videmment\u00a0\u00bb<\/em>&nbsp;pas sans risque sanitaire. Baptiste Girardet, le pr\u00e9sident de la soci\u00e9t\u00e9 Sang-Froid, en sait quelque chose&nbsp;: son quotidien, c&rsquo;est justement d&rsquo;intervenir sur des sites traumatiques.&nbsp;<em>\u00ab\u00a0Dans ces boues contamin\u00e9es, on va retrouver des \u00e9l\u00e9ments pathog\u00e8nes, des champignons, comme l&rsquo;aspergillus qui peut rentrer par la bouche ou les yeux et provoquer de la fi\u00e8vre, de la toux, des difficult\u00e9s \u00e0 respirer.&nbsp;<\/em><em>On retrouve aussi des bact\u00e9ries type Escherischia coli. Elles peuvent provoquer des diarrh\u00e9es ou des naus\u00e9es.\u00a0\u00bb<\/em><\/p>\n\n\n\n<p>En 2018, se rappelle le professionnel, plusieurs habitants des Yvelines \u00e9taient tomb\u00e9s malades sous ses yeux lors d&rsquo;une crue de la Seine&nbsp;:&nbsp;<em>\u00ab\u00a0Ils voulaient absolument nettoyer leur domicile sans attendre le passage de l&rsquo;expert ou des secours. Certains ont \u00e9t\u00e9 pris de vomissements, de douleurs abdominales&#8230;\u00a0\u00bb&nbsp;<\/em><\/p>\n\n\n\n<figure class=\"wp-block-image\"><img decoding=\"async\" src=\"https:\/\/www.francetvinfo.fr\/pictures\/wB3AQASVSB9QFrpEgh3eq-Jp2Dk\/0x0:1024x575\/fit-in\/720x\/2024\/11\/04\/000-36lj8fp-6728f11b47933430680083.jpg\" alt=\"Des policiers espagnols poussent de la boue avec une planche de bois dans les rues d'Alfafar, pr\u00e8s de Valence, le 4 novembre 2024. (JOSE JORDAN \/ AFP)\"\/><figcaption class=\"wp-element-caption\">Des policiers espagnols poussent de la boue avec une planche de bois dans les rues d&rsquo;Alfafar, pr\u00e8s de Valence, le 4 novembre 2024.&nbsp;(JOSE JORDAN \/ AFP)<\/figcaption><\/figure>\n\n\n\n<p>Les autorit\u00e9s espagnoles\u00a0veulent \u00e0 tout prix \u00e9viter une crise dans la crise, et\u00a0prennent les risques tr\u00e8s au s\u00e9rieux.\u00a0Le minist\u00e8re de la Sant\u00e9 lui-m\u00eame a fini par publier\u00a0une liste de recommandations sanitaires(Nouvelle fen\u00eatre)\u00a0\u00e0 destination des habitants et des volontaires venus des quatre coins du pays pour donner un coup de main.\u00a0Devant les mairies, les b\u00e9n\u00e9voles ont aussi droit \u00e0 un rappel des consignes sanitaires.\u00a0Les \u00e9quipes\u00a0du Groupe de secours catastrophe fran\u00e7ais qui interviennent\u00a0sur place prennent aussi toutes les pr\u00e9cautions avant d&rsquo;aller sur le terrain\u00a0:<\/p>\n\n\n\n<p>Dans les prochains jours, il faudra redoubler de prudence au moment d&rsquo;acc\u00e9der aux derniers garages et aux parkings pas encore \u00ab\u00a0visit\u00e9s\u00a0\u00bb par les secours. Contact\u00e9 par\u00a0Cope Valencia(Nouvelle fen\u00eatre), Rafael Orti, le pr\u00e9sident de la Soci\u00e9t\u00e9 espagnole de m\u00e9decine pr\u00e9ventive, demande une extr\u00eame vigilance avec l&rsquo;eau stagnante.\u00a0<em>\u00ab\u00a0Il peut y avoir une contamination li\u00e9e \u00e0 la d\u00e9composition ou \u00e0 des produits toxiques. Des masques seraient n\u00e9cessaires, mais pas les masques habituels.\u00a0\u00bb\u00a0<\/em>Au milieu des m\u00e8tres cubes de boue, les pompiers s&rsquo;attendent \u00e0 d\u00e9couvrir \u00e0 coup s\u00fbr d&rsquo;autres victimes.<\/p>\n","protected":false},"excerpt":{"rendered":"<p>Une semaine apr\u00e8s la catastrophe, les autorit\u00e9s espagnoles ne peuvent toujours pas acc\u00e9der \u00e0 certaines endroits. Elles craignent une crise<\/p>\n","protected":false},"author":1,"featured_media":45733,"comment_status":"open","ping_status":"open","sticky":false,"template":"","format":"standard","meta":{"footnotes":""},"categories":[51],"tags":[],"class_list":["post-45732","post","type-post","status-publish","format-standard","has-post-thumbnail","hentry","category-general"],"_links":{"self":[{"href":"https:\/\/dekkbi.com\/index.php?rest_route=\/wp\/v2\/posts\/45732","targetHints":{"allow":["GET"]}}],"collection":[{"href":"https:\/\/dekkbi.com\/index.php?rest_route=\/wp\/v2\/posts"}],"about":[{"href":"https:\/\/dekkbi.com\/index.php?rest_route=\/wp\/v2\/types\/post"}],"author":[{"embeddable":true,"href":"https:\/\/dekkbi.com\/index.php?rest_route=\/wp\/v2\/users\/1"}],"replies":[{"embeddable":true,"href":"https:\/\/dekkbi.com\/index.php?rest_route=%2Fwp%2Fv2%2Fcomments&post=45732"}],"version-history":[{"count":1,"href":"https:\/\/dekkbi.com\/index.php?rest_route=\/wp\/v2\/posts\/45732\/revisions"}],"predecessor-version":[{"id":45734,"href":"https:\/\/dekkbi.com\/index.php?rest_route=\/wp\/v2\/posts\/45732\/revisions\/45734"}],"wp:featuredmedia":[{"embeddable":true,"href":"https:\/\/dekkbi.com\/index.php?rest_route=\/wp\/v2\/media\/45733"}],"wp:attachment":[{"href":"https:\/\/dekkbi.com\/index.php?rest_route=%2Fwp%2Fv2%2Fmedia&parent=45732"}],"wp:term":[{"taxonomy":"category","embeddable":true,"href":"https:\/\/dekkbi.com\/index.php?rest_route=%2Fwp%2Fv2%2Fcategories&post=45732"},{"taxonomy":"post_tag","embeddable":true,"href":"https:\/\/dekkbi.com\/index.php?rest_route=%2Fwp%2Fv2%2Ftags&post=45732"}],"curies":[{"name":"wp","href":"https:\/\/api.w.org\/{rel}","templated":true}]}}